{"id":154393,"date":"2025-06-05T16:47:10","date_gmt":"2025-06-05T16:47:10","guid":{"rendered":"https:\/\/www.europesays.com\/fr\/154393\/"},"modified":"2025-06-05T16:47:10","modified_gmt":"2025-06-05T16:47:10","slug":"monaco-bientot-placee-sur-la-liste-des-pays-a-haut-risque-par-bruxelles","status":"publish","type":"post","link":"https:\/\/www.europesays.com\/fr\/154393\/","title":{"rendered":"Monaco bient\u00f4t plac\u00e9e sur la liste des pays \u00ab\u00e0 haut risque\u00bb par Bruxelles ?"},"content":{"rendered":"<p><strong>D\u00c9CRYPTAGE &#8211;<\/strong> Dans quelques semaines, la Principaut\u00e9 pourrait appara\u00eetre aux c\u00f4t\u00e9s de l\u2019Afghanistan et de la Cor\u00e9e du Nord sur la liste europ\u00e9enne des pays qui ne remplissent pas les exigences de lutte contre le blanchiment de capitaux et le financement du terrorisme.<\/p>\n<p class=\"fig-paragraph\">La Principaut\u00e9, d\u2019\u00e0 peine 2,08 km2, se serait bien pass\u00e9e d\u2019\u00eatre sous le feu des projecteurs.\u00a0<a href=\"http:\/\/www.lefigaro.fr\/international\/a-rome-emmanuel-macron-et-giorgia-meloni-tentent-de-prendre-un-nouveau-depart-20250603\" data-fig-type=\"Article\" data-gtm-custom-categorie=\"navigation\" data-gtm-custom-action=\"crossclick\" data-gtm-custom-label=\"Contextuel\" data-gtm-event=\"customEventSPE\" data-fig-domain=\"LEFIGARO\" target=\"_blank\" rel=\"noopener\">Emmanuel Macron<\/a>\u00a0aussi, qui doit rendre visite au prince\u00a0<a href=\"http:\/\/www.lefigaro.fr\/flash-actu\/albert-ii-et-macron-rendent-hommage-a-didier-guillaume-20250123\" data-fig-type=\"NewsFlash\" data-gtm-custom-categorie=\"navigation\" data-gtm-custom-action=\"crossclick\" data-gtm-custom-label=\"Contextuel\" data-gtm-event=\"customEventSPE\" data-fig-domain=\"LEFIGARO\" target=\"_blank\" rel=\"noopener\">Albert II<\/a>\u00a0les 7 et 8 juin prochains, une premi\u00e8re depuis 1984. La raison\u00a0: une information de\u00a0<a href=\"https:\/\/www.lalettre.fr\/fr\/action-publique_executif\/2025\/06\/04\/bruxelles-place-monaco-sur-sa-liste-noire-en-matiere-de-lutte-contre-le-blanchiment,110461091-eve\" target=\"_blank\" rel=\"nofollow noopener\" data-gtm-custom-categorie=\"navigation\" data-gtm-custom-action=\"crossclick\" data-gtm-custom-label=\"Contextuel\" data-gtm-event=\"customEventSPE\">la Lettre<\/a> \u00a0publi\u00e9e mardi matin. La Commission europ\u00e9enne pr\u00e9voirait d\u2019inscrire\u00a0<a href=\"http:\/\/www.lefigaro.fr\/nice\/monaco-d-anciens-policiers-juges-pour-avoir-monnaye-d-avantageux-titres-de-residence-a-un-homme-d-affaires-belge-20250603\" data-fig-type=\"NewsFlash\" data-gtm-custom-categorie=\"navigation\" data-gtm-custom-action=\"crossclick\" data-gtm-custom-label=\"Contextuel\" data-gtm-event=\"customEventSPE\" data-fig-domain=\"LEFIGARO\" target=\"_blank\" rel=\"noopener\">Monaco\u00a0<\/a>sur la \u00abliste des juridictions de pays tiers \u00e0 haut risque\u00bb car la principaut\u00e9 ne satisferait pas les exigences de lutte contre le blanchiment de capitaux et de financement du terrorisme. Si la Commission europ\u00e9enne n\u2019a pas encore confirm\u00e9 cette actualit\u00e9, Monaco reconna\u00eet aupr\u00e8s du Figaro avoir \u00e9t\u00e9 averti d\u2019une \u00ab\u00e9ventualit\u00e9\u00bb d\u2019\u00eatre plac\u00e9e sur cette liste, afin \u00abde s\u2019y pr\u00e9parer\u00bb.<\/p>\n<p class=\"fig-paragraph\">Les enjeux sont d\u2019autant plus importants que la Principaut\u00e9 se retrouverait aux c\u00f4t\u00e9s de pays comme l\u2019<a href=\"http:\/\/www.lefigaro.fr\/culture\/saad-mohseni-il-y-a-une-competition-entre-certaines-figures-du-mouvement-taliban-informer-malgre-tout-en-aghanistan-20250511\" data-fig-type=\"Article\" data-gtm-custom-categorie=\"navigation\" data-gtm-custom-action=\"crossclick\" data-gtm-custom-label=\"Contextuel\" data-gtm-event=\"customEventSPE\" data-fig-domain=\"LEFIGARO\" target=\"_blank\" rel=\"noopener\">Afghanistan<\/a>, la\u00a0<a href=\"http:\/\/www.lefigaro.fr\/flash-actu\/la-coree-du-nord-denonce-les-inepties-choquantes-de-macron-20250605\" data-fig-type=\"NewsFlash\" data-gtm-custom-categorie=\"navigation\" data-gtm-custom-action=\"crossclick\" data-gtm-custom-label=\"Contextuel\" data-gtm-event=\"customEventSPE\" data-fig-domain=\"LEFIGARO\" target=\"_blank\" rel=\"noopener\">Cor\u00e9e du Nord<\/a>\u00a0ou le Panama, consid\u00e9r\u00e9 comme paradis fiscal pour ce dernier. Une mauvaise nouvelle pour l\u2019\u00e9conomie mon\u00e9gasque qui devrait alors renforcer ses contr\u00f4les sur \u00ables raisons des transactions\u00bb financi\u00e8res ou encore \u00absur la nature envisag\u00e9e de la relation d\u2019affaires\u00bb. \u00abLes \u00e9tablissements bancaires internationaux ont pour consigne d\u2019appliquer des mesures de vigilance compl\u00e9mentaire [sur les pays de cette liste europ\u00e9enne], quitte \u00e0 ralentir les transactions\u00bb, insiste la Lettre.<\/p>\n<p class=\"fig-premium-paywall__infos\">\n        Cet article est r\u00e9serv\u00e9 aux abonn\u00e9s.        Il vous reste 82% \u00e0 d\u00e9couvrir.\n    <\/p>\n<p>                <img  data- alt=\"Le Figaro\" class=\"fig-img--complete fig-img\"\/><\/p>\n<p class=\"fig-premium-paywall__title\">Vente Flash<\/p>\n<p class=\"fig-premium-paywall__subtitle\">3,99\u20ac par mois pendant 12 mois. Sans engagement.<\/p>\n<p class=\"fig-premium-paywall__connect\">\n                D\u00e9j\u00e0 abonn\u00e9\u00a0?                <a class=\"fig-premium-paywall__connect-link\" href=\"https:\/\/connect.lefigaro.fr\/login?client=horizon_web&amp;type=main&amp;redirect_uri=https%3A%2F%2Fwww.lefigaro.fr%2Fconjoncture%2Fblanchiment-et-terrorisme-monaco-bientot-placee-sur-la-liste-des-pays-a-haut-risque-par-bruxelles-20250605\" data-js-gtm=\"{&quot;customCategorie&quot;: &quot;conversion&quot;, &quot;customAction&quot;: &quot;before_Landing_Connexion_paywall_manuel&quot;, &quot;customLabel&quot;: &quot;bGVmaWdhcm8uZnJfXzFmMDQxZWU0LWU5ZjQtNmJhZS1iOGFiLWQ1OTQwNzJlNjAwOF9fTmV3c0ZsYXNo_Blanchiment et terrorisme\u00a0: Monaco bient\u00f4t plac\u00e9e sur la liste des pays \u00ab\u00e0 haut risque\u00bb par Bruxelles\u00a0?_867&quot;, &quot;customIDSPE&quot;: &quot;bGVmaWdhcm8uZnJfXzFmMDQxZWU0LWU5ZjQtNmJhZS1iOGFiLWQ1OTQwNzJlNjAwOF9fTmV3c0ZsYXNo&quot;, &quot;event&quot;: &quot;customEventSPE&quot;}\" target=\"_blank\" rel=\"noopener\"><br \/>\n                    Connectez-vous<br \/>\n                <\/a>\n            <\/p>\n","protected":false},"excerpt":{"rendered":"D\u00c9CRYPTAGE &#8211; Dans quelques semaines, la Principaut\u00e9 pourrait appara\u00eetre aux c\u00f4t\u00e9s de l\u2019Afghanistan et de la Cor\u00e9e du&hellip;\n","protected":false},"author":2,"featured_media":154394,"comment_status":"","ping_status":"","sticky":false,"template":"","format":"standard","meta":{"footnotes":""},"categories":[1412],"tags":[339,3849,340,343,345,2196,350,130,344,352,349,33,341,313,1451,1452,1453,1454,1455,1011,27,346,342,353,3127,351,347,348,60,354],"class_list":{"0":"post-154393","1":"post","2":"type-post","3":"status-publish","4":"format-standard","5":"has-post-thumbnail","7":"category-f1","8":"tag-actualite-economique","9":"tag-blanchiment","10":"tag-bourse","11":"tag-cac-40","12":"tag-chef-dentreprise","13":"tag-commission-europeenne","14":"tag-concurrence","15":"tag-consommation","16":"tag-creation-dentreprise","17":"tag-crise","18":"tag-delocalisations","19":"tag-economie","20":"tag-emploi","21":"tag-entreprises","22":"tag-f1","23":"tag-formula-1","24":"tag-formula1","25":"tag-formule-1","26":"tag-formule1","27":"tag-fr","28":"tag-france","29":"tag-grands-patrons","30":"tag-impots","31":"tag-licenciements","32":"tag-monaco","33":"tag-monopole","34":"tag-multinationales","35":"tag-privatisation","36":"tag-sports","37":"tag-unio"},"share_on_mastodon":{"url":"https:\/\/pubeurope.com\/@fr\/114631779504786742","error":""},"_links":{"self":[{"href":"https:\/\/www.europesays.com\/fr\/wp-json\/wp\/v2\/posts\/154393","targetHints":{"allow":["GET"]}}],"collection":[{"href":"https:\/\/www.europesays.com\/fr\/wp-json\/wp\/v2\/posts"}],"about":[{"href":"https:\/\/www.europesays.com\/fr\/wp-json\/wp\/v2\/types\/post"}],"author":[{"embeddable":true,"href":"https:\/\/www.europesays.com\/fr\/wp-json\/wp\/v2\/users\/2"}],"replies":[{"embeddable":true,"href":"https:\/\/www.europesays.com\/fr\/wp-json\/wp\/v2\/comments?post=154393"}],"version-history":[{"count":0,"href":"https:\/\/www.europesays.com\/fr\/wp-json\/wp\/v2\/posts\/154393\/revisions"}],"wp:featuredmedia":[{"embeddable":true,"href":"https:\/\/www.europesays.com\/fr\/wp-json\/wp\/v2\/media\/154394"}],"wp:attachment":[{"href":"https:\/\/www.europesays.com\/fr\/wp-json\/wp\/v2\/media?parent=154393"}],"wp:term":[{"taxonomy":"category","embeddable":true,"href":"https:\/\/www.europesays.com\/fr\/wp-json\/wp\/v2\/categories?post=154393"},{"taxonomy":"post_tag","embeddable":true,"href":"https:\/\/www.europesays.com\/fr\/wp-json\/wp\/v2\/tags?post=154393"}],"curies":[{"name":"wp","href":"https:\/\/api.w.org\/{rel}","templated":true}]}}