{"id":154401,"date":"2025-06-05T16:51:11","date_gmt":"2025-06-05T16:51:11","guid":{"rendered":"https:\/\/www.europesays.com\/fr\/154401\/"},"modified":"2025-06-05T16:51:11","modified_gmt":"2025-06-05T16:51:11","slug":"un-appartement-fluide-confortable-et-intemporel-a-barcelone","status":"publish","type":"post","link":"https:\/\/www.europesays.com\/fr\/154401\/","title":{"rendered":"Un appartement fluide, confortable et intemporel \u00e0 Barcelone"},"content":{"rendered":"<p>Apr\u00e8s avoir travaill\u00e9 pendant des ann\u00e9es pour de grands noms de l\u2019architecture, Natalia Calpe, Patrik L\u00f3pez et Omar Gonz\u00e1lez ont uni leurs forces pour former Nost \u2013 et il s\u2019agit l\u00e0 de leur tout premier projet. \u00ab Les propri\u00e9taires sont les oncles et tantes de Natalia, la commande s\u2019est donc faite de mani\u00e8re naturelle \u00bb, expliquent-ils.<\/p>\n<p>La cuisine, la salle \u00e0 manger, le <a href=\"https:\/\/www.admagazine.fr\/article\/tendances-salon-2025\" rel=\"nofollow noopener\" target=\"_blank\">salon<\/a> et l\u2019espace de t\u00e9l\u00e9travail (\u00e0 droite).<\/p>\n<p>Enric Badrinas<\/p>\n<p>L\u2019exp\u00e9rience accumul\u00e9e par les trois architectes est \u00e9vidente et ils l\u2019appliquent sans h\u00e9sitation dans cette maison : \u00ab Nous cr\u00e9ons des atmosph\u00e8res qui inspirent, avec un style raffin\u00e9 mais accessible, minimaliste mais avec du caract\u00e8re, o\u00f9 la mat\u00e9rialit\u00e9 et l\u2019exp\u00e9rience sensorielle sont essentielles. \u00bb<\/p>\n<p>Canap\u00e9 Sofia de Westwing. Peinture de Manel Marzo Mart. Lampe de table Fante de Stilnovo. Chaise Bollo de Fogia.<\/p>\n<p>Enric BadrinasUne ambiance ultra chaleureuse<\/p>\n<p>Tout cela se refl\u00e8te dans l\u2019atmosph\u00e8re \u00e0 la fois simple et confortable qui impr\u00e8gne la maison. \u00ab\u00a0Nous travaillons avec une palette de <a href=\"https:\/\/www.admagazine.fr\/adinspiration\/article\/cuisine-materiaux-ilot-central\" rel=\"nofollow noopener\" target=\"_blank\">mat\u00e9riaux<\/a> naturels et intemporels qui apportent chaleur, calme et coh\u00e9rence \u00e0 l\u2019ensemble. Le bois de ch\u00eane joue un r\u00f4le pr\u00e9pond\u00e9rant en raison de sa noblesse et de sa capacit\u00e9 \u00e0 g\u00e9n\u00e9rer un confort visuel et tactile. C\u2019est un mat\u00e9riau qui vieillit bien, qui semble authentique et qui correspond \u00e0 l\u2019id\u00e9e d\u2019un foyer \u00e0 long terme \u00bb, expliquent les architectes. \u00ab\u00a0Nous int\u00e9grons \u00e9galement des pierres naturelles dans des tons neutres, qui apportent de la texture, de la sobri\u00e9t\u00e9 et une touche min\u00e9rale qui contrebalance la chaleur du <a href=\"https:\/\/www.admagazine.fr\/adinspiration\/article\/cuisines-bois-materiau-tendance\" rel=\"nofollow noopener\" target=\"_blank\">bois<\/a>. \u00bb<\/p>\n<p>Fauteuil Granite de Kave Home.<\/p>\n<p>Enric Badrinas<\/p>\n<p>Buffet Larsen de Westwing. Table basse Passage Lounge de Audo.<\/p>\n<p>Enric Badrinas<\/p>\n<p>Au-del\u00e0 de ces tons neutres, le rouge fait une apparition vedette ici et l\u00e0, apportant vie et audace \u00e0 l\u2019ensemble. \u00ab\u00a0Le rouge est une couleur que nous aimons tous les deux, nous avons donc voulu l\u2019int\u00e9grer aux bons endroits : sur la table \u00e0 manger, r\u00e9alis\u00e9e sur mesure, et \u00e0 l\u2019int\u00e9rieur du dressing, con\u00e7u comme une petite bo\u00eete \u00e0 surprises \u00bb, confient les propri\u00e9taires.<\/p>\n","protected":false},"excerpt":{"rendered":"Apr\u00e8s avoir travaill\u00e9 pendant des ann\u00e9es pour de grands noms de l\u2019architecture, Natalia Calpe, Patrik L\u00f3pez et Omar&hellip;\n","protected":false},"author":2,"featured_media":154402,"comment_status":"","ping_status":"","sticky":false,"template":"","format":"standard","meta":{"footnotes":""},"categories":[1358],"tags":[1348,1384,1385,1386,58,59,123,1011,27],"class_list":{"0":"post-154401","1":"post","2":"type-post","3":"status-publish","4":"format-standard","5":"has-post-thumbnail","7":"category-arts-et-design","8":"tag-arts","9":"tag-arts-and-design","10":"tag-arts-et-design","11":"tag-design","12":"tag-divertissement","13":"tag-entertainment","14":"tag-espagne","15":"tag-fr","16":"tag-france"},"share_on_mastodon":{"url":"https:\/\/pubeurope.com\/@fr\/114631795209123201","error":""},"_links":{"self":[{"href":"https:\/\/www.europesays.com\/fr\/wp-json\/wp\/v2\/posts\/154401","targetHints":{"allow":["GET"]}}],"collection":[{"href":"https:\/\/www.europesays.com\/fr\/wp-json\/wp\/v2\/posts"}],"about":[{"href":"https:\/\/www.europesays.com\/fr\/wp-json\/wp\/v2\/types\/post"}],"author":[{"embeddable":true,"href":"https:\/\/www.europesays.com\/fr\/wp-json\/wp\/v2\/users\/2"}],"replies":[{"embeddable":true,"href":"https:\/\/www.europesays.com\/fr\/wp-json\/wp\/v2\/comments?post=154401"}],"version-history":[{"count":0,"href":"https:\/\/www.europesays.com\/fr\/wp-json\/wp\/v2\/posts\/154401\/revisions"}],"wp:featuredmedia":[{"embeddable":true,"href":"https:\/\/www.europesays.com\/fr\/wp-json\/wp\/v2\/media\/154402"}],"wp:attachment":[{"href":"https:\/\/www.europesays.com\/fr\/wp-json\/wp\/v2\/media?parent=154401"}],"wp:term":[{"taxonomy":"category","embeddable":true,"href":"https:\/\/www.europesays.com\/fr\/wp-json\/wp\/v2\/categories?post=154401"},{"taxonomy":"post_tag","embeddable":true,"href":"https:\/\/www.europesays.com\/fr\/wp-json\/wp\/v2\/tags?post=154401"}],"curies":[{"name":"wp","href":"https:\/\/api.w.org\/{rel}","templated":true}]}}