{"id":154411,"date":"2025-06-05T16:56:16","date_gmt":"2025-06-05T16:56:16","guid":{"rendered":"https:\/\/www.europesays.com\/fr\/154411\/"},"modified":"2025-06-05T16:56:16","modified_gmt":"2025-06-05T16:56:16","slug":"sclerose-en-plaques-de-nouveaux-traitements-prometteurs","status":"publish","type":"post","link":"https:\/\/www.europesays.com\/fr\/154411\/","title":{"rendered":"Scl\u00e9rose en plaques : de nouveaux traitements prometteurs"},"content":{"rendered":"<p>             <a href=\"https:\/\/ma-sante.news\/wp-content\/uploads\/2025\/06\/sclerose-en-plaques-nouvelles-avancees-diagnostic-traitement-qualite-de-vie-MA-Sante.jpg\" data-caption=\"L&#039;activit\u00e9 physique adapt\u00e9e est d\u00e9sormais reconnue comme une composante essentielle du traitement de la scl\u00e9rose en plaques. \u00a9 Freepik\" rel=\"nofollow noopener\" target=\"_blank\"><img loading=\"lazy\" decoding=\"async\" width=\"696\" height=\"463\" class=\"entry-thumb td-modal-image\" src=\"data:image\/svg+xml,%3Csvg%20xmlns=\" http:=\"\" data-lazy- data-lazy- alt=\"Des femmes atteintes de SEP qui pratiquent une activit\u00e9 physique comme traitement compl\u00e9mentaire.\" title=\"scle\u0301rose en plaques nouvelles avance\u0301es diagnostic traitement qualite\u0301 de vie MA Sante\u0301\" data-lazy-src=\"https:\/\/www.europesays.com\/fr\/wp-content\/uploads\/2025\/06\/sclerose-en-plaques-nouvelles-avancees-diagnostic-traitement-qualite-de-vie-MA-Sante-696x463.jpg\"\/><\/a>L&rsquo;activit\u00e9 physique adapt\u00e9e est d\u00e9sormais reconnue comme une composante essentielle du traitement de la scl\u00e9rose en plaques. \u00a9 Freepik                                    \t\t\t             <a class=\"gofollow\" data-track=\"MjgsMCwxLDYw\" href=\"https:\/\/ma-sante.news\/inscrivez-vous-a-notre-newsletter\/\" rel=\"nofollow noopener\" target=\"_blank\"><img loading=\"lazy\" decoding=\"async\" width=\"1068\" height=\"131\" src=\"data:image\/svg+xml,%3Csvg%20xmlns=\" http:=\"\" data-lazy-src=\"https:\/\/www.europesays.com\/fr\/wp-content\/uploads\/2025\/03\/banniere-newsletter.png\"\/><\/a> <\/p>\n<p><a href=\"https:\/\/ma-sante.news\/sclerose-en-plaques-journee-mondiale-1428341\/\" rel=\"nofollow noopener\" target=\"_blank\">La scl\u00e9rose en plaques (SEP) est une maladie auto-immune<\/a> qui s\u2019attaque au syst\u00e8me nerveux central. En clair, notre propre syst\u00e8me immunitaire se met \u00e0 attaquer la my\u00e9line, une gaine protectrice qui entoure les fibres nerveuses. R\u00e9sultat, la communication est brouill\u00e9e entre le cerveau et le reste du corps.<\/p>\n<p>Cela peut entra\u00eener toute une palette de sympt\u00f4mes : fatigue intense, troubles moteurs, probl\u00e8mes de vision, troubles cognitifs ou encore troubles de l\u2019\u00e9quilibre. Une maladie qui touche en majorit\u00e9 les femmes (\u00e0 75 %) et dont le diagnostic est souvent pos\u00e9 entre 25 et 35 ans.<\/p>\n<p>        Les nouvelles pistes pour mieux vivre avec la SEP    <strong>Un diagnostic plus rapide, gr\u00e2ce \u00e0 l\u2019IRM et \u00e0 la science<\/strong>    <\/p>\n<p>Pendant longtemps, poser <a href=\"https:\/\/ma-sante.news\/sclerose-en-plaques-symptomes-1679824\/\" rel=\"nofollow noopener\" target=\"_blank\">un diagnostic de SEP relevait du parcours du combattant<\/a>. Aujourd\u2019hui, les choses bougent. Gr\u00e2ce aux nouveaux crit\u00e8res diagnostiques discut\u00e9s au congr\u00e8s ECTRIMS 2024 (le grand rendez-vous europ\u00e9en sur la SEP), les m\u00e9decins peuvent d\u00e9sormais rep\u00e9rer plus t\u00f4t les signes de la maladie.<\/p>\n<p>En vedette : le \u201csigne de la veine centrale\u201d, visible sur l\u2019IRM c\u00e9r\u00e9brale. Ce marqueur, typique des l\u00e9sions de la SEP, permet de distinguer cette maladie d\u2019autres atteintes neurologiques. De plus, les atteintes du nerf optique, auparavant n\u00e9glig\u00e9es, sont d\u00e9sormais int\u00e9gr\u00e9es aux crit\u00e8res. R\u00e9sultat : un diagnostic plus pr\u00e9coce, et donc, <a href=\"https:\/\/ma-sante.news\/sclerose-en-plaques-journee-mo\" rel=\"nofollow noopener\" target=\"_blank\">des traitements plus rapidement mis en place, ce qui peut ralentir la progression de la maladie.<\/a><\/p>\n<p>        <strong>Traitement de la scl\u00e9rose en plaques : cap sur les formes progressives<\/strong>    <\/p>\n<p>Longtemps, les formes progressives de la SEP (notamment la forme secondairement progressive) ont \u00e9t\u00e9 les grandes oubli\u00e9es des avanc\u00e9es th\u00e9rapeutiques. Mais l\u00e0 aussi, du nouveau !<\/p>\n<p>Le tolebrutinib, un m\u00e9dicament de la classe des inhibiteurs de BTK (Bruton Tyrosine Kinase), franchit la barri\u00e8re h\u00e9mato-enc\u00e9phalique et agit directement dans le cerveau. Les r\u00e9sultats de l\u2019\u00e9tude de phase III HERCULES montrent une r\u00e9duction de 31 % de la progression du handicap chez les patients, par rapport au placebo.<\/p>\n<p>D\u2019autres traitements arrivent sur le march\u00e9 :<\/p>\n<ul class=\"wp-block-list\">\n<li>L\u2019ublituximab (Briumvi), un anticorps anti-CD20 ciblant les lymphocytes B.<\/li>\n<li>L\u2019ozanimod (Zeposia), un modulateur des r\u00e9cepteurs S1P qui emp\u00eache les lymphocytes de p\u00e9n\u00e9trer dans le syst\u00e8me nerveux central.<\/li>\n<\/ul>\n<p>Ces traitements offrent un nouvel espoir pour les patients jusqu\u2019ici en manque de solutions efficaces.<\/p>\n<p>        Une question en d\u00e9bat : faut-il all\u00e9ger les traitements ?    <\/p>\n<p>Quand la maladie semble bien contr\u00f4l\u00e9e, peut-on lever le pied sur les m\u00e9dicaments ? C\u2019est la question que se posent de plus en plus de neurologues et de patients. Des \u00e9tudes r\u00e9centes, notamment celles issues de l\u2019Observatoire fran\u00e7ais de la SEP (OFSEP), montrent que chez certains patients stabilis\u00e9s depuis au moins deux ans, une d\u00e9sescalade th\u00e9rapeutique peut \u00eatre envisag\u00e9e. Concr\u00e8tement, cela signifie : r\u00e9duire, espacer voire arr\u00eater certains traitements lourds, sans forc\u00e9ment augmenter le risque de rechute.<\/p>\n<p>Attention, cette d\u00e9marche n\u2019est pas pour tout le monde. Elle d\u00e9pend de l\u2019\u00e2ge, du type de SEP, du traitement en cours et de l\u2019historique m\u00e9dical. Le tout doit \u00eatre strictement encadr\u00e9 par un professionnel de sant\u00e9, car le risque de r\u00e9veiller la maladie n\u2019est jamais nul.<\/p>\n<p>        Une mobilisation pour rendre la maladie plus visible    <\/p>\n<p>\u00c0 l\u2019occasion de la Journ\u00e9e mondiale de la scl\u00e9rose en plaques, c\u00e9l\u00e9br\u00e9e chaque ann\u00e9e le 30 mai, plusieurs actions ont \u00e9t\u00e9 organis\u00e9es en France : podcasts, conf\u00e9rences, t\u00e9moignages, marches solidaires\u2026 L\u2019objectif est d\u2018informer, sensibiliser et rompre l\u2019isolement que ressentent souvent les malades.<\/p>\n<p>Et parce qu\u2019on n\u2019en parle jamais trop, des initiatives comme le podcast \u201cTout a commenc\u00e9 par ces mots : scl\u00e9rose en plaques\u201d permettent de donner la parole aux patients et aux soignants. <\/p>\n<blockquote class=\"wp-block-quote is-layout-flow wp-block-quote-is-layout-flow\">\n<p><strong>\u00c0 SAVOIR\u00a0<\/strong><\/p>\n<p>Une \u00e9tude de l\u2019Inserm a montr\u00e9 que le tabac augmente significativement le risque de d\u00e9velopper une scl\u00e9rose en plaques et acc\u00e9l\u00e8re sa progression chez les patients d\u00e9j\u00e0 atteints.\u00a0<\/p>\n<\/blockquote>\n<p>  <a class=\"gofollow\" data-track=\"MTIsMCwxLDYw\" href=\"https:\/\/ma-sante.news\/annonceurs\/\" rel=\"nofollow noopener\" target=\"_blank\"><img loading=\"lazy\" decoding=\"async\" width=\"2560\" height=\"2133\" src=\"data:image\/svg+xml,%3Csvg%20xmlns=\" http:=\"\" data-lazy-src=\"https:\/\/www.europesays.com\/fr\/wp-content\/uploads\/2025\/03\/pub-annonceurs-4-scaled.jpg\"\/><\/a>    <img loading=\"lazy\" decoding=\"async\" width=\"755\" height=\"495\" src=\"data:image\/svg+xml,%3Csvg%20xmlns=\" http:=\"\" data-lazy-src=\"https:\/\/www.europesays.com\/fr\/wp-content\/uploads\/2025\/03\/Image1.jpg\"\/>Inscrivez-vous \u00e0 notre newsletter <br \/>Ma Sant\u00e9                      <\/p>\n","protected":false},"excerpt":{"rendered":"L&rsquo;activit\u00e9 physique adapt\u00e9e est d\u00e9sormais reconnue comme une composante essentielle du traitement de la scl\u00e9rose en plaques. \u00a9&hellip;\n","protected":false},"author":2,"featured_media":154412,"comment_status":"","ping_status":"","sticky":false,"template":"","format":"standard","meta":{"footnotes":""},"categories":[10],"tags":[1011,27,72,9952,71,28444,28445],"class_list":{"0":"post-154411","1":"post","2":"type-post","3":"status-publish","4":"format-standard","5":"has-post-thumbnail","7":"category-sante","8":"tag-fr","9":"tag-france","10":"tag-health","11":"tag-maladie-auto-immune","12":"tag-sante","13":"tag-sclu00e9rose-en-plaques","14":"tag-symptu00f4mes-sclu00e9rose-en-plaques"},"share_on_mastodon":{"url":"https:\/\/pubeurope.com\/@fr\/114631815073790641","error":""},"_links":{"self":[{"href":"https:\/\/www.europesays.com\/fr\/wp-json\/wp\/v2\/posts\/154411","targetHints":{"allow":["GET"]}}],"collection":[{"href":"https:\/\/www.europesays.com\/fr\/wp-json\/wp\/v2\/posts"}],"about":[{"href":"https:\/\/www.europesays.com\/fr\/wp-json\/wp\/v2\/types\/post"}],"author":[{"embeddable":true,"href":"https:\/\/www.europesays.com\/fr\/wp-json\/wp\/v2\/users\/2"}],"replies":[{"embeddable":true,"href":"https:\/\/www.europesays.com\/fr\/wp-json\/wp\/v2\/comments?post=154411"}],"version-history":[{"count":0,"href":"https:\/\/www.europesays.com\/fr\/wp-json\/wp\/v2\/posts\/154411\/revisions"}],"wp:featuredmedia":[{"embeddable":true,"href":"https:\/\/www.europesays.com\/fr\/wp-json\/wp\/v2\/media\/154412"}],"wp:attachment":[{"href":"https:\/\/www.europesays.com\/fr\/wp-json\/wp\/v2\/media?parent=154411"}],"wp:term":[{"taxonomy":"category","embeddable":true,"href":"https:\/\/www.europesays.com\/fr\/wp-json\/wp\/v2\/categories?post=154411"},{"taxonomy":"post_tag","embeddable":true,"href":"https:\/\/www.europesays.com\/fr\/wp-json\/wp\/v2\/tags?post=154411"}],"curies":[{"name":"wp","href":"https:\/\/api.w.org\/{rel}","templated":true}]}}