{"id":154423,"date":"2025-06-05T17:02:09","date_gmt":"2025-06-05T17:02:09","guid":{"rendered":"https:\/\/www.europesays.com\/fr\/154423\/"},"modified":"2025-06-05T17:02:09","modified_gmt":"2025-06-05T17:02:09","slug":"la-proposition-choc-de-jean-michel-aulas-pour-2026","status":"publish","type":"post","link":"https:\/\/www.europesays.com\/fr\/154423\/","title":{"rendered":"la proposition-choc de Jean-Michel Aulas pour 2026"},"content":{"rendered":"<p>TCL gratuits sous conditions : la proposition-choc de Jean-Michel Aulas pour 2026 &#8211; LyonMag<\/p>\n<p itemprop=\"description\"><strong>Dans un contexte tendu autour de la gestion des transports lyonnais, Jean-Michel Aulas fait une sortie remarqu\u00e9e sur Twitter.<\/strong><\/p>\n<p>\u00a0Jean-Michel Aulas a publi\u00e9 ce jeudi 5 juin un tweet qui alimente les sp\u00e9culations autour de sa potentielle candidature aux municipales de 2026.\u00a0\u00ab\u00a0Pendant qu\u2019on fait des bilans aux co\u00fbts introuvables, pendant que la CRC (chambre r\u00e9gionale des comptes, ndlr) continue d\u2019\u00e9pingler la gestion de ceux qui dirigent nos territoires, et que d\u2019autres esquissent des chemins impr\u00e9cis, je pr\u00e9f\u00e8re penser \u00e0 ceux qu\u2019on oublie\u00a0\u00bb, \u00e9crit-il, avant de cibler directement les pertes financi\u00e8res li\u00e9es \u00e0 la fraude.<\/p>\n<p>Jean-Michel Aulas affirme : \u00ab\u00a0En 2023, la fraude a co\u00fbt\u00e9 35M\u20ac aux TCL. Et toujours aucune solution.\u00a0\u00bb En r\u00e9ponse, il annonce une\u00a0mesure concr\u00e8te\u00a0en cas de victoire aux municipales : \u00ab\u00a0En 2026, si je suis candidat et peut-\u00eatre maire de Lyon, les TCL seront gratuits pour tous les Lyonnais qui gagnent moins de 2 500\u20ac\/mois.\u00a0\u00bb<\/p>\n<p>Selon lui,\u00a0100 000 Lyonnaises et Lyonnais\u00a0seraient concern\u00e9s pour un\u00a0co\u00fbt estim\u00e9 \u00e0 30 millions d\u2019euros, financ\u00e9 sans \u00ab\u00a00 imp\u00f4t en plus, 0 dette\u00a0\u00bb. Et de conclure : \u00ab\u00a0Pas de le\u00e7on, des solutions. Pas de promesses en l\u2019air, mais un vrai #pactelyonnais pour la jeunesse et la justice sociale.\u00a0\u00bb<\/p>\n<p>Ce message intervient dans un contexte o\u00f9 les finances du Sytral sont scrut\u00e9es de pr\u00e8s, apr\u00e8s <a href=\"https:\/\/www.lyonmag.com\/article\/144507\/6-4-milliards-a-financer-les-inquietudes-de-la-chambre-regionale-des-comptes-sur-le-modele-economique-du-sytral\" target=\"_blank\" rel=\"noopener\">un rapport de la CRC mettant en lumi\u00e8re plusieurs fragilit\u00e9s <\/a>dans la gestion du r\u00e9seau TCL. \u00c0 nouveau,\u00a0Jean-Michel Aulas se positionne sur les enjeux lyonnais sans confirmer, ni exclure, sa candidature.<\/p>\n","protected":false},"excerpt":{"rendered":"TCL gratuits sous conditions : la proposition-choc de Jean-Michel Aulas pour 2026 &#8211; LyonMag Dans un contexte tendu&hellip;\n","protected":false},"author":2,"featured_media":154424,"comment_status":"","ping_status":"","sticky":false,"template":"","format":"standard","meta":{"footnotes":""},"categories":[4],"tags":[1111,11,2813,2190,1109,251,1112,2811,118,1011,27,1922,1110,1114,2428,2810,12,241,316,25,2812,517,800],"class_list":{"0":"post-154423","1":"post","2":"type-post","3":"status-publish","4":"format-standard","5":"has-post-thumbnail","7":"category-france","8":"tag-actu","9":"tag-actualites","10":"tag-article","11":"tag-asvel","12":"tag-breves","13":"tag-culture","14":"tag-depeches","15":"tag-economique","16":"tag-faits-divers","17":"tag-fr","18":"tag-france","19":"tag-info","20":"tag-informations","21":"tag-infos","22":"tag-lyon","23":"tag-lyonmag","24":"tag-news","25":"tag-ol","26":"tag-politique","27":"tag-republique-francaise","28":"tag-sociale","29":"tag-sport","30":"tag-transports"},"share_on_mastodon":{"url":"https:\/\/pubeurope.com\/@fr\/114631838501384134","error":""},"_links":{"self":[{"href":"https:\/\/www.europesays.com\/fr\/wp-json\/wp\/v2\/posts\/154423","targetHints":{"allow":["GET"]}}],"collection":[{"href":"https:\/\/www.europesays.com\/fr\/wp-json\/wp\/v2\/posts"}],"about":[{"href":"https:\/\/www.europesays.com\/fr\/wp-json\/wp\/v2\/types\/post"}],"author":[{"embeddable":true,"href":"https:\/\/www.europesays.com\/fr\/wp-json\/wp\/v2\/users\/2"}],"replies":[{"embeddable":true,"href":"https:\/\/www.europesays.com\/fr\/wp-json\/wp\/v2\/comments?post=154423"}],"version-history":[{"count":0,"href":"https:\/\/www.europesays.com\/fr\/wp-json\/wp\/v2\/posts\/154423\/revisions"}],"wp:featuredmedia":[{"embeddable":true,"href":"https:\/\/www.europesays.com\/fr\/wp-json\/wp\/v2\/media\/154424"}],"wp:attachment":[{"href":"https:\/\/www.europesays.com\/fr\/wp-json\/wp\/v2\/media?parent=154423"}],"wp:term":[{"taxonomy":"category","embeddable":true,"href":"https:\/\/www.europesays.com\/fr\/wp-json\/wp\/v2\/categories?post=154423"},{"taxonomy":"post_tag","embeddable":true,"href":"https:\/\/www.europesays.com\/fr\/wp-json\/wp\/v2\/tags?post=154423"}],"curies":[{"name":"wp","href":"https:\/\/api.w.org\/{rel}","templated":true}]}}