{"id":154427,"date":"2025-06-05T17:04:11","date_gmt":"2025-06-05T17:04:11","guid":{"rendered":"https:\/\/www.europesays.com\/fr\/154427\/"},"modified":"2025-06-05T17:04:11","modified_gmt":"2025-06-05T17:04:11","slug":"le-fondateur-du-comptoir-de-mathilde-est-stephanois","status":"publish","type":"post","link":"https:\/\/www.europesays.com\/fr\/154427\/","title":{"rendered":"le fondateur du Comptoir de Mathilde est St\u00e9phanois"},"content":{"rendered":"<p>Qui est Mathilde\u00a0? C\u2019est une question que doivent se poser beaucoup de clients de l\u2019enseigne d\u2019\u00e9picerie fine Le Comptoir de Mathilde. La r\u00e9ponse se trouve dans le centre historique de Montbrison, plus pr\u00e9cis\u00e9ment dans la maison natale du po\u00e8te Victor de Laprade (1812-1883).<\/p>\n<p>C\u2019est au rez-de-chauss\u00e9e de cette vieille b\u00e2tisse du XVIe si\u00e8cle que Mathilde Chazal a tenu, jusqu\u2019au milieu des ann\u00e9es 2000, sa boulangerie-p\u00e2tisserie. Et c\u2019est par amour pour elle qu\u2019en 2007, apr\u00e8s avoir vendu ses deux entreprises sp\u00e9cialis\u00e9es dans la savonnerie et la cosm\u00e9tique, que son petit-fils, Richard Fournier, a donn\u00e9 le pr\u00e9nom de sa grand-m\u00e8re maternelle aux comptoirs qui ont essaim\u00e9 en France et en Belgique.<\/p>\n<p>\u00ab\u00a0J\u2019avais un r\u00eave, celui de bosser dans la finance\u00a0\u00bb<\/p>\n<p>L\u2019entrepreneur a&#8230;<\/p>\n","protected":false},"excerpt":{"rendered":"Qui est Mathilde\u00a0? C\u2019est une question que doivent se poser beaucoup de clients de l\u2019enseigne d\u2019\u00e9picerie fine Le&hellip;\n","protected":false},"author":2,"featured_media":154428,"comment_status":"","ping_status":"","sticky":false,"template":"","format":"standard","meta":{"footnotes":""},"categories":[9653],"tags":[1111,11,2430,4406,33,7539,1777,674,107,1011,27,3367,12,25,4001,7538,4604],"class_list":{"0":"post-154427","1":"post","2":"type-post","3":"status-publish","4":"format-standard","5":"has-post-thumbnail","7":"category-saint-etienne","8":"tag-actu","9":"tag-actualites","10":"tag-auvergne-rhone-alpes","11":"tag-commerce-et-services","12":"tag-economie","13":"tag-edition-loire-sud","14":"tag-eu","15":"tag-europe","16":"tag-fil-info","17":"tag-fr","18":"tag-france","19":"tag-loire","20":"tag-news","21":"tag-republique-francaise","22":"tag-saint-etienne","23":"tag-saint-etienne-ville","24":"tag-selection-abonne"},"share_on_mastodon":{"url":"https:\/\/pubeurope.com\/@fr\/114631846460874306","error":""},"_links":{"self":[{"href":"https:\/\/www.europesays.com\/fr\/wp-json\/wp\/v2\/posts\/154427","targetHints":{"allow":["GET"]}}],"collection":[{"href":"https:\/\/www.europesays.com\/fr\/wp-json\/wp\/v2\/posts"}],"about":[{"href":"https:\/\/www.europesays.com\/fr\/wp-json\/wp\/v2\/types\/post"}],"author":[{"embeddable":true,"href":"https:\/\/www.europesays.com\/fr\/wp-json\/wp\/v2\/users\/2"}],"replies":[{"embeddable":true,"href":"https:\/\/www.europesays.com\/fr\/wp-json\/wp\/v2\/comments?post=154427"}],"version-history":[{"count":0,"href":"https:\/\/www.europesays.com\/fr\/wp-json\/wp\/v2\/posts\/154427\/revisions"}],"wp:featuredmedia":[{"embeddable":true,"href":"https:\/\/www.europesays.com\/fr\/wp-json\/wp\/v2\/media\/154428"}],"wp:attachment":[{"href":"https:\/\/www.europesays.com\/fr\/wp-json\/wp\/v2\/media?parent=154427"}],"wp:term":[{"taxonomy":"category","embeddable":true,"href":"https:\/\/www.europesays.com\/fr\/wp-json\/wp\/v2\/categories?post=154427"},{"taxonomy":"post_tag","embeddable":true,"href":"https:\/\/www.europesays.com\/fr\/wp-json\/wp\/v2\/tags?post=154427"}],"curies":[{"name":"wp","href":"https:\/\/api.w.org\/{rel}","templated":true}]}}