{"id":154454,"date":"2025-06-05T17:18:15","date_gmt":"2025-06-05T17:18:15","guid":{"rendered":"https:\/\/www.europesays.com\/fr\/154454\/"},"modified":"2025-06-05T17:18:15","modified_gmt":"2025-06-05T17:18:15","slug":"strasbourg-tea-time-avec-cendrine-wolf-et-anne-plichota-les-autrices-de-la-saga-litteraire-oksa-pollock","status":"publish","type":"post","link":"https:\/\/www.europesays.com\/fr\/154454\/","title":{"rendered":"Strasbourg. Tea time avec Cendrine Wolf et Anne Plichota, les autrices de la saga litt\u00e9raire \u00ab\u00a0Oksa Pollock\u00a0\u00bb"},"content":{"rendered":"<p>Oksa Pollock, deux mots, quatre syllabes et un succ\u00e8s ph\u00e9nom\u00e9nal. \u00c9crite par deux Strasbourgeoises, Cendrine Wolf et Anne Plichota, cette saga pour ados s\u2019est vendue \u00e0 4\u00a0millions d\u2019exemplaires, a \u00e9t\u00e9 traduite en 27 langues et est distribu\u00e9e dans 40 pays. Ce mercredi 4\u00a0juin, les deux autrices sont venues prendre le th\u00e9 au salon de th\u00e9 Grand\u2019rue et d\u00e9dicacer leur nouvel opus. <\/p>\n<p><a href=\"https:\/\/www.dna.fr\/culture-loisirs\/2025\/06\/02\/oksa-pollock-suite-et-fin-anne-plichota-et-cendrine-wolf-presentent-l-ultime-volume-de-la-saga\" target=\"_blank\" rel=\"nofollow noopener\">L\u2019ultime esp\u00e9rance , paru le 28\u00a0mai, est le dernier tome des aventures d\u2019Oksa Pollock<\/a> , l\u2019ultime en effet. Une vingtaine de fans se sont gliss\u00e9s dans le salon de th\u00e9. Assiettes aux murs, coucou en guise d\u2019horloge, la d\u00e9coration est tr\u00e8s vintage. \u00ab\u00a0On est hyper-\u00e9mues de vous voir\u00a0\u00bb, lance d\u2019embl\u00e9e Anne Plitocha, en glissant une m\u00e8che de ses cheveux gris derri\u00e8re son oreille. L\u2019ambiance est d\u00e9tendue, les rires fusent r\u00e9guli\u00e8rement, les petites cuill\u00e8res tintent dans les assiettes. La famille de leur h\u00e9ro\u00efne, Oksa Pollock, vient du Royaume d\u2019Ed\u00e9fia, un royaume disparu, \u00e0 moins qu\u2019Oksa n\u2019en retrouve le chemin pour elle et tous les siens. Cet univers fantastique a conquis \u00e9norm\u00e9ment de lecteurs \u00e0 travers le monde.<\/p>\n<p>  Oksa Pollock\u00a0: une h\u00e9ro\u00efne normale\u00a0?<\/p>\n<p>Qu\u2019est-ce qui diff\u00e9rencie Oksa Pollock des autres h\u00e9ros de saga fantastique pour ados\u00a0? \u00ab\u00a0On a un message tr\u00e8s universel\u00a0\u00bb, suppose Anne. La grande particularit\u00e9 d\u2019Oksa, selon Cendrine, c\u2019est qu\u2019elle n\u2019est pas orpheline\u00a0: \u00ab\u00a0Elle a des parents. Quand on a 13 ans, on ne fait pas ce qu\u2019on veut et on n\u2019est pas dehors tout seul \u00e0 22\u00a0h\u00a0!\u00a0\u00bb s\u2019exclame la p\u00e9tulante autrice.<\/p>\n<p>Sarah, 29 ans, est une fan de la premi\u00e8re heure et selon elle, si Oksa Pollock pla\u00eet autant, c\u2019est pour son authenticit\u00e9\u00a0: \u00ab\u00a0Ses doutes sont tr\u00e8s bien d\u00e9crits, explique-t-elle. Les autrices sont trop fortes pour \u00e7a, pour parler d\u2019un \u00e2ge qu\u2019elles n\u2019ont plus. C\u2019est tr\u00e8s r\u00e9aliste.\u00a0\u00bb<\/p>\n<p>Le huiti\u00e8me volet,\u00a0 L\u2019ultime esp\u00e9rance , est le dernier de la s\u00e9rie. \u00c0 l\u2019heure de savoir quel effet \u00e7a fait de quitter leur h\u00e9ro\u00efne, Cendrine Wolf r\u00e9pond\u00a0: \u00ab\u00a0C\u2019est un peu comme un enfant qu\u2019on laisse. On le surveille du coin de l\u2019\u0153il\u00a0\u00bb. Anne Plichota confie \u00eatre \u00ab\u00a0dans un \u00e9tat bizarre. Il y a beaucoup de nostalgie, d\u2019\u00e9motions, mais il fallait bien se dire au revoir\u00a0\u00bb. Apr\u00e8s le tea-time, <a href=\"https:\/\/www.dna.fr\/culture-loisirs\/2025\/06\/02\/oksa-pollock-suite-et-fin-anne-plichota-et-cendrine-wolf-presentent-l-ultime-volume-de-la-saga\" target=\"_blank\" rel=\"nofollow noopener\">les deux autrices, d\u00e9sormais \u00e9tablies \u00e0 Niederbronn<\/a> , ont poursuivi leur s\u00e9ance de d\u00e9dicace \u00e0 la Fnac de Strasbourg.<\/p>\n","protected":false},"excerpt":{"rendered":"Oksa Pollock, deux mots, quatre syllabes et un succ\u00e8s ph\u00e9nom\u00e9nal. \u00c9crite par deux Strasbourgeoises, Cendrine Wolf et Anne&hellip;\n","protected":false},"author":2,"featured_media":154455,"comment_status":"","ping_status":"","sticky":false,"template":"","format":"standard","meta":{"footnotes":""},"categories":[2820],"tags":[1111,11,1687,2880,1777,674,107,1011,27,775,2410,12,25,640,2879],"class_list":{"0":"post-154454","1":"post","2":"type-post","3":"status-publish","4":"format-standard","5":"has-post-thumbnail","7":"category-strasbourg","8":"tag-actu","9":"tag-actualites","10":"tag-culture-loisirs","11":"tag-edition-strasbourg","12":"tag-eu","13":"tag-europe","14":"tag-fil-info","15":"tag-fr","16":"tag-france","17":"tag-grand-est","18":"tag-livres-bd","19":"tag-news","20":"tag-republique-francaise","21":"tag-strasbourg","22":"tag-strasbourg-ville"},"share_on_mastodon":{"url":"https:\/\/pubeurope.com\/@fr\/114631901562831636","error":""},"_links":{"self":[{"href":"https:\/\/www.europesays.com\/fr\/wp-json\/wp\/v2\/posts\/154454","targetHints":{"allow":["GET"]}}],"collection":[{"href":"https:\/\/www.europesays.com\/fr\/wp-json\/wp\/v2\/posts"}],"about":[{"href":"https:\/\/www.europesays.com\/fr\/wp-json\/wp\/v2\/types\/post"}],"author":[{"embeddable":true,"href":"https:\/\/www.europesays.com\/fr\/wp-json\/wp\/v2\/users\/2"}],"replies":[{"embeddable":true,"href":"https:\/\/www.europesays.com\/fr\/wp-json\/wp\/v2\/comments?post=154454"}],"version-history":[{"count":0,"href":"https:\/\/www.europesays.com\/fr\/wp-json\/wp\/v2\/posts\/154454\/revisions"}],"wp:featuredmedia":[{"embeddable":true,"href":"https:\/\/www.europesays.com\/fr\/wp-json\/wp\/v2\/media\/154455"}],"wp:attachment":[{"href":"https:\/\/www.europesays.com\/fr\/wp-json\/wp\/v2\/media?parent=154454"}],"wp:term":[{"taxonomy":"category","embeddable":true,"href":"https:\/\/www.europesays.com\/fr\/wp-json\/wp\/v2\/categories?post=154454"},{"taxonomy":"post_tag","embeddable":true,"href":"https:\/\/www.europesays.com\/fr\/wp-json\/wp\/v2\/tags?post=154454"}],"curies":[{"name":"wp","href":"https:\/\/api.w.org\/{rel}","templated":true}]}}