{"id":154456,"date":"2025-06-05T17:19:15","date_gmt":"2025-06-05T17:19:15","guid":{"rendered":"https:\/\/www.europesays.com\/fr\/154456\/"},"modified":"2025-06-05T17:19:15","modified_gmt":"2025-06-05T17:19:15","slug":"strasbourg-dates-animations-stands-la-foire-europeenne-devoile-sa-prochaine-edition","status":"publish","type":"post","link":"https:\/\/www.europesays.com\/fr\/154456\/","title":{"rendered":"Strasbourg. Dates, animations, stands\u2026 la foire europ\u00e9enne d\u00e9voile sa prochaine \u00e9dition"},"content":{"rendered":"<p>Elle en est l\u2019incarnation, la Ma\u00efdele (*), multi-tatou\u00e9e\u00a0: la foire europ\u00e9enne de Strasbourg (FES) se veut tradition et innovation. L\u2019organisateur Strasbourg Events l\u2019a soulign\u00e9 \u00e0 l\u2019occasion d\u2019une pr\u00e9sentation \u00e0 la presse ce jeudi 5\u00a0juin.<\/p>\n<p>  Pas moins de 19 rendez-vous musicaux, gratuits<\/p>\n<p>C\u00f4t\u00e9 innovation, la 93e \u00e9dition \u2013 du 5 au 14\u00a0septembre \u2013 poursuit sur sa lanc\u00e9e et confirme <a href=\"https:\/\/www.dna.fr\/culture-loisirs\/2024\/06\/06\/foire-europeenne-acte-3-de-la-reconquete-en-septembre-au-parc-des-expositions\" target=\"_blank\" rel=\"nofollow noopener\">le renouveau amorc\u00e9 en 2022<\/a> avec les concerts et la digitalisation. L\u2019application smartphone lanc\u00e9e l\u2019an dernier sera \u00e0 nouveau active\u00a0; une programmation musicale propos\u00e9e tous les soirs, avec pas moins de 19 rendez-vous, pour tous les go\u00fbts, de l\u2019ambiance cubaine aux sets DJ en passant par un karaok\u00e9 ou un th\u00e9 dansant. Comme une seconde foire dans la foire. \u00c0 noter la pr\u00e9sence du chanteur de schlager Robin Leon et du groupe de pop-rock Gold. \u00ab\u00a0Le tout gratuit (**), parce qu\u2019il faut que la foire soit populaire\u00a0\u00bb, pr\u00e9cise son directeur Arnaud Gagnepain.<\/p>\n<p>  Une grande expo sur l\u2019Irlande<\/p>\n<p>D\u00e9sormais, plus de pays invit\u00e9, mais des \u00ab\u00a0mises \u00e0 l\u2019honneur\u00a0\u00bb\u00a0: cette ann\u00e9e, l\u2019Irlande, avec une grande expo \u00ab\u00a0Terre de l\u00e9gendes\u00a0\u00bb sur 1200m2 , et l\u2019Italie, pour la deuxi\u00e8me fois cons\u00e9cutive, avec une quinzaine d\u2019exposants de produits alimentaires et de mode, ainsi que des stands de \u00ab\u00a0promotion culturelle\u00a0\u00bb. Toujours avec cette m\u00eame volont\u00e9 de \u00ab\u00a0faire vivre une exp\u00e9rience\u00a0\u00bb, appuie le directeur g\u00e9n\u00e9ral de la soci\u00e9t\u00e9 organisatrice Strasbourg Events Christophe Caillaud-Joos, trois parcours aventure \u00ab\u00a0Ultimate Ninja\u00a0\u00bb seront ouverts aux petits et grands, en parall\u00e8le d\u2019un parc de loisirs en ext\u00e9rieur destin\u00e9s aux enfants et adolescents.<\/p>\n<p>C\u00f4t\u00e9 tradition, comme la foire de Strasbourg reste avant tout\u2026 une foire, inscrite dans \u00ab\u00a0700 ans d\u2019histoire\u00a0\u00bb, les visiteurs retrouveront les divers \u00ab\u00a0villages\u00a0\u00bb ou \u00ab\u00a0espaces\u00a0\u00bb\u00a0: ceux des m\u00e9tiers de bouche, de l\u2019agriculture ou de l\u2019artisanat\u00a0; de la mode et d\u00e9co, de l\u2019ameublement et de l\u2019am\u00e9nagement. <a href=\"https:\/\/www.dna.fr\/culture-loisirs\/2024\/09\/16\/foire-europeenne-un-bilan-ensoleille-malgre-une-meteo-execrable\" target=\"_blank\" rel=\"nofollow noopener\">Le Salon du livre n\u00e9 en 2024<\/a> \u00e0 la faveur de Strasbourg Capitale mondiale du livre sera reconduit, avec le festival de la bande dessin\u00e9e, une vingtaine d\u2019auteurs, \u00e9diteurs, libraires\u2026 et autant d\u2019ouvrages alsaciens, fran\u00e7ais, europ\u00e9ens.<\/p>\n<p>Ce contenu est bloqu\u00e9 car vous n&rsquo;avez pas accept\u00e9 les cookies et autres traceurs.<\/p>\n<p>En cliquant sur \u00ab J\u2019accepte \u00bb, les cookies et autres traceurs seront d\u00e9pos\u00e9s et vous pourrez visualiser les contenus  (<a href=\"\" class=\"consentModule_policy\" target=\"_blank\" title=\"Consulter la politique de protection des donn\u00e9es du fournisseur\">plus d&rsquo;informations<\/a>).<\/p>\n<p>En cliquant sur \u00ab J\u2019accepte tous les cookies \u00bb, vous autorisez des d\u00e9p\u00f4ts de cookies et autres traceurs pour le stockage de vos donn\u00e9es sur nos sites et applications \u00e0 des fins de personnalisation et de ciblage publicitaire.<\/p>\n<p class=\"consentModule_secondaryText\">Vous gardez la possibilit\u00e9 de retirer votre consentement \u00e0 tout moment en consultant notre <a href=\"https:\/\/www.dna.fr\/protection-des-donnees\" target=\"_blank\" title=\"Consulter notre politique de protection des donn\u00e9es\" rel=\"nofollow noopener\">politique de protection des donn\u00e9es<\/a>. <br \/>&#13;<br \/>\n            <a href=\"https:\/\/www.dna.fr\/culture-loisirs\/2025\/06\/05\/javascript:Didomi.notice.show()\" class=\"consentModule_cmp\" rel=\"nofollow noopener\" target=\"_blank\">G\u00e9rer mes choix<\/a>&#13;\n        <\/p>\n<p>&#13;<br \/>\n                        J&rsquo;accepte&#13;<br \/>\n            J&rsquo;accepte tous les cookies&#13;\n        <\/p>\n<p>  Ateliers culinaires ou d\u00e9fil\u00e9 de mode\u00a0: quelque 500 animations<\/p>\n<p>Au total, la FES annonce quelque 500 animations. Ainsi\u00a0: les artisans, <a href=\"https:\/\/www.dna.fr\/insolite\/2024\/09\/14\/des-boulangers-du-bas-rhin-recompenses-a-la-foire-europeenne\" target=\"_blank\" rel=\"nofollow noopener\">les \u00ab\u00a0incontournables concours\u00a0\u00bb des boulangers<\/a> ou bouchers\u00a0; les agriculteurs, des ateliers culinaires avec des chefs alsaciens et un march\u00e9 des producteurs\u00a0; les h\u00f4teliers-restaurateurs, des d\u00e9monstrations et le fameux\u2026 concours de bouch\u00e9e \u00e0 la reine\u00a0!<\/p>\n<p>S\u2019il reste l\u2019endroit commercial \u00ab\u00a0des bonnes affaires\u00a0\u00bb et \u00ab\u00a0du tourisme d\u2019affaires\u00a0\u00bb, l\u2019\u00e9v\u00e9nement-phare de la rentr\u00e9e se veut toujours plus lieu \u00ab\u00a0de convivialit\u00e9\u00a0\u00bb et \u00ab\u00a0de rencontres\u00a0\u00bb. L\u2019arm\u00e9e et les pompiers pr\u00e9senteront leurs m\u00e9tiers, tout comme la Chambre des m\u00e9tiers d\u2019Alsace (CMA) ses formations\u00a0; la Chambre de commerce et d\u2019industrie (CCI) tiendra un job-dating ax\u00e9 sur les comp\u00e9tences (et non le CV). La Chambre d\u2019agriculture a lanc\u00e9 un concours de dessins avec les \u00e9coles. L\u2019\u00c9conomie sociale et solidaire (ESS) sera l\u00e0 pour la cinqui\u00e8me fois, avec de la restauration, une boutique et un d\u00e9fil\u00e9 de mode de seconde main\u00a0; ainsi que des conseillers de l\u2019UFC-Que choisir.<\/p>\n<p>Concr\u00e8tement, cette foire 2025 prendra pour la quatri\u00e8me fois place au nouveau Palais des expositions (PEX), s\u2019\u00e9talant en r\u00e9alit\u00e9 sur dix hectares entre ses deux parvis, le b\u00e2timent adjacent du hall 5 et le Palais de la musique et des congr\u00e8s (PMC) avec ses jardins. Les responsables attendent pr\u00e8s de 500 exposants (529 en 2024) et tablent sur une fr\u00e9quentation de 100\u00a0000\u00a0\u00e0 120\u00a0000 personnes (133\u00a0998 en 2024).<\/p>\n<p class=\"note\">* Jeune fille en alsacien. ** \u00c0 partir de 18\u00a0h. Tarifs, horaires, plans\u00a0: toutes les infos pratiques sur www.foireurop.com<\/p>\n","protected":false},"excerpt":{"rendered":"Elle en est l\u2019incarnation, la Ma\u00efdele (*), multi-tatou\u00e9e\u00a0: la foire europ\u00e9enne de Strasbourg (FES) se veut tradition et&hellip;\n","protected":false},"author":2,"featured_media":154457,"comment_status":"","ping_status":"","sticky":false,"template":"","format":"standard","meta":{"footnotes":""},"categories":[2820],"tags":[1111,11,327,1477,4406,130,1687,33,2880,1777,674,3326,107,1685,1011,27,775,2410,873,12,2661,4043,25,953,640,2879,602,216],"class_list":{"0":"post-154456","1":"post","2":"type-post","3":"status-publish","4":"format-standard","5":"has-post-thumbnail","7":"category-strasbourg","8":"tag-actu","9":"tag-actualites","10":"tag-agriculture","11":"tag-artisanat","12":"tag-commerce-et-services","13":"tag-consommation","14":"tag-culture-loisirs","15":"tag-economie","16":"tag-edition-strasbourg","17":"tag-eu","18":"tag-europe","19":"tag-fete-locale","20":"tag-fil-info","21":"tag-foire-et-salon","22":"tag-fr","23":"tag-france","24":"tag-grand-est","25":"tag-livres-bd","26":"tag-musique","27":"tag-news","28":"tag-patrimoine-culturel","29":"tag-repas-et-the-dansant","30":"tag-republique-francaise","31":"tag-soiree","32":"tag-strasbourg","33":"tag-strasbourg-ville","34":"tag-tourisme","35":"tag-vie-des-entreprises"},"share_on_mastodon":{"url":"https:\/\/pubeurope.com\/@fr\/114631905407345323","error":""},"_links":{"self":[{"href":"https:\/\/www.europesays.com\/fr\/wp-json\/wp\/v2\/posts\/154456","targetHints":{"allow":["GET"]}}],"collection":[{"href":"https:\/\/www.europesays.com\/fr\/wp-json\/wp\/v2\/posts"}],"about":[{"href":"https:\/\/www.europesays.com\/fr\/wp-json\/wp\/v2\/types\/post"}],"author":[{"embeddable":true,"href":"https:\/\/www.europesays.com\/fr\/wp-json\/wp\/v2\/users\/2"}],"replies":[{"embeddable":true,"href":"https:\/\/www.europesays.com\/fr\/wp-json\/wp\/v2\/comments?post=154456"}],"version-history":[{"count":0,"href":"https:\/\/www.europesays.com\/fr\/wp-json\/wp\/v2\/posts\/154456\/revisions"}],"wp:featuredmedia":[{"embeddable":true,"href":"https:\/\/www.europesays.com\/fr\/wp-json\/wp\/v2\/media\/154457"}],"wp:attachment":[{"href":"https:\/\/www.europesays.com\/fr\/wp-json\/wp\/v2\/media?parent=154456"}],"wp:term":[{"taxonomy":"category","embeddable":true,"href":"https:\/\/www.europesays.com\/fr\/wp-json\/wp\/v2\/categories?post=154456"},{"taxonomy":"post_tag","embeddable":true,"href":"https:\/\/www.europesays.com\/fr\/wp-json\/wp\/v2\/tags?post=154456"}],"curies":[{"name":"wp","href":"https:\/\/api.w.org\/{rel}","templated":true}]}}