{"id":154460,"date":"2025-06-05T17:21:09","date_gmt":"2025-06-05T17:21:09","guid":{"rendered":"https:\/\/www.europesays.com\/fr\/154460\/"},"modified":"2025-06-05T17:21:09","modified_gmt":"2025-06-05T17:21:09","slug":"spectacle-de-drones-le-6-juin-a-nice-les-restrictions-de-circulation","status":"publish","type":"post","link":"https:\/\/www.europesays.com\/fr\/154460\/","title":{"rendered":"Spectacle de drones, le 6 juin \u00e0 Nice: les restrictions de circulation"},"content":{"rendered":"<p>Prenez vos dispositions si vous voulez circuler dans Nice ce soir. Le concert des DJ, Cassius et Agoria, d\u00e8s 20h30 quai des Etats-Unis, suivis du spectacle de drones, \u00e0 22h45, vont engendrer des modifications. Elles prendront effet de 18h30\u00e0 2 heures du matin.<\/p>\n<p>A retenir: la fermeture des voies de circulation d\u2019une portion de la promenade des Anglais y compris les perpendiculaires, en sens ouest-est de la rue Honor\u00e9-Sauvan jusqu\u2019au quai Rauba Cape\u00f9 et en sens est-ouest depuis l\u2019avenue Max-Gallo jusqu\u2019au boulevard Gambetta non compris. Puis, fermeture des voies de circulation de l\u2019avenue F\u00e9lix-Faure (depuis la rue du Lyc\u00e9e), place Mass\u00e9na et avenue de Verdun. Une d\u00e9viation sera mise en place par la rue du Lyc\u00e9e. Enfin, fermeture des voies de circulation de l\u2019avenue Max-Gallo et d\u2019une portion de l\u2019avenue Jean-Jaur\u00e8s, jusqu\u2019\u00e0 la traverse Flandres-Dunkerque non comprise. L\u2019avenue Jean-Jaur\u00e8s pourra \u00eatre emprunt\u00e9e \u00e0 partir de la traverse Flandres-Dunkerque depuis la rue Gubernatis.<\/p>\n<p>La descente Crotti accessible<\/p>\n<p>Le Vieux Nice restera accessible par la descente Crotti pour les usagers des parkings et les riverains jusqu\u2019\u00e0 21h30. La descente Crotti sera temporairement mise en double sens pour permettre la sortie du Vieux Nice jusqu\u2019\u00e0 21h30.<\/p>\n<p>Il est conseill\u00e9 d\u2019emprunter les transports en commun &#8211; qui seront gratuits &#8211; dont la fr\u00e9quence a \u00e9t\u00e9 renforc\u00e9e pour ceux qui voudraient assister \u00e0 la soir\u00e9e festive.<\/p>\n<p>Pour des raisons de s\u00e9curit\u00e9, la promenade des Anglais, entre l\u2019avenue de Verdun et l\u2019avenue Max-Gallo, sera interdite au public, y compris les pi\u00e9tons compris de 22h15\u00e0 23h. De plus, le trottoir sud de cette portion sera interdit au public \u00e0 partir de 18 heures.<\/p>\n<p>Quant aux parkings publics, ils sont bien ouverts mais leurs horaires d\u2019acc\u00e8s sont modifi\u00e9s comme suit: Sulzer \/ Mass\u00e9na: entr\u00e9e ferm\u00e9e \u00e0 compter de 18h30 et sortie possible \u00e0 partir de 2h; Ruhl-M\u00e9ridien: entr\u00e9e ferm\u00e9e \u00e0 compter de 18h30 et sortie possible en permanence par la rue de Su\u00e8de; Saleya: entr\u00e9e ferm\u00e9e \u00e0 compter de 21h30 et sortie possible \u00e0 partir de minuit (ferm\u00e9e \u00e0 partir de 18h30); Corv\u00e9sy \/ Palais de Justice: entr\u00e9e ferm\u00e9e \u00e0 compter de 21h30 et sortie possible \u00e0 partir de minuit; Palais Mass\u00e9na: l\u2019entr\u00e9e et la sortie du parking se feront par la rue de France de 18h30\u00e0 2h; Palais de la M\u00e9diterran\u00e9e: les entr\u00e9e et sortie se feront par la rue du Congr\u00e8s de 18h30\u00e0 2h.<\/p>\n","protected":false},"excerpt":{"rendered":"Prenez vos dispositions si vous voulez circuler dans Nice ce soir. Le concert des DJ, Cassius et Agoria,&hellip;\n","protected":false},"author":2,"featured_media":154461,"comment_status":"","ping_status":"","sticky":false,"template":"","format":"standard","meta":{"footnotes":""},"categories":[2819],"tags":[1111,11,1777,674,1011,27,803,12,2401,882,25,3366],"class_list":{"0":"post-154460","1":"post","2":"type-post","3":"status-publish","4":"format-standard","5":"has-post-thumbnail","7":"category-nice","8":"tag-actu","9":"tag-actualites","10":"tag-eu","11":"tag-europe","12":"tag-fr","13":"tag-france","14":"tag-info-trafic","15":"tag-news","16":"tag-nice","17":"tag-provence-alpes-cote-dazur","18":"tag-republique-francaise","19":"tag-vie-locale"},"share_on_mastodon":{"url":"https:\/\/pubeurope.com\/@fr\/114631913288046288","error":""},"_links":{"self":[{"href":"https:\/\/www.europesays.com\/fr\/wp-json\/wp\/v2\/posts\/154460","targetHints":{"allow":["GET"]}}],"collection":[{"href":"https:\/\/www.europesays.com\/fr\/wp-json\/wp\/v2\/posts"}],"about":[{"href":"https:\/\/www.europesays.com\/fr\/wp-json\/wp\/v2\/types\/post"}],"author":[{"embeddable":true,"href":"https:\/\/www.europesays.com\/fr\/wp-json\/wp\/v2\/users\/2"}],"replies":[{"embeddable":true,"href":"https:\/\/www.europesays.com\/fr\/wp-json\/wp\/v2\/comments?post=154460"}],"version-history":[{"count":0,"href":"https:\/\/www.europesays.com\/fr\/wp-json\/wp\/v2\/posts\/154460\/revisions"}],"wp:featuredmedia":[{"embeddable":true,"href":"https:\/\/www.europesays.com\/fr\/wp-json\/wp\/v2\/media\/154461"}],"wp:attachment":[{"href":"https:\/\/www.europesays.com\/fr\/wp-json\/wp\/v2\/media?parent=154460"}],"wp:term":[{"taxonomy":"category","embeddable":true,"href":"https:\/\/www.europesays.com\/fr\/wp-json\/wp\/v2\/categories?post=154460"},{"taxonomy":"post_tag","embeddable":true,"href":"https:\/\/www.europesays.com\/fr\/wp-json\/wp\/v2\/tags?post=154460"}],"curies":[{"name":"wp","href":"https:\/\/api.w.org\/{rel}","templated":true}]}}