{"id":154464,"date":"2025-06-05T17:23:09","date_gmt":"2025-06-05T17:23:09","guid":{"rendered":"https:\/\/www.europesays.com\/fr\/154464\/"},"modified":"2025-06-05T17:23:09","modified_gmt":"2025-06-05T17:23:09","slug":"un-avion-deroute-de-nantes-a-atterri-a-tours","status":"publish","type":"post","link":"https:\/\/www.europesays.com\/fr\/154464\/","title":{"rendered":"Un avion d\u00e9rout\u00e9 de Nantes a atterri\u2026 \u00e0 Tours"},"content":{"rendered":"<p>Un avion d\u00e9rout\u00e9 de Nantes a atterri \u00e0 <a title=\"Lien vers les actualit\u00e9s de Tours\" target=\"_self\" href=\"https:\/\/www.lanouvellerepublique.fr\/tours\" rel=\"nofollow noopener\">Tours<\/a>\u00a0! La s\u00e9rie d\u2019avion d\u00e9rout\u00e9 revient mais les paradigmes s\u2019inversent. Alors que cet hiver, <a target=\"_self\" href=\"https:\/\/www.lanouvellerepublique.fr\/tours\/un-nouvel-avion-deroute-a-l-aeroport-de-tours-et-de-neuf-1738424464\" rel=\"nofollow noopener\">les avions ne pouvaient pas atterrir \u00e0 Tours<\/a>, cette fois c\u2019est \u00e0 Nantes qu\u2019ils n\u2019ont pas pu toucher le tarmac.<\/p>\n<p>C\u2019est la m\u00e9t\u00e9o de ce jeudi 5\u00a0juin 2025 qui a emp\u00each\u00e9 plusieurs avions d\u2019arriver \u00e0 Nantes. La pluie et le mauvais temps ont eu raison de la destination des passagers en provenance de Marseille. Les 181 passagers de l\u2019avion ont d\u00fb atterrir, \u00e0 Tours.\u00a0Accueillis en terre tourangelle, ils attendent toujours qu\u2019une solution de rapatriement \u00e0 Nantes soit trouv\u00e9e par la compagnie a\u00e9rienne \u00ab\u00a0en taxi jusqu\u2019\u00e0 la gare ou en train\u00a0\u00bb, pr\u00e9cise une source anonyme.<\/p>\n<p>La compagnie Ryanair a d\u00fb faire repartir l\u2019avion \u00e0 vide. Une \u00ab\u00a0formalit\u00e9 dans ce cas de figure\u00a0\u00bb, pr\u00e9cise cette m\u00eame source a\u00e9roportuaire.<\/p>\n","protected":false},"excerpt":{"rendered":"Un avion d\u00e9rout\u00e9 de Nantes a atterri \u00e0 Tours\u00a0! La s\u00e9rie d\u2019avion d\u00e9rout\u00e9 revient mais les paradigmes s\u2019inversent.&hellip;\n","protected":false},"author":2,"featured_media":154465,"comment_status":"","ping_status":"","sticky":false,"template":"","format":"standard","meta":{"footnotes":""},"categories":[2818],"tags":[1392,1111,11,37,1777,674,1011,27,2487,766,12,2636,25,1390],"class_list":{"0":"post-154464","1":"post","2":"type-post","3":"status-publish","4":"format-standard","5":"has-post-thumbnail","7":"category-nantes","8":"tag-a-la-une-local","9":"tag-actu","10":"tag-actualites","11":"tag-avion","12":"tag-eu","13":"tag-europe","14":"tag-fr","15":"tag-france","16":"tag-meteo","17":"tag-nantes","18":"tag-news","19":"tag-pays-de-la-loire","20":"tag-republique-francaise","21":"tag-tours"},"share_on_mastodon":{"url":"https:\/\/pubeurope.com\/@fr\/114631921169431314","error":""},"_links":{"self":[{"href":"https:\/\/www.europesays.com\/fr\/wp-json\/wp\/v2\/posts\/154464","targetHints":{"allow":["GET"]}}],"collection":[{"href":"https:\/\/www.europesays.com\/fr\/wp-json\/wp\/v2\/posts"}],"about":[{"href":"https:\/\/www.europesays.com\/fr\/wp-json\/wp\/v2\/types\/post"}],"author":[{"embeddable":true,"href":"https:\/\/www.europesays.com\/fr\/wp-json\/wp\/v2\/users\/2"}],"replies":[{"embeddable":true,"href":"https:\/\/www.europesays.com\/fr\/wp-json\/wp\/v2\/comments?post=154464"}],"version-history":[{"count":0,"href":"https:\/\/www.europesays.com\/fr\/wp-json\/wp\/v2\/posts\/154464\/revisions"}],"wp:featuredmedia":[{"embeddable":true,"href":"https:\/\/www.europesays.com\/fr\/wp-json\/wp\/v2\/media\/154465"}],"wp:attachment":[{"href":"https:\/\/www.europesays.com\/fr\/wp-json\/wp\/v2\/media?parent=154464"}],"wp:term":[{"taxonomy":"category","embeddable":true,"href":"https:\/\/www.europesays.com\/fr\/wp-json\/wp\/v2\/categories?post=154464"},{"taxonomy":"post_tag","embeddable":true,"href":"https:\/\/www.europesays.com\/fr\/wp-json\/wp\/v2\/tags?post=154464"}],"curies":[{"name":"wp","href":"https:\/\/api.w.org\/{rel}","templated":true}]}}