{"id":154470,"date":"2025-06-05T17:26:08","date_gmt":"2025-06-05T17:26:08","guid":{"rendered":"https:\/\/www.europesays.com\/fr\/154470\/"},"modified":"2025-06-05T17:26:08","modified_gmt":"2025-06-05T17:26:08","slug":"une-maison-prend-feu-au-nord-de-toulouse-les-habitants-sen-echappent-avant-larrivee-des-pompiers","status":"publish","type":"post","link":"https:\/\/www.europesays.com\/fr\/154470\/","title":{"rendered":"Une maison prend feu au nord de Toulouse, les habitants s&rsquo;en \u00e9chappent avant l&rsquo;arriv\u00e9e des pompiers"},"content":{"rendered":"<p>            Par<br \/>\n        <strong><br \/>\n            <a href=\"https:\/\/actu.fr\/auteur\/mareva-laville-actu-fr\" title=\"Consulter tous les articles de Mar\u00e9va Laville\" rel=\"nofollow noopener\" target=\"_blank\">Mar\u00e9va Laville<\/a><br \/>\n        <\/strong><\/p>\n<p>        Publi\u00e9 le<\/p>\n<p>            5 juin 2025 \u00e0 19h02        <\/p>\n<p>Grosse frayeur pour ces habitants de <a href=\"https:\/\/actu.fr\/occitanie\/l-union_31561\" rel=\"nofollow noopener\" target=\"_blank\">L\u2019Union<\/a>, au nord-est de <a href=\"http:\/\/www.actu.fr\/toulouse\" rel=\"nofollow noopener\" target=\"_blank\">Toulouse<\/a>. Ce jeudi 5\u00a0juin 2025, leur <strong>maison de 280 m\u00b2<\/strong> situ\u00e9e sur le chemin de la Grive \u00e9tait en proie aux flammes.<\/p>\n<p>    <a href=\"https:\/\/www.google.com\/maps\/embed?pb=!1m18!1m12!1m3!1d4776.990551001003!2d1.4798820773055428!3d43.65877885206835!2m3!1f0!2f0!3f0!3m2!1i1024!2i768!4f13.1!3m3!1m2!1s0x12aea2fd7b031e9d%3A0xec3c815b818fc452!2sChem.%20de%20la%20Grive%2C%2031240%20L%27Union!5e1!3m2!1sfr!2sfr!4v1749142631485!5m2!1sfr!2sfr\" title=\"Ouvrie le lien\" rel=\"nofollow noopener\" target=\"_blank\">Cliquez ici pour visualiser le contenu<\/a><\/p>\n<p>Un d\u00e9part de feu sur le balcon<\/p>\n<p class=\" wall-content\">Le <strong>feu<\/strong> s\u2019est d\u00e9clar\u00e9 dans l\u2019apr\u00e8s-midi, sur le balcon de la maison \u00e0 un \u00e9tage. 15 sapeurs-pompiers \u00e9taient mobilis\u00e9s aux alentours de 16h30 pour \u00e9teindre le sinistre.<\/p>\n<p>Habitants et logement sauv\u00e9s, incendie circonscrit<\/p>\n<p class=\" wall-content\">\u00c0 leur arriv\u00e9e, <strong>\u00ab\u2009les habitants \u00e9taient sortis par eux-m\u00eames\u2009\u00bb<\/strong> de l\u2019habitation. Le feu s\u2019\u00e9tait <strong>propag\u00e9 \u00e0 une seule pi\u00e8ce<\/strong>. \u00ab\u2009Notre action rapide a permis de circonscrire l\u2019incendie \u00e0 cette pi\u00e8ce gr\u00e2ce \u00e0 une lance\u2009\u00bb, pr\u00e9cise le Sdis 31.<\/p>\n<p class=\" wall-content\">Le 280\u00a0m2 de logement ont \u00e9t\u00e9 sauv\u00e9s et le sinistre n\u2019a fait <strong>aucune victime<\/strong>. La gendarmerie \u00e9tait \u00e9galement sur place.<\/p>\n<p>Vid\u00e9os : en ce moment sur Actu<\/p>\n<p class=\" wall-content\">Suivez toute l\u2019actualit\u00e9 de vos villes et m\u00e9dias favoris en vous inscrivant \u00e0 <a href=\"https:\/\/moncompte.actu.fr\" title=\"D\u00e9couvez Mon Actu\" rel=\"nofollow noopener\" data-trk=\"{&quot;cta&quot;:{&quot;action&quot;:&quot;https:\\\/\\\/moncompte.actu.fr&quot;,&quot;category&quot;:&quot;mon compte&quot;,&quot;from&quot;:&quot;article footer&quot;,&quot;name&quot;:&quot;Mon actu&quot;,&quot;type&quot;:&quot;cta&quot;}}\" target=\"_blank\">Mon Actu<\/a>.<\/p>\n","protected":false},"excerpt":{"rendered":"Par Mar\u00e9va Laville Publi\u00e9 le 5 juin 2025 \u00e0 19h02 Grosse frayeur pour ces habitants de L\u2019Union, au&hellip;\n","protected":false},"author":2,"featured_media":24352,"comment_status":"","ping_status":"","sticky":false,"template":"","format":"standard","meta":{"footnotes":""},"categories":[2816],"tags":[1111,11,1777,674,118,1011,27,3381,12,2680,1311,25,2312],"class_list":{"0":"post-154470","1":"post","2":"type-post","3":"status-publish","4":"format-standard","5":"has-post-thumbnail","7":"category-toulouse","8":"tag-actu","9":"tag-actualites","10":"tag-eu","11":"tag-europe","12":"tag-faits-divers","13":"tag-fr","14":"tag-france","15":"tag-gendarmerie","16":"tag-news","17":"tag-occitanie","18":"tag-pompiers","19":"tag-republique-francaise","20":"tag-toulouse"},"share_on_mastodon":{"url":"https:\/\/pubeurope.com\/@fr\/114631932976978778","error":""},"_links":{"self":[{"href":"https:\/\/www.europesays.com\/fr\/wp-json\/wp\/v2\/posts\/154470","targetHints":{"allow":["GET"]}}],"collection":[{"href":"https:\/\/www.europesays.com\/fr\/wp-json\/wp\/v2\/posts"}],"about":[{"href":"https:\/\/www.europesays.com\/fr\/wp-json\/wp\/v2\/types\/post"}],"author":[{"embeddable":true,"href":"https:\/\/www.europesays.com\/fr\/wp-json\/wp\/v2\/users\/2"}],"replies":[{"embeddable":true,"href":"https:\/\/www.europesays.com\/fr\/wp-json\/wp\/v2\/comments?post=154470"}],"version-history":[{"count":0,"href":"https:\/\/www.europesays.com\/fr\/wp-json\/wp\/v2\/posts\/154470\/revisions"}],"wp:featuredmedia":[{"embeddable":true,"href":"https:\/\/www.europesays.com\/fr\/wp-json\/wp\/v2\/media\/24352"}],"wp:attachment":[{"href":"https:\/\/www.europesays.com\/fr\/wp-json\/wp\/v2\/media?parent=154470"}],"wp:term":[{"taxonomy":"category","embeddable":true,"href":"https:\/\/www.europesays.com\/fr\/wp-json\/wp\/v2\/categories?post=154470"},{"taxonomy":"post_tag","embeddable":true,"href":"https:\/\/www.europesays.com\/fr\/wp-json\/wp\/v2\/tags?post=154470"}],"curies":[{"name":"wp","href":"https:\/\/api.w.org\/{rel}","templated":true}]}}