{"id":154471,"date":"2025-06-05T17:27:08","date_gmt":"2025-06-05T17:27:08","guid":{"rendered":"https:\/\/www.europesays.com\/fr\/154471\/"},"modified":"2025-06-05T17:27:08","modified_gmt":"2025-06-05T17:27:08","slug":"pres-de-toulouse-interpelle-apres-une-altercation-un-homme-est-decede-ce-que-lon-sait","status":"publish","type":"post","link":"https:\/\/www.europesays.com\/fr\/154471\/","title":{"rendered":"Pr\u00e8s de Toulouse. Interpell\u00e9 apr\u00e8s une altercation, un homme est d\u00e9c\u00e9d\u00e9 : ce que l&rsquo;on sait"},"content":{"rendered":"<p>            Par<br \/>\n        <strong><br \/>\n            <a href=\"https:\/\/actu.fr\/auteur\/marie-lamarque\" title=\"Consulter tous les articles de Marie Lamarque\" rel=\"nofollow noopener\" target=\"_blank\">Marie Lamarque<\/a><br \/>\n        <\/strong><\/p>\n<p>        Publi\u00e9 le<\/p>\n<p>            5 juin 2025 \u00e0 19h18        <\/p>\n<p>Il venait d\u2019\u00eatre interpell\u00e9 par les gendarmes. Un homme, \u00e2g\u00e9 de 36\u00a0ans,<strong> est d\u00e9c\u00e9d\u00e9 <\/strong>\u00e0 <a href=\"https:\/\/actu.fr\/occitanie\/villeneuve-tolosane_31588\" rel=\"nofollow noopener\" target=\"_blank\">Villeneuve-Tolosane,<\/a> pr\u00e8s de <a href=\"https:\/\/actu.fr\/toulouse\/\" rel=\"nofollow noopener\" target=\"_blank\">Toulouse<\/a>, ce matin du jeudi 5 juin 2025, entre 5h et 6h du matin. Que s\u2019est-il pass\u00e9\u2009?\u00a0<\/p>\n<p>    <a href=\"https:\/\/www.google.com\/maps\/embed?pb=!1m18!1m12!1m3!1d23142.43708001096!2d1.32413226102242!3d43.527266550918064!2m3!1f0!2f0!3f0!3m2!1i1024!2i768!4f13.1!3m3!1m2!1s0x12aeb70dae2c38a9%3A0x775b33430f939cb9!2sVilleneuve-Tolosane!5e0!3m2!1sfr!2sfr!4v1749119272644!5m2!1sfr!2sfr\" title=\"Ouvrie le lien\" rel=\"nofollow noopener\" target=\"_blank\">Cliquez ici pour visualiser le contenu<\/a><\/p>\n<p>Au volant, il poursuit le poseur d\u2019affiches publicitaires<\/p>\n<p class=\" wall-content\">L\u2019information a \u00e9t\u00e9 r\u00e9v\u00e9l\u00e9e par <a href=\"https:\/\/www.ladepeche.fr\/2025\/06\/05\/info-la-depeche-jai-entendu-un-grand-boum-mort-suspecte-apres-une-altercation-sur-une-station-service-un-gros-dispositif-policier-deploye-12742324.php\" rel=\"nofollow noopener\" target=\"_blank\">La D\u00e9p\u00eache<\/a> et confirm\u00e9e \u00e0 Actu.fr. Une altercation a eu lieu entre cet homme et un second individu \u00ab\u2009qui posait des affiches publicitaires\u2009\u00bb, indique le parquet de Toulouse.<\/p>\n<p class=\" wall-content\">Tandis que le professionnel regagne son v\u00e9hicule,<strong> il est poursuivi par le trentenaire<\/strong> dont le comportement se r\u00e9v\u00e8le rapidement inqui\u00e9tant. Il vient percuter une premi\u00e8re fois la voiture du poseur d\u2019affiches qui parvient \u00e0 partir. Mais l\u2019homme r\u00e9cidive et vient le percuter une seconde fois.<\/p>\n<p class=\" wall-content\">Craignant \u00e0 la fois pour sa s\u00e9curit\u00e9 et celle de son agresseur \u2013 visiblement tr\u00e8s agit\u00e9 et pr\u00e9sentant \u00ab\u2009un discours incoh\u00e9rent\u2009\u00bb -, la victime compose alors le 17.<\/p>\n<p>Il fait un malaise<\/p>\n<p class=\" wall-content\">Les gendarmes arrivent sur les lieux pour interpeller l\u2019auteur et<strong> le placer en garde \u00e0 vue pour violences aggrav\u00e9es avec arme <\/strong>(ici, sa voiture). \u00ab\u2009Compte tenu de son agitation, il a \u00e9t\u00e9 menott\u00e9\u2009\u00bb, d\u00e9taille le parquet. L\u2019homme se serait alors montr\u00e9 <strong>particuli\u00e8rement violent envers lui-m\u00eame<\/strong>, jusqu\u2019\u00e0 \u00ab\u2009se taper la t\u00eate dans la camionnette des gendarmes\u2009\u00bb.<\/p>\n<p class=\" wall-content\">Les forces de l\u2019ordre contactent le SAMU, sortent l\u2019homme de leur v\u00e9hicule avant de le faire s\u2019asseoir. C\u2019est \u00e0 ce moment-l\u00e0 \u00ab\u2009qu\u2019il a fait un malaise\u2009\u00bb, poursuit le parquet. Sur place, les secours ne sont pas parvenus \u00e0 le r\u00e9animer et ont constat\u00e9 le d\u00e9c\u00e8s.<\/p>\n<p>Une enqu\u00eate ouverte<\/p>\n<p class=\" wall-content\"><strong>Une enqu\u00eate a \u00e9t\u00e9 ouverte<\/strong> afin de d\u00e9terminer les causes du d\u00e9c\u00e8s. Au regard des circonstances, la section de recherches de la gendarmerie de la r\u00e9gion Occitanie a \u00e9t\u00e9 saisie. Il s\u2019agit \u00ab\u2009du <strong>plus haut degr\u00e9 d\u2019investigation chez les gendarmes<\/strong>\u2009\u00bb, o\u00f9 l\u2019on retrouve des \u00ab\u2009enqu\u00eateurs sp\u00e9cialis\u00e9s\u2009\u00bb, informe le parquet.<\/p>\n<p class=\" wall-content\">Suivez toute l\u2019actualit\u00e9 de vos villes et m\u00e9dias favoris en vous inscrivant \u00e0 <a href=\"https:\/\/moncompte.actu.fr\" title=\"D\u00e9couvez Mon Actu\" rel=\"nofollow noopener\" data-trk=\"{&quot;cta&quot;:{&quot;action&quot;:&quot;https:\\\/\\\/moncompte.actu.fr&quot;,&quot;category&quot;:&quot;mon compte&quot;,&quot;from&quot;:&quot;article footer&quot;,&quot;name&quot;:&quot;Mon actu&quot;,&quot;type&quot;:&quot;cta&quot;}}\" target=\"_blank\">Mon Actu<\/a>.<\/p>\n","protected":false},"excerpt":{"rendered":"Par Marie Lamarque Publi\u00e9 le 5 juin 2025 \u00e0 19h18 Il venait d\u2019\u00eatre interpell\u00e9 par les gendarmes. Un&hellip;\n","protected":false},"author":2,"featured_media":154472,"comment_status":"","ping_status":"","sticky":false,"template":"","format":"standard","meta":{"footnotes":""},"categories":[2816],"tags":[1111,11,1777,674,118,1011,27,3381,12,2680,25,2312],"class_list":{"0":"post-154471","1":"post","2":"type-post","3":"status-publish","4":"format-standard","5":"has-post-thumbnail","7":"category-toulouse","8":"tag-actu","9":"tag-actualites","10":"tag-eu","11":"tag-europe","12":"tag-faits-divers","13":"tag-fr","14":"tag-france","15":"tag-gendarmerie","16":"tag-news","17":"tag-occitanie","18":"tag-republique-francaise","19":"tag-toulouse"},"share_on_mastodon":{"url":"https:\/\/pubeurope.com\/@fr\/114631936812541383","error":""},"_links":{"self":[{"href":"https:\/\/www.europesays.com\/fr\/wp-json\/wp\/v2\/posts\/154471","targetHints":{"allow":["GET"]}}],"collection":[{"href":"https:\/\/www.europesays.com\/fr\/wp-json\/wp\/v2\/posts"}],"about":[{"href":"https:\/\/www.europesays.com\/fr\/wp-json\/wp\/v2\/types\/post"}],"author":[{"embeddable":true,"href":"https:\/\/www.europesays.com\/fr\/wp-json\/wp\/v2\/users\/2"}],"replies":[{"embeddable":true,"href":"https:\/\/www.europesays.com\/fr\/wp-json\/wp\/v2\/comments?post=154471"}],"version-history":[{"count":0,"href":"https:\/\/www.europesays.com\/fr\/wp-json\/wp\/v2\/posts\/154471\/revisions"}],"wp:featuredmedia":[{"embeddable":true,"href":"https:\/\/www.europesays.com\/fr\/wp-json\/wp\/v2\/media\/154472"}],"wp:attachment":[{"href":"https:\/\/www.europesays.com\/fr\/wp-json\/wp\/v2\/media?parent=154471"}],"wp:term":[{"taxonomy":"category","embeddable":true,"href":"https:\/\/www.europesays.com\/fr\/wp-json\/wp\/v2\/categories?post=154471"},{"taxonomy":"post_tag","embeddable":true,"href":"https:\/\/www.europesays.com\/fr\/wp-json\/wp\/v2\/tags?post=154471"}],"curies":[{"name":"wp","href":"https:\/\/api.w.org\/{rel}","templated":true}]}}