{"id":154473,"date":"2025-06-05T17:28:18","date_gmt":"2025-06-05T17:28:18","guid":{"rendered":"https:\/\/www.europesays.com\/fr\/154473\/"},"modified":"2025-06-05T17:28:18","modified_gmt":"2025-06-05T17:28:18","slug":"le-groupe-sgm-obtient-un-refinancement-de-96-millions-deuros-pour-la-relance-de-ses-centres-commerciaux-2","status":"publish","type":"post","link":"https:\/\/www.europesays.com\/fr\/154473\/","title":{"rendered":"Le groupe SGM obtient un refinancement de 96 millions d&rsquo;euros pour la relance de ses centres commerciaux"},"content":{"rendered":"<p class=\"article-content col-md-8 offset-md-1\">\n                                La Soci\u00e9t\u00e9 des Grands Magasins, \u00e9galement connue sous le nom de groupe SGM, annonce un refinancement pour poursuivre la gestion et la transformation de ses centres commerciaux. La fonci\u00e8re lyonnaise men\u00e9e par la famille Merlin a ainsi obtenu un emprunt de 96 millions d&rsquo;euros adoss\u00e9 \u00e0 six sites de shopping: Les Tanneurs (Lille), Espace Grand\u2019Rue (Roubaix), Porte Jeune (Mulhouse), Okab\u00e9 (Kremlin-Bic\u00eatre), Galerie de l\u2019H\u00f4tel de Ville (Ch\u00e2lons-en-Champagne) et Saint-Jacques (Metz).<img decoding=\"async\" class=\"news-image\" style=\"width:100%;max-width:726px;\" src=\"https:\/\/www.europesays.com\/fr\/wp-content\/uploads\/2025\/06\/fc87.jpg\" alt=\"Le centre Okab\u00e9 au Kremlin-Bic\u00eatre (Val-de-Marne)\" loading=\"lazy\"\/>Le centre Okab\ufffd au Kremlin-Bic\ufffdtre (Val-de-Marne) &#8211; SGMConcr\u00e8tement, il s&rsquo;agit d&rsquo;un emprunt hypoth\u00e9caire amortissable sur quinze ans r\u00e9alis\u00e9 aupr\u00e8s de Bpifrance, BGL BNP Paribas ainsi que de plusieurs antennes r\u00e9gionales de la Caisse d\u2019\u00c9pargne (Pays de la Loire, Languedoc-Roussillon, C\u00f4te d\u2019Azur et Auvergne-Limousin). \u00ab\u00a0\u00c0 l\u2019issue de cette op\u00e9ration, le ratio loan-to-value (LTV) (\n                            <\/p>\n<p>\n                                Tous droits de reproduction et de repr\u00e9sentation r\u00e9serv\u00e9s.<br \/>\u00a9 2025 FashionNetwork.com\n                            <\/p>\n","protected":false},"excerpt":{"rendered":"La Soci\u00e9t\u00e9 des Grands Magasins, \u00e9galement connue sous le nom de groupe SGM, annonce un refinancement pour poursuivre&hellip;\n","protected":false},"author":2,"featured_media":154213,"comment_status":"","ping_status":"","sticky":false,"template":"","format":"standard","meta":{"footnotes":""},"categories":[2815],"tags":[1111,11,2424,4753,6486,537,2423,28422,1777,674,1011,27,4238,811,1307,2425,4754,985,12,2298,2426,2427,25,2421,2422],"class_list":{"0":"post-154473","1":"post","2":"type-post","3":"status-publish","4":"format-standard","5":"has-post-thumbnail","7":"category-lille","8":"tag-actu","9":"tag-actualites","10":"tag-beaute","11":"tag-bhv","12":"tag-bpifrance","13":"tag-contact","14":"tag-cosmetiques","15":"tag-espace-des-createurs","16":"tag-eu","17":"tag-europe","18":"tag-fr","19":"tag-france","20":"tag-galeries-lafayette","21":"tag-hauts-de-france","22":"tag-lille","23":"tag-luxe","24":"tag-merlin","25":"tag-mode","26":"tag-news","27":"tag-parfum","28":"tag-professionnel","29":"tag-professionnels","30":"tag-republique-francaise","31":"tag-reseau","32":"tag-textile"},"share_on_mastodon":{"url":"https:\/\/pubeurope.com\/@fr\/114631940764214328","error":""},"_links":{"self":[{"href":"https:\/\/www.europesays.com\/fr\/wp-json\/wp\/v2\/posts\/154473","targetHints":{"allow":["GET"]}}],"collection":[{"href":"https:\/\/www.europesays.com\/fr\/wp-json\/wp\/v2\/posts"}],"about":[{"href":"https:\/\/www.europesays.com\/fr\/wp-json\/wp\/v2\/types\/post"}],"author":[{"embeddable":true,"href":"https:\/\/www.europesays.com\/fr\/wp-json\/wp\/v2\/users\/2"}],"replies":[{"embeddable":true,"href":"https:\/\/www.europesays.com\/fr\/wp-json\/wp\/v2\/comments?post=154473"}],"version-history":[{"count":0,"href":"https:\/\/www.europesays.com\/fr\/wp-json\/wp\/v2\/posts\/154473\/revisions"}],"wp:featuredmedia":[{"embeddable":true,"href":"https:\/\/www.europesays.com\/fr\/wp-json\/wp\/v2\/media\/154213"}],"wp:attachment":[{"href":"https:\/\/www.europesays.com\/fr\/wp-json\/wp\/v2\/media?parent=154473"}],"wp:term":[{"taxonomy":"category","embeddable":true,"href":"https:\/\/www.europesays.com\/fr\/wp-json\/wp\/v2\/categories?post=154473"},{"taxonomy":"post_tag","embeddable":true,"href":"https:\/\/www.europesays.com\/fr\/wp-json\/wp\/v2\/tags?post=154473"}],"curies":[{"name":"wp","href":"https:\/\/api.w.org\/{rel}","templated":true}]}}