{"id":154477,"date":"2025-06-05T17:31:25","date_gmt":"2025-06-05T17:31:25","guid":{"rendered":"https:\/\/www.europesays.com\/fr\/154477\/"},"modified":"2025-06-05T17:31:25","modified_gmt":"2025-06-05T17:31:25","slug":"a-70-ans-opere-du-coeur-il-participe-a-ce-defi-fou","status":"publish","type":"post","link":"https:\/\/www.europesays.com\/fr\/154477\/","title":{"rendered":"\u00e0 70 ans, op\u00e9r\u00e9 du coeur, il participe \u00e0 ce d\u00e9fi fou"},"content":{"rendered":"<p>            Par<br \/>\n        <strong><br \/>\n            <a href=\"https:\/\/actu.fr\/auteur\/fabien-binacchi\" title=\"Consulter tous les articles de Fabien Binacchi\" rel=\"nofollow noopener\" target=\"_blank\">Fabien Binacchi<\/a><br \/>\n        <\/strong><\/p>\n<p>        Publi\u00e9 le<\/p>\n<p>            5 juin 2025 \u00e0 18h34        <\/p>\n<p>Ce week-end, d\u00e8s ce vendredi 6 juin 2025, et le suivant, 10 000 nageurs s\u2019\u00e9lanceront pour un d\u00e9fi unique dans la rade de <a href=\"https:\/\/actu.fr\/marseille\/\" rel=\"nofollow noopener\" target=\"_blank\">Marseille<\/a>\u2009: <strong>le D\u00e9fi Monte-Cristo.<\/strong> Une s\u00e9rie de courses Dant\u00e8s(ques) inspir\u00e9es par l\u2019\u00e9vasion, depuis le <a href=\"https:\/\/actu.fr\/provence-alpes-cote-d-azur\/marseille_13055\/monument-prefere-des-francais-2023-ce-site-marseillais-sera-t-il-selectionne_59549457.html\" rel=\"nofollow noopener\" target=\"_blank\">Ch\u00e2teau d\u2019If,<\/a> du h\u00e9ros du roman d\u2019Alexandre Dumas, incarn\u00e9 \u00e0 l\u2019\u00e9cran par Pierre Niney. Une 27e \u00e9dition qui va f\u00e9d\u00e9rer une communaut\u00e9 de sportifs et d\u2019amateurs anim\u00e9s par la m\u00eame id\u00e9e du <strong>d\u00e9passement de soi.<\/strong> Avec <strong>des profils qui forcent le respect.<\/strong> Comme le doyen des inscrits, Jean-Claude Paul, un Francilien de 88 ans, et Francismar Siviero, un septuag\u00e9naire op\u00e9r\u00e9 du c\u0153ur, avec qui actu Marseille a pu \u00e9changer avant la course. Entretien.<\/p>\n<p class=\" wall-content\">Francismar Siviero est en visite \u00e0 Marseille pour la premi\u00e8re fois de sa vie. Et ce Br\u00e9silien de 70 ans d\u00e9couvrira la deuxi\u00e8me ville de France par la mer. Un saut dans le grand bain pour celui qui nage assid\u00fbment depuis qu\u2019il a 18 ans, \u00e0 l\u2019occasion <a href=\"https:\/\/www.defimonte-cristo.com\/fr\" rel=\"nofollow noopener\" target=\"_blank\">du D\u00e9fi Monte-Cristo.<\/a> Il le rel\u00e8vera \u00e0 travers <strong>le parcours de 2,5km, sans palme,<\/strong> ce samedi 7 juin 2025.<\/p>\n<p class=\" wall-content\"><a href=\"https:\/\/www.instagram.com\/francisswim\/reel\/DEZGDfxMTVk\/embed\" title=\"Ouvrir le lien sur Instagram\" rel=\"nofollow noopener\" target=\"_blank\">Visualiser le contenu sur Instagram<\/a><\/p>\n<p class=\" wall-content\">Un challenge personnel, pour cet homme qui a surv\u00e9cu \u00e0 une op\u00e9ration du c\u0153ur, mais aussi engag\u00e9. Son projet, baptis\u00e9 <strong>\u00ab\u2009Nager \u00e0 travers les cartes postales\u2009\u00bb,<\/strong> qu\u2019il partage notamment <a href=\"https:\/\/www.instagram.com\/francisswim\" rel=\"nofollow noopener\" target=\"_blank\">sur Instagram,<\/a> l\u2019emm\u00e8ne \u00e0 parcourir le monde pour \u00ab\u2009promouvoir la sant\u00e9, le respect de l\u2019environnement et l\u2019acc\u00e8s d\u00e9mocratique au sport\u2009\u00bb.<\/p>\n<p class=\"ac-article-content__question wall-content\"><strong class=\"color-primary\">Actu : <\/strong>Pratiquer la natation \u00e0 ce niveau-l\u00e0 et surtout dans un d\u00e9fi aussi intense que celui-l\u00e0 ressemble \u00e0 un exploit vu ce que vous avez travers\u00e9\u2026<\/p>\n<p class=\" wall-content\"><strong class=\"color-primary\">Francismar Siviero : <\/strong>J\u2019ai d\u00fb effectivement faire face \u00e0 certains d\u00e9fis importants, des probl\u00e8mes cardiaques. Il y a eu une p\u00e9riode o\u00f9 ma condition physique \u00e9tait tr\u00e8s compromise. Mais, c\u2019est justement \u00e0 ce moment-l\u00e0 que la natation est devenue une forme de renaissance. Elle m\u2019a non seulement aid\u00e9 \u00e0 me r\u00e9tablir, mais elle est aussi devenue un v\u00e9ritable mode de vie.<\/p>\n<p class=\"ac-article-content__question wall-content\">Vos m\u00e9decins vous encouragent-ils dans cette pratique du sport\u2009? Il n\u2019y a pas de contre-indications\u2009?<\/p>\n<p class=\" wall-content\"><strong class=\"color-primary\">F. S. : <\/strong>Mes m\u00e9decins me suivent de pr\u00e8s et ils m\u2019ont toujours encourag\u00e9 \u00e0 continuer \u00e0 nager. La pratique r\u00e9guli\u00e8re d\u2019une activit\u00e9 physique, surtout en milieu naturel, a largement contribu\u00e9 \u00e0 ma r\u00e9\u00e9ducation. Je fais des examens r\u00e9guliers et je suis rigoureusement les recommandations m\u00e9dicales. Pour moi, cette activit\u00e9 sportive est une mani\u00e8re s\u00fbre et efficace de garder le corps et l\u2019esprit en bonne sant\u00e9.<\/p>\n<p class=\"ac-article-content__question wall-content\">Comment vous pr\u00e9parez-vous \u00e0 ce genre d\u2019\u00e9v\u00e9nements\u2009?<\/p>\n<p class=\" wall-content\"><strong class=\"color-primary\">F. S. : <\/strong>Je m\u2019entra\u00eene cinq fois par semaine \u00e0 la piscine olympique du Parc sportif de l\u2019Universit\u00e9 catholique pontificale, \u00e0 Porto Alegre. Je fais aussi deux s\u00e9ances hebdomadaires de musculation, ainsi qu\u2019une marche quotidienne de 4\u00a0km en compagnie de mon \u00e9pouse, Soraya Siviero, biologiste, qui est aussi la r\u00e9dactrice et la photographe du projet.<\/p>\n<p class=\"ac-article-content__question wall-content\">En quoi consiste votre projet\u2009?<\/p>\n<p class=\" wall-content\"><strong class=\"color-primary\">F. S. : <\/strong>\u00ab\u00a0Nager \u00e0 travers les cartes postales\u00a0\u00bb allie sport, conscience environnementale et inclusion sociale. L\u2019id\u00e9e est de nager dans des lieux embl\u00e9matiques \u00e0 travers le monde pour promouvoir la sant\u00e9, le respect de l\u2019environnement et l\u2019acc\u00e8s d\u00e9mocratique au sport. Chaque \u00e9tape v\u00e9hicule un message\u2009: chacun peut d\u00e9passer ses limites et puiser sa force dans la connexion avec la nature.<\/p>\n<p class=\"ac-article-content__question wall-content\">Cette course, \u00e0 Marseille, \u00e9tait un passage oblig\u00e9\u2009?<\/p>\n<p class=\" wall-content\"><strong class=\"color-primary\">F. S. : <\/strong>Participer au\u00a0D\u00e9fi de Monte-Cristo\u00a0a toujours \u00e9t\u00e9 un r\u00eave. C\u2019est une course porteuse d\u2019un symbolisme fort, m\u00ealant histoire, d\u00e9passement de soi et beaut\u00e9 naturelle. Pour moi, nager ici d\u00e9passe la comp\u00e9tition\u2009: c\u2019est une exp\u00e9rience qui unit culture et endurance physique. De plus, ce sera la derni\u00e8re \u00e9tape de ma tourn\u00e9e europ\u00e9enne en 2025, une mani\u00e8re id\u00e9ale de cl\u00f4turer ce chapitre du projet.<\/p>\n<p class=\"ac-article-content__question wall-content\">Le D\u00e9fi de Monte-Cristo fait \u00e9cho \u00e0 la t\u00e9nacit\u00e9 du h\u00e9ros d\u2019Alexandre Dumas, qui s\u2019est \u00e9vad\u00e9 \u00e0 la nage du Ch\u00e2teau d\u2019If, o\u00f9 il avait \u00e9t\u00e9 injustement emprisonn\u00e9. Comment cette histoire fait-elle \u00e9cho en vous\u2009?<\/p>\n<p class=\" wall-content\"><strong class=\"color-primary\">F. S. : <\/strong>Elle repr\u00e9sente la libert\u00e9. Tout comme le personnage d\u2019Edmond Dant\u00e8s, je vois cette travers\u00e9e comme un symbole de d\u00e9passement personnel. Chaque coup de bras est une c\u00e9l\u00e9bration de la vie, de la sant\u00e9 retrouv\u00e9e et de la possibilit\u00e9 de rester inspir\u00e9 et, je l\u2019esp\u00e8re, d\u2019inspirer les autres. L\u2019\u00e9vasion du personnage est une m\u00e9taphore qui r\u00e9sonne avec mon propre parcours, sortir des difficult\u00e9s pour nager vers la libert\u00e9. Avoir la chance de vivre cela symboliquement, exactement \u00e0 l\u2019endroit d\u00e9crit par Alexandre Dumas, est pour moi tr\u00e8s \u00e9mouvant.<\/p>\n<p class=\" wall-content\">Suivez toute l\u2019actualit\u00e9 de vos villes et m\u00e9dias favoris en vous inscrivant \u00e0 <a href=\"https:\/\/moncompte.actu.fr\" title=\"D\u00e9couvez Mon Actu\" rel=\"nofollow noopener\" data-trk=\"{&quot;cta&quot;:{&quot;action&quot;:&quot;https:\\\/\\\/moncompte.actu.fr&quot;,&quot;category&quot;:&quot;mon compte&quot;,&quot;from&quot;:&quot;article footer&quot;,&quot;name&quot;:&quot;Mon actu&quot;,&quot;type&quot;:&quot;cta&quot;}}\" target=\"_blank\">Mon Actu<\/a>.<\/p>\n<p>                    <script async src=\"\/\/www.instagram.com\/embed.js\"><\/script><\/p>\n","protected":false},"excerpt":{"rendered":"Par Fabien Binacchi Publi\u00e9 le 5 juin 2025 \u00e0 18h34 Ce week-end, d\u00e8s ce vendredi 6 juin 2025,&hellip;\n","protected":false},"author":2,"featured_media":154478,"comment_status":"","ping_status":"","sticky":false,"template":"","format":"standard","meta":{"footnotes":""},"categories":[2814],"tags":[1111,11,3750,1777,674,1011,27,1757,884,6127,12,882,25,517],"class_list":{"0":"post-154477","1":"post","2":"type-post","3":"status-publish","4":"format-standard","5":"has-post-thumbnail","7":"category-marseille","8":"tag-actu","9":"tag-actualites","10":"tag-defi","11":"tag-eu","12":"tag-europe","13":"tag-fr","14":"tag-france","15":"tag-insolite","16":"tag-marseille","17":"tag-mer","18":"tag-news","19":"tag-provence-alpes-cote-dazur","20":"tag-republique-francaise","21":"tag-sport"},"share_on_mastodon":{"url":"https:\/\/pubeurope.com\/@fr\/114631952695549469","error":""},"_links":{"self":[{"href":"https:\/\/www.europesays.com\/fr\/wp-json\/wp\/v2\/posts\/154477","targetHints":{"allow":["GET"]}}],"collection":[{"href":"https:\/\/www.europesays.com\/fr\/wp-json\/wp\/v2\/posts"}],"about":[{"href":"https:\/\/www.europesays.com\/fr\/wp-json\/wp\/v2\/types\/post"}],"author":[{"embeddable":true,"href":"https:\/\/www.europesays.com\/fr\/wp-json\/wp\/v2\/users\/2"}],"replies":[{"embeddable":true,"href":"https:\/\/www.europesays.com\/fr\/wp-json\/wp\/v2\/comments?post=154477"}],"version-history":[{"count":0,"href":"https:\/\/www.europesays.com\/fr\/wp-json\/wp\/v2\/posts\/154477\/revisions"}],"wp:featuredmedia":[{"embeddable":true,"href":"https:\/\/www.europesays.com\/fr\/wp-json\/wp\/v2\/media\/154478"}],"wp:attachment":[{"href":"https:\/\/www.europesays.com\/fr\/wp-json\/wp\/v2\/media?parent=154477"}],"wp:term":[{"taxonomy":"category","embeddable":true,"href":"https:\/\/www.europesays.com\/fr\/wp-json\/wp\/v2\/categories?post=154477"},{"taxonomy":"post_tag","embeddable":true,"href":"https:\/\/www.europesays.com\/fr\/wp-json\/wp\/v2\/tags?post=154477"}],"curies":[{"name":"wp","href":"https:\/\/api.w.org\/{rel}","templated":true}]}}