{"id":154479,"date":"2025-06-05T17:32:08","date_gmt":"2025-06-05T17:32:08","guid":{"rendered":"https:\/\/www.europesays.com\/fr\/154479\/"},"modified":"2025-06-05T17:32:08","modified_gmt":"2025-06-05T17:32:08","slug":"beatrice-de-montille-opposee-a-la-gratuite-des-tcl-proposee-par-aulas","status":"publish","type":"post","link":"https:\/\/www.europesays.com\/fr\/154479\/","title":{"rendered":"B\u00e9atrice de Montille \u00ab\u00a0oppos\u00e9e\u00a0\u00bb \u00e0 la gratuit\u00e9 des TCL propos\u00e9e par Aulas"},"content":{"rendered":"<p>            Par<br \/>\n        <strong><br \/>\n            <a href=\"https:\/\/actu.fr\/auteur\/nicolas-zaugra\" title=\"Consulter tous les articles de Nicolas Zaugra\" target=\"_blank\" rel=\"noopener\">Nicolas Zaugra<\/a><br \/>\n        <\/strong><\/p>\n<p>        Publi\u00e9 le<\/p>\n<p>            5 juin 2025 \u00e0 19h27        <\/p>\n<p>La nouvelle proposition de <a href=\"https:\/\/actu.fr\/auvergne-rhone-alpes\/lyon_69123\/lyon-municipales-2026-jean-michel-aulas-gagne-un-nouveau-soutien-de-taille_62721888.html\" target=\"_blank\" rel=\"noopener\">Jean-Michel Aulas<\/a> engag\u00e9 dans la course aux municipales 2026 \u00e0 <a href=\"https:\/\/actu.fr\/auvergne-rhone-alpes\/lyon_69123\" target=\"_blank\" rel=\"noopener\">Lyon<\/a>, sans pour autant \u00eatre d\u00e9clar\u00e9 officiellement, fait d\u00e9j\u00e0 du bruit. Le chef d\u2019entreprise et ancien patron de l\u2019OL a propos\u00e9 ce jeudi de <a href=\"https:\/\/actu.fr\/auvergne-rhone-alpes\/lyon_69123\/lyon-municipales-2026-jean-michel-aulas-propose-d-etendre-la-gratuite-des-tcl-aux-lyonnais_62732394.html\" target=\"_blank\" rel=\"noopener\">rendre les transports en communs (TCL) gratuits pour tous les Lyonnais gagnant moins de 2 500 euros net mensuels<\/a>.<\/p>\n<p class=\" wall-content\">Une id\u00e9e qui ne semble pas vraiment s\u00e9duire la droite lyonnaise pourtant en partie d\u00e9j\u00e0 en soutien \u00e0 Jean-Michel Aulas. La conseill\u00e8re municipale LR <a href=\"https:\/\/actu.fr\/auvergne-rhone-alpes\/lyon_69123\/lyon-beatrice-de-montille-vise-la-mairie-en-2026-la-ville-est-degradee-et-triste_61977086.html\" target=\"_blank\" rel=\"noopener\">B\u00e9atrice de Montille<\/a> r\u00e9cemment nomm\u00e9e secr\u00e9taire g\u00e9n\u00e9rale adjointe du parti au niveau national se dit oppos\u00e9e \u00e0 la mesure. Invit\u00e9e de l\u2019\u00e9mission de BFM Lyon en partenariat avec actu Lyon, l\u2019\u00e9lue a critiqu\u00e9 la proposition de celui qu\u2019elle dit pourtant soutenir.<\/p>\n<p>\u00ab\u00a0Je suis oppos\u00e9e \u00e0 la gratuit\u00e9 des transports en commun\u00a0\u00bb<\/p>\n<p class=\" wall-content\">\u00ab\u00a0Les deux premi\u00e8res propositions de Jean-Michel Aulas me paraissaient int\u00e9ressantes (celles de <a href=\"https:\/\/actu.fr\/auvergne-rhone-alpes\/lyon_69123\/lyon-municipales-2026-jean-michel-aulas-fait-sa-premiere-proposition-choc-de-campagne_62665560.html\" target=\"_blank\" rel=\"noopener\">ne pas toucher ses indemnit\u00e9s de maire<\/a> et de <a href=\"https:\/\/actu.fr\/auvergne-rhone-alpes\/lyon_69123\/lyon-municipales-2026-jean-michel-aulas-propose-de-supprimer-le-cabinet-du-maire_62690848.html\" target=\"_blank\" rel=\"noopener\">supprimer son cabinet<\/a>) car c\u2019est une nouvelle fa\u00e7on de gouverner\u00a0\u00bb, a salu\u00e9 l\u2019\u00e9lue LR. \u00ab\u00a0J\u2019ai bien aim\u00e9 ses deux premi\u00e8res annonces mais je ne suis pas align\u00e9e avec cette troisi\u00e8me annonce, je suis oppos\u00e9e \u00e0 la gratuit\u00e9 des transports en commun\u00a0\u00bb, d\u00e9clare B\u00e9atrice de Montille.<\/p>\n<p class=\" wall-content\">\n<p>\u00ab\u00a0C\u2019est une mesure choc qui veut faire du bruit\u00a0\u00bb<\/p>\n<p class=\" wall-content\">\u00ab\u00a0Ce n\u2019est pas la premi\u00e8re demande des habitants, leur premi\u00e8re demande c\u2019est des transports plus s\u00fbrs, fr\u00e9quents, propres. Le prix arrive finalement loin derri\u00e8re en terme de priorit\u00e9s. Il y a d\u00e9j\u00e0 un certain nombre d\u2019avantages pour les gens modestes\u00a0\u00bb, souligne la conseill\u00e8re municipale d\u2019opposition.<\/p>\n<p class=\" wall-content\">\u00ab\u00a0Il faut r\u00e9fl\u00e9chir aux transports en commun et de mobilit\u00e9s au sens large, de fa\u00e7on globale. C\u2019est une mesure choc qui veut faire du bruit, trop pr\u00e9cise \u00e0 ce stade de la campagne, j\u2019y suis tr\u00e8s clairement oppos\u00e9e\u00a0\u00bb.<\/p>\n<p class=\" wall-content\">Selon elle, les 30 millions d\u2019euros de co\u00fbt annuel de la mesure pour la Ville \u00ab\u00a0iraient en priorit\u00e9 sur la s\u00e9curit\u00e9 et sur le respect du civisme\u00a0\u00bb.\u00a0<\/p>\n<p class=\" wall-content\">Durant l\u2019\u00e9mission, l\u2019\u00e9lue a toutefois r\u00e9p\u00e9t\u00e9 son soutien \u00e0 la candidature de \u00ab\u00a0rassemblement\u00a0\u00bb de Jean-Michel Aulas \u00e0 la mairie de Lyon et appel\u00e9 <a href=\"https:\/\/actu.fr\/auvergne-rhone-alpes\/lyon_69123\/lyon-plainte-intimidations-pierre-oliver-denonce-les-methodes-des-equipes-aulas_62640869.html\" target=\"_blank\" rel=\"noopener\">Pierre Oliver<\/a> (LR) \u00e0 se ranger derri\u00e8re lui.<\/p>\n<p class=\" wall-content\">Suivez toute l\u2019actualit\u00e9 de vos villes et m\u00e9dias favoris en vous inscrivant \u00e0 <a href=\"https:\/\/moncompte.actu.fr\" title=\"D\u00e9couvez Mon Actu\" rel=\"nofollow noopener\" data-trk=\"{&quot;cta&quot;:{&quot;action&quot;:&quot;https:\\\/\\\/moncompte.actu.fr&quot;,&quot;category&quot;:&quot;mon compte&quot;,&quot;from&quot;:&quot;article footer&quot;,&quot;name&quot;:&quot;Mon actu&quot;,&quot;type&quot;:&quot;cta&quot;}}\" target=\"_blank\">Mon Actu<\/a>.<\/p>\n","protected":false},"excerpt":{"rendered":"Par Nicolas Zaugra Publi\u00e9 le 5 juin 2025 \u00e0 19h27 La nouvelle proposition de Jean-Michel Aulas engag\u00e9 dans&hellip;\n","protected":false},"author":2,"featured_media":154480,"comment_status":"","ping_status":"","sticky":false,"template":"","format":"standard","meta":{"footnotes":""},"categories":[1889],"tags":[1111,11,2430,1777,674,1011,27,5227,8335,2428,12,316,25,5787],"class_list":{"0":"post-154479","1":"post","2":"type-post","3":"status-publish","4":"format-standard","5":"has-post-thumbnail","7":"category-lyon","8":"tag-actu","9":"tag-actualites","10":"tag-auvergne-rhone-alpes","11":"tag-eu","12":"tag-europe","13":"tag-fr","14":"tag-france","15":"tag-jean-michel-aulas","16":"tag-les-republicains-lr","17":"tag-lyon","18":"tag-news","19":"tag-politique","20":"tag-republique-francaise","21":"tag-transports-en-commun-lyonnais-tcl"},"share_on_mastodon":{"url":"https:\/\/pubeurope.com\/@fr\/114631956603630410","error":""},"_links":{"self":[{"href":"https:\/\/www.europesays.com\/fr\/wp-json\/wp\/v2\/posts\/154479","targetHints":{"allow":["GET"]}}],"collection":[{"href":"https:\/\/www.europesays.com\/fr\/wp-json\/wp\/v2\/posts"}],"about":[{"href":"https:\/\/www.europesays.com\/fr\/wp-json\/wp\/v2\/types\/post"}],"author":[{"embeddable":true,"href":"https:\/\/www.europesays.com\/fr\/wp-json\/wp\/v2\/users\/2"}],"replies":[{"embeddable":true,"href":"https:\/\/www.europesays.com\/fr\/wp-json\/wp\/v2\/comments?post=154479"}],"version-history":[{"count":0,"href":"https:\/\/www.europesays.com\/fr\/wp-json\/wp\/v2\/posts\/154479\/revisions"}],"wp:featuredmedia":[{"embeddable":true,"href":"https:\/\/www.europesays.com\/fr\/wp-json\/wp\/v2\/media\/154480"}],"wp:attachment":[{"href":"https:\/\/www.europesays.com\/fr\/wp-json\/wp\/v2\/media?parent=154479"}],"wp:term":[{"taxonomy":"category","embeddable":true,"href":"https:\/\/www.europesays.com\/fr\/wp-json\/wp\/v2\/categories?post=154479"},{"taxonomy":"post_tag","embeddable":true,"href":"https:\/\/www.europesays.com\/fr\/wp-json\/wp\/v2\/tags?post=154479"}],"curies":[{"name":"wp","href":"https:\/\/api.w.org\/{rel}","templated":true}]}}