{"id":15448,"date":"2025-04-10T16:56:23","date_gmt":"2025-04-10T16:56:23","guid":{"rendered":"https:\/\/www.europesays.com\/fr\/15448\/"},"modified":"2025-04-10T16:56:23","modified_gmt":"2025-04-10T16:56:23","slug":"besoin-daide-pour-declarer-vos-revenus-actualites","status":"publish","type":"post","link":"https:\/\/www.europesays.com\/fr\/15448\/","title":{"rendered":"Besoin d&rsquo;aide pour d\u00e9clarer vos revenus ? \/ Actualit\u00e9s"},"content":{"rendered":"<p>La Direction g\u00e9n\u00e9rale des Finances publiques (DGFIP), en partenariat avec la Ville de Lille, propose des permanences \u00e0 la Maison des solidarit\u00e9s pour aider les Lillois(es) \u00e0 remplir leur d\u00e9claration de revenus.<\/p>\n<p>            <img loading=\"lazy\" decoding=\"async\" src=\"\/var\/www\/storage\/images\/mediatheque\/mairie-de-lille\/actualites\/images\/2025\/avril\/mds\/3738153-1-fre-FR\/mds_news_image_top.jpg\" width=\"779\" height=\"518\" alt=\"Maison des solidarit\u00e9s\"\/><br \/>\n    \tMaison des solidarit\u00e9s<\/p>\n<p>La Maison des solidarit\u00e9s<\/p>\n<p>\nLa <a href=\"https:\/\/www.lille.fr\/Nos-equipements\/La-Maison-des-solidarites\" target=\"_self\" class=\"lien_interne\" rel=\"nofollow noopener\">Maison des solidarit\u00e9s<\/a> qui se situe boulevard de Metz, pr\u00e8s de la Porte des Postes est une mesure phare du Plan de lutte contre les exclusions de la Ville de Lille.<br \/>C&rsquo;est <strong>un espace d\u2019accompagnement social multiservices<\/strong>, un lieu ressources pour les associations, et un lieu d\u2019\u00e9coute pour les Lillois en situation d\u2019exclusion.<\/p>\n<p>Sur place, <strong>les partenaires sont pr\u00e9sents<\/strong>, comme la CARSAT, des \u00e9crivains publics, le d\u00e9fenseur des droits, etc. pour r\u00e9pondre aux sollicitations.<\/p>\n<p>La Ville de Lille a r\u00e9cemment sign\u00e9 une convention de partenariat avec la Direction r\u00e9gionale des finances publiques pour organiser des permanences \u00e0 destination des lillois et des lilloises qui rencontrent des difficult\u00e9s pour remplir leur d\u00e9claration de revenus.<\/p>\n<p>Une aide pour d\u00e9clarer ses revenus<\/p>\n<p><strong>La d\u00e9claration de revenus doit s&rsquo;effectuer en ligne du 10 avril au 5 juin 2025.<\/strong><\/p>\n<p>La g\u00e9n\u00e9ralisation de la d\u00e9mat\u00e9rialisation des d\u00e9marches administratives rendant l&rsquo;utilisation de l&rsquo;outil informatique de plus en plus indispensable, certaines personnes peuvent se retrouver en difficult\u00e9.<\/p>\n<p>Les citoyens (usagers non professionnels) qui ne disposent pas d&rsquo;acc\u00e8s \u00e0 internet ou qui ne maitrisent pas suffisamment l&rsquo;outil informatique peuvent se rendre \u00e0 la Maison des solidarit\u00e9s pour obtenir de l&rsquo;aide dans la r\u00e9alisation des d\u00e9marches \u00e0 r\u00e9aliser en ligne sur le site de la DGFIP (d\u00e9claration de revenus, mise \u00e0 jour de situation, paiement en ligne&#8230;)<\/p>\n<p>Prendre rendez-vous<\/p>\n<p>La prise de rendez-vous peut s&rsquo;effectuer :\u00a0<\/p>\n<ul class=\"listPuce\">\n<li>Sur impots.gouv.fr (rubrique <a href=\"https:\/\/www.impots.gouv.fr\/contacts\" target=\"_self\" class=\"lien_interne\" rel=\"nofollow noopener\">Contact et RDV<\/a>) &#8211; <a href=\"https:\/\/www.lille.fr\/content\/download\/356666\/3738157\/file\/pasapas.pdf\" target=\"_self\" class=\"lien_interne\" rel=\"nofollow noopener\">Mode d&#8217;emploi pas \u00e0 pas<\/a><\/li>\n<li>Par t\u00e9l\u00e9phone, au 0 809 401 401 (Service gratuit + prix de l&rsquo;appel)<\/li>\n<li>A l\u2019accueil de\u00a0la Maison des solidarit\u00e9s (104 &#8211; 108 boulevard de Metz \u00e0 Lille)<\/li>\n<\/ul>\n<p>Dates des permanences\u00a0<\/p>\n<ul class=\"listPuce\">\n<li>Mardi 15 avril de 13h \u00e0 16h<\/li>\n<li>Jeudi 17 avril\u00a0de 13h \u00e0 16h<\/li>\n<li>Mardi 22 avril de 9h \u00e0 12h<\/li>\n<li>Vendredi 25 avril\u00a0de 9h \u00e0 12h<\/li>\n<li>Mardi 29 avril\u00a0de 13h \u00e0 16h<\/li>\n<li>Mardi 6 mai\u00a0de 9h \u00e0 12h<\/li>\n<li>Vendredi 9 mai\u00a0de 9h \u00e0 12h<\/li>\n<li>Mardi 13 mai\u00a0de 13h \u00e0 16h<\/li>\n<li>Jeudi 15 mai\u00a0de 13h \u00e0 16h<\/li>\n<li>Mardi 20 mai\u00a0de 9h \u00e0 12h<\/li>\n<li>Vendredi 23 mai\u00a0de 9h \u00e0 12h<\/li>\n<li>Mardi 27 mai\u00a0de 13h \u00e0 16h<\/li>\n<li>Mardi 3 juin\u00a0de 9h \u00e0 12h<\/li>\n<\/ul>\n<p>            Lire aussi<\/p>\n<p>            <img loading=\"lazy\" decoding=\"async\" src=\"\/var\/www\/storage\/images\/mediatheque\/mairie-de-lille\/actualites\/images\/2022\/cni\/3056199-1-fre-FR\/cni_crossreading.jpg\" width=\"95\" height=\"95\" alt=\"\"\/>           <\/p>\n<p>            <img loading=\"lazy\" decoding=\"async\" src=\"\/var\/www\/storage\/images\/mediatheque\/mairie-de-lille\/actualites\/images\/2021\/pass-lille-moi\/2879068-1-fre-FR\/Pass-lille-moi_crossreading.jpg\" width=\"95\" height=\"95\" alt=\"\"\/>           <\/p>\n<p>        <a href=\"https:\/\/www.lille.fr\/Actualites\/Tout-savoir-sur-le-pass-Lille-moi\" class=\"actuTitle\" title=\"Tout savoir sur le pass Lille&amp;moi\" rel=\"nofollow noopener\" target=\"_blank\">Tout savoir sur le pass Lille&amp;moi<\/a>Loisirs<\/p>\n<p>Le pass Lille&amp;moi permet aux habitants de Lille, Hellemmes ou Lomme d\u2019acc\u00e9der \u00e0 des r\u00e9ductions et services exclusifs dans les structures munic&#8230;<\/p>\n<p>        <a href=\"https:\/\/www.lille.fr\/Actualites\/Tout-savoir-sur-le-pass-Lille-moi\" class=\"voirActus\" rel=\"nofollow noopener\" target=\"_blank\">Voir<\/a><\/p>\n<p>            <img loading=\"lazy\" decoding=\"async\" src=\"\/var\/www\/storage\/images\/mediatheque\/mairie-de-lille\/n1\/votre-mairie\/la-mairie-de-lille\/mairie-de-quartier-de-fives\/69697-1-fre-FR\/Mairie-de-quartier-de-Fives_crossreading.jpg\" width=\"95\" height=\"95\" alt=\"\"\/>           <\/p>\n<p>        <a href=\"https:\/\/www.lille.fr\/Votre-Mairie\/La-mairie-de-Lille\/Mairies-de-quartier\" class=\"actuTitle\" title=\"Mairies de quartier\" rel=\"nofollow noopener\" target=\"_blank\">Mairies de quartier<\/a><\/p>\n<p>Elles sont devenues au fil des ans, le service lillois de proximit\u00e9 et d\u2019accueil des habitants mais aussi de la d\u00e9mocratie participative au traver&#8230;<\/p>\n<p>        <a href=\"https:\/\/www.lille.fr\/Votre-Mairie\/La-mairie-de-Lille\/Mairies-de-quartier\" class=\"voirActus\" rel=\"nofollow noopener\" target=\"_blank\">Voir<\/a><\/p>\n","protected":false},"excerpt":{"rendered":"La Direction g\u00e9n\u00e9rale des Finances publiques (DGFIP), en partenariat avec la Ville de Lille, propose des permanences \u00e0&hellip;\n","protected":false},"author":2,"featured_media":15449,"comment_status":"","ping_status":"","sticky":false,"template":"","format":"standard","meta":{"footnotes":""},"categories":[2815],"tags":[1111,11,4763,1777,674,1011,27,811,1307,5415,12,25],"class_list":{"0":"post-15448","1":"post","2":"type-post","3":"status-publish","4":"format-standard","5":"has-post-thumbnail","7":"category-lille","8":"tag-actu","9":"tag-actualites","10":"tag-agenda","11":"tag-eu","12":"tag-europe","13":"tag-fr","14":"tag-france","15":"tag-hauts-de-france","16":"tag-lille","17":"tag-mairie","18":"tag-news","19":"tag-republique-francaise"},"share_on_mastodon":{"url":"https:\/\/pubeurope.com\/@fr\/114314725589375359","error":""},"_links":{"self":[{"href":"https:\/\/www.europesays.com\/fr\/wp-json\/wp\/v2\/posts\/15448","targetHints":{"allow":["GET"]}}],"collection":[{"href":"https:\/\/www.europesays.com\/fr\/wp-json\/wp\/v2\/posts"}],"about":[{"href":"https:\/\/www.europesays.com\/fr\/wp-json\/wp\/v2\/types\/post"}],"author":[{"embeddable":true,"href":"https:\/\/www.europesays.com\/fr\/wp-json\/wp\/v2\/users\/2"}],"replies":[{"embeddable":true,"href":"https:\/\/www.europesays.com\/fr\/wp-json\/wp\/v2\/comments?post=15448"}],"version-history":[{"count":0,"href":"https:\/\/www.europesays.com\/fr\/wp-json\/wp\/v2\/posts\/15448\/revisions"}],"wp:featuredmedia":[{"embeddable":true,"href":"https:\/\/www.europesays.com\/fr\/wp-json\/wp\/v2\/media\/15449"}],"wp:attachment":[{"href":"https:\/\/www.europesays.com\/fr\/wp-json\/wp\/v2\/media?parent=15448"}],"wp:term":[{"taxonomy":"category","embeddable":true,"href":"https:\/\/www.europesays.com\/fr\/wp-json\/wp\/v2\/categories?post=15448"},{"taxonomy":"post_tag","embeddable":true,"href":"https:\/\/www.europesays.com\/fr\/wp-json\/wp\/v2\/tags?post=15448"}],"curies":[{"name":"wp","href":"https:\/\/api.w.org\/{rel}","templated":true}]}}