{"id":154489,"date":"2025-06-05T17:37:10","date_gmt":"2025-06-05T17:37:10","guid":{"rendered":"https:\/\/www.europesays.com\/fr\/154489\/"},"modified":"2025-06-05T17:37:10","modified_gmt":"2025-06-05T17:37:10","slug":"ma-fille-est-terrorisee-le-domicile-de-la-militante-ecologiste-claire-nouvian-vandalise","status":"publish","type":"post","link":"https:\/\/www.europesays.com\/fr\/154489\/","title":{"rendered":"\u00ab Ma fille est terroris\u00e9e \u00bb\u2026 Le domicile de la militante \u00e9cologiste Claire Nouvian vandalis\u00e9"},"content":{"rendered":"<p><strong>Intimidation &#8211; La porte de l\u2019appartement parisien de la militante \u00e9cologiste Claire Nouvian a \u00e9t\u00e9 vandalis\u00e9e. Elle demande \u00ab une enqu\u00eate et une protection polici\u00e8re imm\u00e9diates \u00bb<\/strong><\/p>\n<p>\u00ab Jusqu\u2019o\u00f9 iront-ils la prochaine fois ? \u00bb La militante <a href=\"https:\/\/www.20minutes.fr\/dossier\/ecologie?at_medium=RSS%20feed&amp;at_campaign=ynews&amp;utm_source=yahoo&amp;utm_medium=rss&amp;utm_campaign=news_feed&amp;utm_content=in_article_link\" rel=\"nofollow noopener\" target=\"_blank\" data-ylk=\"slk:\u00e9cologiste;elm:context_link;itc:0;sec:content-canvas\" class=\"link \">\u00e9cologiste <\/a>Claire Nouvian a post\u00e9 sur <a href=\"https:\/\/www.instagram.com\/reel\/DKetYoDCttW\/?utm_source=ig_embed&amp;utm_campaign=loading&amp;at_medium=RSS%20feed&amp;at_campaign=ynews&amp;utm_source=yahoo&amp;utm_medium=rss&amp;utm_campaign=news_feed&amp;utm_content=in_article_link\" rel=\"nofollow noopener\" target=\"_blank\" data-ylk=\"slk:Instagram;elm:context_link;itc:0;sec:content-canvas\" class=\"link \">Instagram<\/a>, mercredi, une vid\u00e9o de la porte d\u2019entr\u00e9e de son appartement. Une porte macul\u00e9e de taches de peinture noire. \u00ab Cette nuit, des individus se sont introduits dans mon immeuble (malgr\u00e9 les deux codes de s\u00e9curit\u00e9 \u00e0 l\u2019entr\u00e9e) et ils ont fait \u00e7a. Ma fille est terroris\u00e9e \u00bb, s\u2019alarme-t-elle dans son post.<\/p>\n<p>C\u2019est son enfant de quatorze ans qui a d\u00e9couvert cette intrusion. \u00ab Je demande une enqu\u00eate et une protection polici\u00e8re imm\u00e9diates. Pour prot\u00e9ger ma fille, avant tout. \u00bb<\/p>\n<p>La fondatrice de l\u2019association <a href=\"https:\/\/bloomassociation.org\/?at_medium=RSS%20feed&amp;at_campaign=ynews&amp;utm_source=yahoo&amp;utm_medium=rss&amp;utm_campaign=news_feed&amp;utm_content=in_article_link\" rel=\"nofollow noopener\" target=\"_blank\" data-ylk=\"slk:Bloom;elm:context_link;itc:0;sec:content-canvas\" class=\"link \">Bloom<\/a> estime que \u00ab ces op\u00e9rations criminelles destin\u00e9es \u00e0 nous terroriser \u00bb ont \u00e9t\u00e9 men\u00e9es par les \u00ab lobbies de la p\u00eache industrielle [\u2026] Ils savent que nous sommes \u00e0 deux doigts de remporter une victoire d\u00e9cisive : l\u2019interdiction du chalutage, la technique de p\u00eache la plus destructrice de l\u2019histoire, dans les aires marines dites \u00ab\u00a0prot\u00e9g\u00e9es\u00a0\u00bb. Donc ils ont peur. Et ils sont pr\u00eats \u00e0 tout \u00bb.<\/p>\n<p>Bloom est une association de loi 1901 \u00e0 but non lucratif, fond\u00e9e en 2005 par Claire Nouvian. Elle se pr\u00e9sente comme \u00ab enti\u00e8rement d\u00e9vou\u00e9e \u00e0 l\u2019oc\u00e9an et \u00e0 ceux qui en vivent \u00bb. Avec pour mission \u00ab d\u2019\u0153uvrer pour le bien commun, la pr\u00e9servation de la biodiversit\u00e9, des habitats marins et du climat en inventant un lien durable et respectueux du vivant entre les humains et la mer \u00bb.<\/p>\n<p><a href=\"https:\/\/www.20minutes.fr\/planete\/ocean\/\" rel=\"nofollow noopener\" target=\"_blank\" data-ylk=\"slk:Notre dossier sur la protection de l&#039;oc\u00e9an;elm:context_link;itc:0;sec:content-canvas\" class=\"link \">Notre dossier sur la protection de l&rsquo;oc\u00e9an<\/a><\/p>\n<p>Claire Nouvian est par ailleurs l\u2019une des cofondatrices en 2018 de Place publique, un mouvement qu\u2019elle a quitt\u00e9 un an apr(&#8230;)<\/p>\n<p><a href=\"https:\/\/www.20minutes.fr\/societe\/4157122-20250605-paris-fille-terrorisee-domicile-militante-ecologiste-claire-nouvian-vandalise?at_medium=RSS%20feed&amp;at_campaign=ynews&amp;utm_source=yahoo&amp;utm_medium=rss&amp;utm_campaign=news_feed&amp;utm_content=read_more_link\" rel=\"nofollow noopener\" target=\"_blank\" data-ylk=\"slk:Lire la suite sur 20minutes;elm:context_link;itc:0;sec:content-canvas\" class=\"link \">Lire la suite sur 20minutes<\/a><\/p>\n<p>\u00c0 lire aussi :<br \/><a href=\"https:\/\/www.20minutes.fr\/planete\/4002849-20220929-mer-apres-peche-electrique-senne-demersale-viseur?at_medium=RSS%20feed&amp;at_campaign=ynews&amp;utm_source=yahoo&amp;utm_medium=rss&amp;utm_campaign=news_feed&amp;utm_content=related_content_link\" rel=\"nofollow noopener\" target=\"_blank\" data-ylk=\"slk:Mer : Apr\u00e8s la p\u00eache \u00e9lectrique, la senne d\u00e9mersale dans le viseur ?;elm:context_link;itc:0;sec:content-canvas\" class=\"link \">Mer : Apr\u00e8s la p\u00eache \u00e9lectrique, la senne d\u00e9mersale dans le viseur ?<\/a><br \/><a href=\"https:\/\/www.20minutes.fr\/planete\/3279287-20220429-peche-chalutage-fond-aires-marines-protegees-vers-fin-aberration-europeenne?at_medium=RSS%20feed&amp;at_campaign=ynews&amp;utm_source=yahoo&amp;utm_medium=rss&amp;utm_campaign=news_feed&amp;utm_content=related_content_link\" rel=\"nofollow noopener\" target=\"_blank\" data-ylk=\"slk:P\u00eache : Du chalutage de fond dans les aires marines prot\u00e9g\u00e9es\u2026 Vers la fin d\u2019une \u00ab aberration europ\u00e9enne \u00bb ?;elm:context_link;itc:0;sec:content-canvas\" class=\"link \">P\u00eache : Du chalutage de fond dans les aires marines prot\u00e9g\u00e9es\u2026 Vers la fin d\u2019une \u00ab aberration europ\u00e9enne \u00bb ?<\/a><\/p>\n<p><script async src=\"\/\/www.instagram.com\/embed.js\"><\/script><\/p>\n","protected":false},"excerpt":{"rendered":"Intimidation &#8211; La porte de l\u2019appartement parisien de la militante \u00e9cologiste Claire Nouvian a \u00e9t\u00e9 vandalis\u00e9e. Elle demande&hellip;\n","protected":false},"author":2,"featured_media":154490,"comment_status":"","ping_status":"","sticky":false,"template":"","format":"standard","meta":{"footnotes":""},"categories":[1888],"tags":[1111,1928,11,1927,28446,1777,674,1011,27,28447,12,1926,626,1925,4845,25],"class_list":{"0":"post-154489","1":"post","2":"type-post","3":"status-publish","4":"format-standard","5":"has-post-thumbnail","7":"category-paris","8":"tag-actu","9":"tag-actu-paris","10":"tag-actualites","11":"tag-actualites-paris","12":"tag-claire-nouvian","13":"tag-eu","14":"tag-europe","15":"tag-fr","16":"tag-france","17":"tag-militante-ecologiste","18":"tag-news","19":"tag-news-paris","20":"tag-paris","21":"tag-paris-news","22":"tag-protection-policiere","23":"tag-republique-francaise"},"share_on_mastodon":{"url":"https:\/\/pubeurope.com\/@fr\/114631976228461177","error":""},"_links":{"self":[{"href":"https:\/\/www.europesays.com\/fr\/wp-json\/wp\/v2\/posts\/154489","targetHints":{"allow":["GET"]}}],"collection":[{"href":"https:\/\/www.europesays.com\/fr\/wp-json\/wp\/v2\/posts"}],"about":[{"href":"https:\/\/www.europesays.com\/fr\/wp-json\/wp\/v2\/types\/post"}],"author":[{"embeddable":true,"href":"https:\/\/www.europesays.com\/fr\/wp-json\/wp\/v2\/users\/2"}],"replies":[{"embeddable":true,"href":"https:\/\/www.europesays.com\/fr\/wp-json\/wp\/v2\/comments?post=154489"}],"version-history":[{"count":0,"href":"https:\/\/www.europesays.com\/fr\/wp-json\/wp\/v2\/posts\/154489\/revisions"}],"wp:featuredmedia":[{"embeddable":true,"href":"https:\/\/www.europesays.com\/fr\/wp-json\/wp\/v2\/media\/154490"}],"wp:attachment":[{"href":"https:\/\/www.europesays.com\/fr\/wp-json\/wp\/v2\/media?parent=154489"}],"wp:term":[{"taxonomy":"category","embeddable":true,"href":"https:\/\/www.europesays.com\/fr\/wp-json\/wp\/v2\/categories?post=154489"},{"taxonomy":"post_tag","embeddable":true,"href":"https:\/\/www.europesays.com\/fr\/wp-json\/wp\/v2\/tags?post=154489"}],"curies":[{"name":"wp","href":"https:\/\/api.w.org\/{rel}","templated":true}]}}