{"id":154491,"date":"2025-06-05T17:38:08","date_gmt":"2025-06-05T17:38:08","guid":{"rendered":"https:\/\/www.europesays.com\/fr\/154491\/"},"modified":"2025-06-05T17:38:08","modified_gmt":"2025-06-05T17:38:08","slug":"stephane-troussel-demande-louverture-dune-enquete-de-ligpn","status":"publish","type":"post","link":"https:\/\/www.europesays.com\/fr\/154491\/","title":{"rendered":"St\u00e9phane Troussel demande l&rsquo;ouverture d&rsquo;une enqu\u00eate de l&rsquo;IGPN"},"content":{"rendered":"<p>            Par<br \/>\n        <strong><br \/>\n            <a href=\"https:\/\/actu.fr\/auteur\/redaction-paris\" title=\"Consulter tous les articles de R\u00e9daction Paris\" rel=\"nofollow noopener\" target=\"_blank\">R\u00e9daction Paris<\/a><br \/>\n        <\/strong><\/p>\n<p>        Publi\u00e9 le<\/p>\n<p>            5 juin 2025 \u00e0 18h51        <\/p>\n<p>Au tour du <strong>pr\u00e9sident du d\u00e9partement<\/strong> de monter au cr\u00e9neau. Alors que 39 \u00e9lus \u00e9cologistes de <a href=\"https:\/\/actu.fr\/ile-de-france\/seine-saint-denis_93\" rel=\"nofollow noopener\" target=\"_blank\">Seine-Saint-Denis<\/a> avaient sign\u00e9 collectivement un mail adress\u00e9 au pr\u00e9fet de police de Paris lundi 2 juin, c\u2019est d\u00e9sormais <a href=\"https:\/\/actu.fr\/tag\/stephane-troussel\" rel=\"nofollow noopener\" target=\"_blank\">St\u00e9phane Troussel (PS)<\/a> qui a \u00e9crit \u00e0 <a href=\"https:\/\/actu.fr\/tag\/laurent-nunez\" rel=\"nofollow noopener\" target=\"_blank\">Laurent Nu\u00f1ez<\/a>, mercredi 4, pour demander qu\u2019une \u00ab\u00a0enqu\u00eate de l\u2019Inspection g\u00e9n\u00e9rale de la police nationale (<strong>IGPN<\/strong>) soit diligent\u00e9e pour faire la lumi\u00e8re sur\u00a0\u00bb l\u2019interpellation violente du militant d\u2019Aubervilliers, Arthur B\u00e9al.<\/p>\n<p>\u00ab\u00a0Vous n\u2019avez pas le droit de faire \u00e7a\u00a0\u00bb<\/p>\n<p class=\" wall-content\">Dans la soir\u00e9e du jeudi 22 mai 2025, le cycliste de 31 ans, t\u00e9moin d\u2019une intervention polici\u00e8re muscl\u00e9e quai de l\u2019Oise, le long du canal de l\u2019Ourcq, dans le 19e arrondissement de Paris, avait interpell\u00e9 les fonctionnaires de police. Sans intervenir.\u00a0<\/p>\n<p class=\" wall-content\">\u00ab\u00a0Vous n\u2019avez pas besoin de le balayer comme \u00e7a, vous n\u2019avez pas le droit de faire \u00e7a\u00a0\u00bb, avait-il lanc\u00e9 en direction des forces de l\u2019ordre. La r\u00e9action a, elle, \u00e9t\u00e9 totalement disproportionn\u00e9e.\u00a0Insult\u00e9, le jeune homme est ensuite violemment train\u00e9 sur le sol avec son v\u00e9lo, puis menott\u00e9. Une sc\u00e8ne film\u00e9e par des riverains avec leurs smartphones.\u00a0\u00a0<\/p>\n<p class=\" wall-content\"><a href=\"https:\/\/www.instagram.com\/reel\/DKKOIgxMVLn\/embed\" title=\"Ouvrir le lien sur Instagram\" rel=\"nofollow noopener\" target=\"_blank\">Visualiser le contenu sur Instagram<\/a><\/p>\n<p class=\" wall-content\">Une fois libre, le militant a d\u00e9pos\u00e9 plainte au commissariat local, qui l\u2019aurait renvoy\u00e9 vers l\u2019IGPN selon <a href=\"https:\/\/www.leparisien.fr\/seine-saint-denis-93\/on-me-traine-avec-mon-velo-au-sol-vif-emoi-apres-linterpellation-dun-militant-ecologiste-daubervilliers-03-06-2025-VWUNZFXOVFAZLJ462WQZ3WSE3E.php\" rel=\"nofollow noopener\" target=\"_blank\">Le Parisien<\/a>. Il aurait alors fait un signalement en ligne.<\/p>\n<p class=\" wall-content\">Il aurait aussi transmis des vid\u00e9os et deux attestations provenant d\u2019habitants de l\u2019immeuble ayant assist\u00e9 \u00e0 l\u2019interpellation \u00e0 la procureure de la R\u00e9publique de Paris, le 26 mai.\u00a0<\/p>\n<p>Vid\u00e9os : en ce moment sur Actu<\/p>\n<p class=\" wall-content\">Dans un courrier adress\u00e9 au pr\u00e9fet de police de Paris mercredi 4 juin 2024 et transmis \u00e0 actu Paris, c\u2019est cette fois le pr\u00e9sident du d\u00e9partement de la Seine-Saint-Denis qui\u00a0dit vouloir que \u00ab\u00a0des \u00e9claircissements puissent \u00eatre apport\u00e9s sur les raisons et les circonstances ayant conduit \u00e0 cette interpellation violente.\u00a0\u00bb\u00a0<\/p>\n<p class=\" wall-content\">Suivez toute l\u2019actualit\u00e9 de vos villes et m\u00e9dias favoris en vous inscrivant \u00e0 <a href=\"https:\/\/moncompte.actu.fr\" title=\"D\u00e9couvez Mon Actu\" rel=\"nofollow noopener\" data-trk=\"{&quot;cta&quot;:{&quot;action&quot;:&quot;https:\\\/\\\/moncompte.actu.fr&quot;,&quot;category&quot;:&quot;mon compte&quot;,&quot;from&quot;:&quot;article footer&quot;,&quot;name&quot;:&quot;Mon actu&quot;,&quot;type&quot;:&quot;cta&quot;}}\" target=\"_blank\">Mon Actu<\/a>.<\/p>\n<p>                    <script async src=\"\/\/www.instagram.com\/embed.js\"><\/script><\/p>\n","protected":false},"excerpt":{"rendered":"Par R\u00e9daction Paris Publi\u00e9 le 5 juin 2025 \u00e0 18h51 Au tour du pr\u00e9sident du d\u00e9partement de monter&hellip;\n","protected":false},"author":2,"featured_media":154492,"comment_status":"","ping_status":"","sticky":false,"template":"","format":"standard","meta":{"footnotes":""},"categories":[1888],"tags":[11,1777,674,118,1011,27,12,626,1072,25,208,7374],"class_list":{"0":"post-154491","1":"post","2":"type-post","3":"status-publish","4":"format-standard","5":"has-post-thumbnail","7":"category-paris","8":"tag-actualites","9":"tag-eu","10":"tag-europe","11":"tag-faits-divers","12":"tag-fr","13":"tag-france","14":"tag-news","15":"tag-paris","16":"tag-police","17":"tag-republique-francaise","18":"tag-velo","19":"tag-violences-policieres"},"share_on_mastodon":{"url":"https:\/\/pubeurope.com\/@fr\/114631980275517905","error":""},"_links":{"self":[{"href":"https:\/\/www.europesays.com\/fr\/wp-json\/wp\/v2\/posts\/154491","targetHints":{"allow":["GET"]}}],"collection":[{"href":"https:\/\/www.europesays.com\/fr\/wp-json\/wp\/v2\/posts"}],"about":[{"href":"https:\/\/www.europesays.com\/fr\/wp-json\/wp\/v2\/types\/post"}],"author":[{"embeddable":true,"href":"https:\/\/www.europesays.com\/fr\/wp-json\/wp\/v2\/users\/2"}],"replies":[{"embeddable":true,"href":"https:\/\/www.europesays.com\/fr\/wp-json\/wp\/v2\/comments?post=154491"}],"version-history":[{"count":0,"href":"https:\/\/www.europesays.com\/fr\/wp-json\/wp\/v2\/posts\/154491\/revisions"}],"wp:featuredmedia":[{"embeddable":true,"href":"https:\/\/www.europesays.com\/fr\/wp-json\/wp\/v2\/media\/154492"}],"wp:attachment":[{"href":"https:\/\/www.europesays.com\/fr\/wp-json\/wp\/v2\/media?parent=154491"}],"wp:term":[{"taxonomy":"category","embeddable":true,"href":"https:\/\/www.europesays.com\/fr\/wp-json\/wp\/v2\/categories?post=154491"},{"taxonomy":"post_tag","embeddable":true,"href":"https:\/\/www.europesays.com\/fr\/wp-json\/wp\/v2\/tags?post=154491"}],"curies":[{"name":"wp","href":"https:\/\/api.w.org\/{rel}","templated":true}]}}