{"id":154493,"date":"2025-06-05T17:39:11","date_gmt":"2025-06-05T17:39:11","guid":{"rendered":"https:\/\/www.europesays.com\/fr\/154493\/"},"modified":"2025-06-05T17:39:11","modified_gmt":"2025-06-05T17:39:11","slug":"un-proces-requis-contre-son-mari","status":"publish","type":"post","link":"https:\/\/www.europesays.com\/fr\/154493\/","title":{"rendered":"un proc\u00e8s requis contre son mari"},"content":{"rendered":"<p>Le parquet de Paris a requis un proc\u00e8s aux assises pour meurtre sur <a href=\"https:\/\/www.ledauphine.com\/faits-divers-justice\/2023\/02\/25\/femme-retrouvee-demembree-aux-buttes-chaumont-le-mari-mis-en-examen\" target=\"_blank\" rel=\"nofollow noopener\">conjoint contre le mari d&rsquo;Assia, \u00e9trangl\u00e9e puis d\u00e9membr\u00e9e<\/a> et dont le corps a \u00e9t\u00e9 retrouv\u00e9 en f\u00e9vrier 2023 dans le parc des Buttes-Chaumont, a-t-on appris jeudi de source proche du dossier. Le r\u00e9quisitoire d\u00e9finitif du parquet date du 12 mai, selon cette source.<\/p>\n<p>Lakhdar M., n\u00e9 en 1972, \u00ab a dit tout au long de l&rsquo;enqu\u00eate qu&rsquo;il n&rsquo;avait jamais voulu la mort de son \u00e9pouse, qu&rsquo;il n&rsquo;avait jamais voulu la tuer \u00bb, a d\u00e9clar\u00e9 son avocate Me Dominique Beyreuther. Le juge d&rsquo;instruction charg\u00e9 de ce dossier devrait d\u00e9cider, dans les mois qui viennent, de la tenue ou non d&rsquo;un proc\u00e8s.<\/p>\n<p>Ce contenu est bloqu\u00e9 car vous n&rsquo;avez pas accept\u00e9 les cookies et autres traceurs.<\/p>\n<p>En cliquant sur \u00ab J\u2019accepte \u00bb, les cookies et autres traceurs seront d\u00e9pos\u00e9s et vous pourrez visualiser les contenus  (<a href=\"\" class=\"consentModule_policy\" target=\"_blank\" title=\"Consulter la politique de protection des donn\u00e9es du fournisseur\">plus d&rsquo;informations<\/a>).<\/p>\n<p>En cliquant sur \u00ab J\u2019accepte tous les cookies \u00bb, vous autorisez des d\u00e9p\u00f4ts de cookies et autres traceurs pour le stockage de vos donn\u00e9es sur nos sites et applications \u00e0 des fins de personnalisation et de ciblage publicitaire.<\/p>\n<p class=\"consentModule_secondaryText\">Vous gardez la possibilit\u00e9 de retirer votre consentement \u00e0 tout moment en consultant notre <a href=\"https:\/\/www.ledauphine.com\/protection-des-donnees\" target=\"_blank\" title=\"Consulter notre politique de protection des donn\u00e9es\" rel=\"nofollow noopener\">politique de protection des donn\u00e9es<\/a>. <br \/>&#13;<br \/>\n            <a href=\"https:\/\/www.ledauphine.com\/faits-divers-justice\/2025\/06\/05\/javascript:Didomi.notice.show()\" class=\"consentModule_cmp\" rel=\"nofollow noopener\" target=\"_blank\">G\u00e9rer mes choix<\/a>&#13;\n        <\/p>\n<p>&#13;<br \/>\n                        J&rsquo;accepte&#13;<br \/>\n            J&rsquo;accepte tous les cookies&#13;\n        <\/p>\n<p>  Corps diss\u00e9min\u00e9<\/p>\n<p>Le corps d\u00e9membr\u00e9 de cette m\u00e8re de famille, n\u00e9e en 1976, avait \u00e9t\u00e9 d\u00e9couvert les 13 et 14 f\u00e9vrier 2023, diss\u00e9min\u00e9 dans le parc des Buttes-Chaumont, dans le XIXe arrondissement, par des employ\u00e9s de la ville. Le parc vallonn\u00e9 qui s&rsquo;\u00e9tend sur 25 hectares avait \u00e9t\u00e9 imm\u00e9diatement \u00e9vacu\u00e9 et fouill\u00e9 par les policiers. Le reste du corps avait \u00e9t\u00e9 d\u00e9couvert dans des sacs poubelle \u00e0 Bobigny, sur les indications du suspect lors de la garde \u00e0 vue.<\/p>\n<p>Son mari, employ\u00e9 polyvalent dans un supermarch\u00e9, en arr\u00eat maladie alors depuis peu, avait signal\u00e9 la disparition de son \u00e9pouse \u00e0 la police le 3 f\u00e9vrier. Il a finalement \u00e9t\u00e9 mis en examen et \u00e9crou\u00e9 le 25 f\u00e9vrier pour meurtre par conjoint. Il est toujours en d\u00e9tention provisoire.<\/p>\n<p>Les trois enfants du couple ont \u00e9t\u00e9 plac\u00e9s. Fin mars 2023, plus de 250 personnes avaient march\u00e9, en silence, \u00e0 Montreuil pour rendre hommage \u00e0 la victime.<\/p>\n","protected":false},"excerpt":{"rendered":"Le parquet de Paris a requis un proc\u00e8s aux assises pour meurtre sur conjoint contre le mari d&rsquo;Assia,&hellip;\n","protected":false},"author":2,"featured_media":154494,"comment_status":"","ping_status":"","sticky":false,"template":"","format":"standard","meta":{"footnotes":""},"categories":[1888],"tags":[11,271,272,1777,674,274,107,1011,27,329,12,626,25],"class_list":{"0":"post-154493","1":"post","2":"type-post","3":"status-publish","4":"format-standard","5":"has-post-thumbnail","7":"category-paris","8":"tag-actualites","9":"tag-crime","10":"tag-delit-et-contravention","11":"tag-eu","12":"tag-europe","13":"tag-faits-divers-justice","14":"tag-fil-info","15":"tag-fr","16":"tag-france","17":"tag-france-monde","18":"tag-news","19":"tag-paris","20":"tag-republique-francaise"},"share_on_mastodon":{"url":"https:\/\/pubeurope.com\/@fr\/114631984107947160","error":""},"_links":{"self":[{"href":"https:\/\/www.europesays.com\/fr\/wp-json\/wp\/v2\/posts\/154493","targetHints":{"allow":["GET"]}}],"collection":[{"href":"https:\/\/www.europesays.com\/fr\/wp-json\/wp\/v2\/posts"}],"about":[{"href":"https:\/\/www.europesays.com\/fr\/wp-json\/wp\/v2\/types\/post"}],"author":[{"embeddable":true,"href":"https:\/\/www.europesays.com\/fr\/wp-json\/wp\/v2\/users\/2"}],"replies":[{"embeddable":true,"href":"https:\/\/www.europesays.com\/fr\/wp-json\/wp\/v2\/comments?post=154493"}],"version-history":[{"count":0,"href":"https:\/\/www.europesays.com\/fr\/wp-json\/wp\/v2\/posts\/154493\/revisions"}],"wp:featuredmedia":[{"embeddable":true,"href":"https:\/\/www.europesays.com\/fr\/wp-json\/wp\/v2\/media\/154494"}],"wp:attachment":[{"href":"https:\/\/www.europesays.com\/fr\/wp-json\/wp\/v2\/media?parent=154493"}],"wp:term":[{"taxonomy":"category","embeddable":true,"href":"https:\/\/www.europesays.com\/fr\/wp-json\/wp\/v2\/categories?post=154493"},{"taxonomy":"post_tag","embeddable":true,"href":"https:\/\/www.europesays.com\/fr\/wp-json\/wp\/v2\/tags?post=154493"}],"curies":[{"name":"wp","href":"https:\/\/api.w.org\/{rel}","templated":true}]}}