{"id":154497,"date":"2025-06-05T17:41:12","date_gmt":"2025-06-05T17:41:12","guid":{"rendered":"https:\/\/www.europesays.com\/fr\/154497\/"},"modified":"2025-06-05T17:41:12","modified_gmt":"2025-06-05T17:41:12","slug":"donald-trump-compare-kiev-et-moscou-a-deux-enfants-qui-se-battent-dans-un-parc-2","status":"publish","type":"post","link":"https:\/\/www.europesays.com\/fr\/154497\/","title":{"rendered":"Donald Trump compare Kiev et Moscou \u00e0 \u00ab\u00a0deux enfants qui se battent dans un parc\u00a0\u00bb"},"content":{"rendered":"<p>\u00ab\u00a0Il y a beaucoup de haine\u00a0\u00bb. Le pr\u00e9sident am\u00e9ricain <a href=\"https:\/\/www.bfmtv.com\/international\/amerique-nord\/etats-unis\/donald-trump\/sans-moi-donald-trump-aurait-perdu-l-election-elon-musk-tacle-a-nouveau-le-president-americain_AD-202506050661.html\" rel=\"nofollow noopener\" target=\"_blank\" data-ylk=\"slk:Donald Trump;elm:context_link;itc:0;sec:content-canvas\" class=\"link \">Donald Trump<\/a> a compar\u00e9 l&rsquo;Ukraine et la Russie \u00e0 \u00ab\u00a0deux enfants qui se battent dans un parc\u00a0\u00bb.<\/p>\n<p>\u00ab\u00a0Parfois vous voyez deux jeunes enfants se battre comme des fous, ils se d\u00e9testent et se battent dans un parc et vous essayez de les s\u00e9parer mais ils ne veulent pas \u00eatre s\u00e9par\u00e9s\u00a0\u00bb, a-t-il d\u00e9clar\u00e9.<\/p>\n<p>\u00ab\u00a0Parfois il vaut mieux les laisser se battre un moment et seulement apr\u00e8s les s\u00e9parer\u00a0\u00bb, a poursuivi Donald Trump alors que <a href=\"https:\/\/www.bfmtv.com\/international\/europe\/ukraine\/direct-guerre-en-ukraine-donald-trump-estime-qu-il-n-y-aura-pas-de-paix-immediate-apres-un-echange-avec-poutine_LN-202506050210.html\" rel=\"nofollow noopener\" target=\"_blank\" data-ylk=\"slk:la guerre entre la Russie et l&#039;Ukraine;elm:context_link;itc:0;sec:content-canvas\" class=\"link \">la guerre entre la Russie et l&rsquo;Ukraine<\/a> dure depuis plus de trois ans d\u00e9j\u00e0. Dimanche dernier, l&rsquo;Ukraine a men\u00e9 <b><a href=\"https:\/\/fr.news.yahoo.com\/guerre-ukraine-lon-sait-lop%C3%A9ration-195517177.html\" data-ylk=\"slk:une op\u00e9ration militaire de grande envergure visant des bombardiers;elm:context_link;itc:0;sec:content-canvas;outcm:mb_qualified_link;_E:mb_qualified_link;ct:story;\" class=\"link  yahoo-link\" target=\"_blank\" rel=\"noopener\">une op\u00e9ration militaire de grande envergure visant des bombardiers<\/a><\/b> sur le territoire russe. Une attaque de drones \u00e0 laquelle Donald Trump a demand\u00e9 \u00e0 Vladimir Poutine de ne pas r\u00e9pondre.<\/p>\n<p>\u00ab\u00a0Pas de paix imm\u00e9diate\u00a0\u00bb<\/p>\n<p>\u00ab\u00a0J&rsquo;ai dit au pr\u00e9sident russe &lsquo;peut-\u00eatre que vous allez devoir continuer de vous battre et de souffrir parce que les deux c\u00f4t\u00e9s souffrent'\u00a0\u00bb, a encore d\u00e9clar\u00e9 Donald Trump, \u00e9voquant \u00ab\u00a0beaucoup de ranc\u0153ur\u00a0\u00bb entre les deux dirigeants.<\/p>\n<p>Tout en reconnaissant qu&rsquo;il n&rsquo;y aurait \u00ab\u00a0pas de paix imm\u00e9diate\u00a0\u00bb entre Kiev et Moscou, le pr\u00e9sident des \u00c9tats-Unis a toutefois affirm\u00e9 que son pays est \u00ab\u00a0dans une position forte pour pouvoir mettre fin \u00e0 cette guerre\u00a0\u00bb.<\/p>\n<p><a href=\"https:\/\/www.bfmtv.com\/international\/amerique-nord\/etats-unis\/donald-trump\/guerre-en-ukraine-donald-trump-compare-kiev-et-moscou-a-deux-enfants-qui-se-battent-dans-un-parc_AD-202506050687.html#xtor=AL-68\" rel=\"nofollow noopener\" target=\"_blank\" data-ylk=\"slk:Article original publi\u00e9 sur BFMTV.com;elm:context_link;itc:0;sec:content-canvas\" class=\"link \">Article original publi\u00e9 sur BFMTV.com<\/a><\/p>\n","protected":false},"excerpt":{"rendered":"\u00ab\u00a0Il y a beaucoup de haine\u00a0\u00bb. Le pr\u00e9sident am\u00e9ricain Donald Trump a compar\u00e9 l&rsquo;Ukraine et la Russie \u00e0&hellip;\n","protected":false},"author":2,"featured_media":154498,"comment_status":"","ping_status":"","sticky":false,"template":"","format":"standard","meta":{"footnotes":""},"categories":[1590],"tags":[11,75,1777,674,5493,17306,12,7274,1325,220],"class_list":{"0":"post-154497","1":"post","2":"type-post","3":"status-publish","4":"format-standard","5":"has-post-thumbnail","7":"category-ukraine","8":"tag-actualites","9":"tag-donald-trump","10":"tag-eu","11":"tag-europe","12":"tag-lukraine","13":"tag-les-deux","14":"tag-news","15":"tag-president-americain","16":"tag-president-des-etats-unis","17":"tag-ukraine"},"share_on_mastodon":{"url":"https:\/\/pubeurope.com\/@fr\/114631991916995440","error":""},"_links":{"self":[{"href":"https:\/\/www.europesays.com\/fr\/wp-json\/wp\/v2\/posts\/154497","targetHints":{"allow":["GET"]}}],"collection":[{"href":"https:\/\/www.europesays.com\/fr\/wp-json\/wp\/v2\/posts"}],"about":[{"href":"https:\/\/www.europesays.com\/fr\/wp-json\/wp\/v2\/types\/post"}],"author":[{"embeddable":true,"href":"https:\/\/www.europesays.com\/fr\/wp-json\/wp\/v2\/users\/2"}],"replies":[{"embeddable":true,"href":"https:\/\/www.europesays.com\/fr\/wp-json\/wp\/v2\/comments?post=154497"}],"version-history":[{"count":0,"href":"https:\/\/www.europesays.com\/fr\/wp-json\/wp\/v2\/posts\/154497\/revisions"}],"wp:featuredmedia":[{"embeddable":true,"href":"https:\/\/www.europesays.com\/fr\/wp-json\/wp\/v2\/media\/154498"}],"wp:attachment":[{"href":"https:\/\/www.europesays.com\/fr\/wp-json\/wp\/v2\/media?parent=154497"}],"wp:term":[{"taxonomy":"category","embeddable":true,"href":"https:\/\/www.europesays.com\/fr\/wp-json\/wp\/v2\/categories?post=154497"},{"taxonomy":"post_tag","embeddable":true,"href":"https:\/\/www.europesays.com\/fr\/wp-json\/wp\/v2\/tags?post=154497"}],"curies":[{"name":"wp","href":"https:\/\/api.w.org\/{rel}","templated":true}]}}