{"id":1545,"date":"2025-04-03T22:21:10","date_gmt":"2025-04-03T22:21:10","guid":{"rendered":"https:\/\/www.europesays.com\/fr\/1545\/"},"modified":"2025-04-03T22:21:10","modified_gmt":"2025-04-03T22:21:10","slug":"avec-la-fin-du-privilege-douanier-sur-les-petits-colis-donald-trump-torpille-shein-et-temu","status":"publish","type":"post","link":"https:\/\/www.europesays.com\/fr\/1545\/","title":{"rendered":"Avec la fin du privil\u00e8ge douanier sur les petits colis, Donald Trump torpille Shein et Temu"},"content":{"rendered":"<p><strong>D\u00c9CRYPTAGE &#8211;<\/strong> Les deux plateformes ont fait leur succ\u00e8s en profitant d\u2019une exemption sur les droits de douane, que Trump a fait sauter.<\/p>\n<p class=\"fig-paragraph\"><a href=\"http:\/\/www.lefigaro.fr\/societes\/temu-shein-ce-tsunami-de-petits-colis-chinois-qui-inquiete-l-occident-20250222\" data-fig-type=\"Article\" data-gtm-custom-categorie=\"navigation\" data-gtm-custom-action=\"crossclick\" data-gtm-custom-label=\"Contextuel\" data-gtm-event=\"customEventSPE\" data-fig-domain=\"LEFIGARO\" rel=\"nofollow noopener\" target=\"_blank\">Une d\u00e9flagration pour Shein et Temu<\/a>. En plus de taxer \u00e0 54% les produits venant de Chine, Donald Trump a mis fin \u00e0 l\u2019exemption de droits de douane dont b\u00e9n\u00e9ficiaient les petits colis envoy\u00e9s de l\u2019empire du Milieu.\u00a0Selon le discours officiel, ce dispositif d\u2019exemption profiterait \u00e0 des organisations criminelles. Il est donc urgent d\u2019en finir. Donald Trump reproche en effet aux autorit\u00e9s chinoises de ne pas en faire suffisamment pour limiter le flux d\u2019opiac\u00e9s,\u00a0<a href=\"http:\/\/www.lefigaro.fr\/international\/une-epidemie-venue-des-etats-unis-a-la-frontiere-nord-du-mexique-le-fentanyl-fait-aussi-des-ravages-20250310\" data-fig-type=\"Article\" data-gtm-custom-categorie=\"navigation\" data-gtm-custom-action=\"crossclick\" data-gtm-custom-label=\"Contextuel\" data-gtm-event=\"customEventSPE\" data-fig-domain=\"LEFIGARO\" rel=\"nofollow noopener\" target=\"_blank\">le fentanyl en particulier<\/a>, qui transite entre Chine et \u00c9tats-Unis. Dans les faits, le coup touche au c\u0153ur les deux g\u00e9ants chinois de l\u2019e-commerce.<\/p>\n<p class=\"fig-paragraph\">Shein, qui a converti l\u2019Occident \u00e0 l\u2019ultra fast-fashion, a fait des \u00c9tats-Unis son premier march\u00e9 au monde. La plateforme ne vend rien en Chine, mais les Am\u00e9ricains sont devenus ses meilleurs clients. Comme Temu, elle a profit\u00e9 \u00e0 plein de l\u2019exemption de droits de douane pour tous les envois inf\u00e9rieurs \u00e0 800 dollars aux \u00c9tats-Unis. C\u2019est fini. Ces colis seront d\u00e9sormais tax\u00e9s \u00e0 30% du montant\u2026<\/p>\n<p class=\"fig-premium-paywall__infos\">\n        Cet article est r\u00e9serv\u00e9 aux abonn\u00e9s.        Il vous reste 73% \u00e0 d\u00e9couvrir.\n    <\/p>\n<p>                <img  data- alt=\"Le Figaro\" class=\"fig-img--complete fig-img\"\/><\/p>\n<p class=\"fig-premium-paywall__title\">Vous avez envie de lire la suite ?<\/p>\n<p class=\"fig-premium-paywall__subtitle\">D\u00e9bloquez tous les articles imm\u00e9diatement.<\/p>\n<p class=\"fig-premium-paywall__connect\">\n                D\u00e9j\u00e0 abonn\u00e9\u00a0?                <a class=\"fig-premium-paywall__connect-link\" href=\"https:\/\/connect.lefigaro.fr\/login?client=horizon_web&amp;type=main&amp;redirect_uri=https%3A%2F%2Fwww.lefigaro.fr%2Fflash-eco%2Favec-la-fin-du-privilege-douanier-sur-les-petits-colis-donald-trump-torpille-shein-et-temu-20250403\" data-js-gtm=\"{&quot;customCategorie&quot;: &quot;conversion&quot;, &quot;customAction&quot;: &quot;before_Landing_Connexion_paywall_auto&quot;, &quot;customLabel&quot;: &quot;bGVmaWdhcm8uZnJfXzFmMDEwNWI1LTA1NWItNmE0Yy1hYzgxLWUxMDBjY2QzMzI5OV9fTmV3c0ZsYXNo_Avec la fin du privil\u00e8ge douanier sur les petits colis, Donald Trump torpille Shein et Temu_390&quot;, &quot;customIDSPE&quot;: &quot;bGVmaWdhcm8uZnJfXzFmMDEwNWI1LTA1NWItNmE0Yy1hYzgxLWUxMDBjY2QzMzI5OV9fTmV3c0ZsYXNo&quot;, &quot;event&quot;: &quot;customEventSPE&quot;}\" rel=\"nofollow noopener\" target=\"_blank\"><br \/>\n                    Connectez-vous<br \/>\n                <\/a>\n            <\/p>\n","protected":false},"excerpt":{"rendered":"D\u00c9CRYPTAGE &#8211; Les deux plateformes ont fait leur succ\u00e8s en profitant d\u2019une exemption sur les droits de douane,&hellip;\n","protected":false},"author":2,"featured_media":1546,"comment_status":"","ping_status":"","sticky":false,"template":"","format":"standard","meta":{"footnotes":""},"categories":[5],"tags":[1111,47,11,1117,1109,1112,636,75,341,257,632,1108,107,1106,1107,1119,1011,27,1116,1110,1114,14,500,12,1113,1118,1103,137,1104,401,1115,1105,28],"class_list":{"0":"post-1545","1":"post","2":"type-post","3":"status-publish","4":"format-standard","5":"has-post-thumbnail","7":"category-international","8":"tag-actu","9":"tag-actualite","10":"tag-actualites","11":"tag-assurance","12":"tag-breves","13":"tag-depeches","14":"tag-devises","15":"tag-donald-trump","16":"tag-emploi","17":"tag-entreprise","18":"tag-fcp","19":"tag-fil","20":"tag-fil-info","21":"tag-flash","22":"tag-flash-actu","23":"tag-formation","24":"tag-fr","25":"tag-france","26":"tag-immobilier","27":"tag-informations","28":"tag-infos","29":"tag-international","30":"tag-medias","31":"tag-news","32":"tag-nouvelles","33":"tag-placement","34":"tag-pret-a-porter","35":"tag-retraite","36":"tag-shein","37":"tag-sicav","38":"tag-taux","39":"tag-temu","40":"tag-world"},"share_on_mastodon":{"url":"https:\/\/pubeurope.com\/@fr\/114276367418531919","error":""},"_links":{"self":[{"href":"https:\/\/www.europesays.com\/fr\/wp-json\/wp\/v2\/posts\/1545","targetHints":{"allow":["GET"]}}],"collection":[{"href":"https:\/\/www.europesays.com\/fr\/wp-json\/wp\/v2\/posts"}],"about":[{"href":"https:\/\/www.europesays.com\/fr\/wp-json\/wp\/v2\/types\/post"}],"author":[{"embeddable":true,"href":"https:\/\/www.europesays.com\/fr\/wp-json\/wp\/v2\/users\/2"}],"replies":[{"embeddable":true,"href":"https:\/\/www.europesays.com\/fr\/wp-json\/wp\/v2\/comments?post=1545"}],"version-history":[{"count":0,"href":"https:\/\/www.europesays.com\/fr\/wp-json\/wp\/v2\/posts\/1545\/revisions"}],"wp:featuredmedia":[{"embeddable":true,"href":"https:\/\/www.europesays.com\/fr\/wp-json\/wp\/v2\/media\/1546"}],"wp:attachment":[{"href":"https:\/\/www.europesays.com\/fr\/wp-json\/wp\/v2\/media?parent=1545"}],"wp:term":[{"taxonomy":"category","embeddable":true,"href":"https:\/\/www.europesays.com\/fr\/wp-json\/wp\/v2\/categories?post=1545"},{"taxonomy":"post_tag","embeddable":true,"href":"https:\/\/www.europesays.com\/fr\/wp-json\/wp\/v2\/tags?post=1545"}],"curies":[{"name":"wp","href":"https:\/\/api.w.org\/{rel}","templated":true}]}}