{"id":154501,"date":"2025-06-05T17:43:10","date_gmt":"2025-06-05T17:43:10","guid":{"rendered":"https:\/\/www.europesays.com\/fr\/154501\/"},"modified":"2025-06-05T17:43:10","modified_gmt":"2025-06-05T17:43:10","slug":"au-royaume-uni-la-greve-des-poubelles-a-birmingham-pourrait-durer-jusqua-decembre","status":"publish","type":"post","link":"https:\/\/www.europesays.com\/fr\/154501\/","title":{"rendered":"Au Royaume-Uni, la gr\u00e8ve des poubelles \u00e0 Birmingham pourrait durer \u00abjusqu\u2019\u00e0 d\u00e9cembre\u00bb"},"content":{"rendered":"<p>Alors que les \u00e9boueurs font la gr\u00e8ve depuis d\u00e9j\u00e0 trois mois, 97% d\u2019entre eux ont vot\u00e9 pour son prolongement contre un plan de restructuration.<\/p>\n<p class=\"fig-paragraph\">Les\u00a0<a href=\"http:\/\/www.lefigaro.fr\/conjoncture\/la-faillite-de-birmingham-deuxieme-ville-du-royaume-uni-fait-craindre-un-effet-domino-20230905\" data-fig-type=\"NewsFlash\" data-gtm-custom-categorie=\"navigation\" data-gtm-custom-action=\"crossclick\" data-gtm-custom-label=\"Contextuel\" data-gtm-event=\"customEventSPE\" data-fig-domain=\"LEFIGARO\" target=\"_blank\" rel=\"noopener\">\u00e9boueurs de Birmingham<\/a>\u00a0ont vot\u00e9 jeudi la poursuite d&rsquo;une gr\u00e8ve qui dure depuis pr\u00e8s de trois mois contre un plan de restructuration, affirmant que le mouvement pourrait durer \u00abjusqu&rsquo;\u00e0 d\u00e9cembre\u00bb s&rsquo;ils n&rsquo;obtiennent pas de meilleures conditions. Le mouvement social, d&rsquo;abord observ\u00e9 par intermittence depuis janvier puis devenu gr\u00e8ve totale le 11 mars, a \u00e9t\u00e9 d\u00e9clench\u00e9 par un conflit entre les \u00e9boueurs et la municipalit\u00e9, en proie \u00e0 des difficult\u00e9s financi\u00e8res. \u00c0 l\u2019issue d&rsquo;un scrutin, \u00ab97% des employ\u00e9s ont vot\u00e9 en faveur de la gr\u00e8ve\u00bb, ce qui signifie que le mouvement \u00abpourrait durer jusqu&rsquo;en d\u00e9cembre\u00bb, a indiqu\u00e9 le syndicat Unite dans un communiqu\u00e9.<\/p>\n<p class=\"fig-paragraph\">Selon le syndicat, certains employ\u00e9s risquent de perdre 8000 livres (environ 9500 euros) par an \u00e0 cause d&rsquo;un plan de restructuration du service de ramassage des ordures, un chiffre contest\u00e9 par la ville. La Secr\u00e9taire g\u00e9n\u00e9rale du syndicat Sharon Graham a pr\u00e9venu, cit\u00e9e dans le communiqu\u00e9, que \u00abla gr\u00e8ve continuera aussi longtemps qu&rsquo;il le faudra\u00bb. Le vote de la poursuite de la gr\u00e8ve intervient apr\u00e8s une nouvelle proposition du Conseil municipal, la semaine derni\u00e8re, jug\u00e9e insuffisante par le syndicat. Mais selon une porte-parole de la municipalit\u00e9, cette offre est \u00abjuste et raisonnable\u00bb et le vote de jeudi n&rsquo;est pas une r\u00e9ponse \u00e0 cette derni\u00e8re proposition.<\/p>\n<p class=\"fig-paragraph\">\u00abNous avons demand\u00e9 \u00e0 Unite de soumettre (cette offre) \u00e0 ses adh\u00e9rents et nous attendons leur r\u00e9ponse\u00bb, a-t-elle pr\u00e9cis\u00e9 dans une d\u00e9claration, assurant que la mairie \u00abreste d\u00e9termin\u00e9e \u00e0 r\u00e9soudre ce diff\u00e9rend\u00bb. Selon la BBC, les habitants de la ville sont contraints de d\u00e9poser leurs d\u00e9chets dans des points de collecte mobiles pris d&rsquo;assaut, alors que des montagnes de poubelles accumul\u00e9es dans les rues inqui\u00e8tent pour la sant\u00e9 publique et l&rsquo;environnement. La situation de cette cit\u00e9 de plus d&rsquo;un million d&rsquo;habitants, connue pour son pass\u00e9 industriel et son caract\u00e8re multiculturel, illustre les pressions budg\u00e9taires auxquelles sont soumises les collectivit\u00e9s locales dans le pays. Mi avril, les gr\u00e9vistes avaient d\u00e9j\u00e0 vot\u00e9 la poursuite du mouvement, apr\u00e8s une proposition de la municipalit\u00e9 jug\u00e9e \u00abtotalement insuffisante\u00bb.<\/p>\n","protected":false},"excerpt":{"rendered":"Alors que les \u00e9boueurs font la gr\u00e8ve depuis d\u00e9j\u00e0 trois mois, 97% d\u2019entre eux ont vot\u00e9 pour son&hellip;\n","protected":false},"author":2,"featured_media":154502,"comment_status":"","ping_status":"","sticky":false,"template":"","format":"standard","meta":{"footnotes":""},"categories":[1588],"tags":[11,8334,28448,343,8327,8324,14675,8328,257,1777,674,590,8333,8329,6151,12,8325,8331,8332,8323,8322,1019,473,1853,801,8330,8326,1851,1850,1852],"class_list":{"0":"post-154501","1":"post","2":"type-post","3":"status-publish","4":"format-standard","5":"has-post-thumbnail","7":"category-royaume-uni","8":"tag-actualites","9":"tag-actualites-sociales","10":"tag-birmingham","11":"tag-cac-40","12":"tag-comoite-dentreprise","13":"tag-conjoncture","14":"tag-eboueurs","15":"tag-elections-syndicales","16":"tag-entreprise","17":"tag-eu","18":"tag-europe","19":"tag-finance","20":"tag-fiscalite-des-entreprises","21":"tag-gestion-entreprise","22":"tag-greve","23":"tag-news","24":"tag-oeuvres-sociales","25":"tag-pme","26":"tag-pmi","27":"tag-primes","28":"tag-ressources-humaines","29":"tag-rh","30":"tag-royaume-uni","31":"tag-royaume-uni-de-grande-bretagne-et-dirlande-du-nord","32":"tag-social","33":"tag-tpe","34":"tag-trseorerie","35":"tag-uk","36":"tag-united-kingdom","37":"tag-united-kingdom-of-great-britain-and-northern-ireland"},"share_on_mastodon":{"url":"","error":"Validation failed: Text character limit of 500 exceeded"},"_links":{"self":[{"href":"https:\/\/www.europesays.com\/fr\/wp-json\/wp\/v2\/posts\/154501","targetHints":{"allow":["GET"]}}],"collection":[{"href":"https:\/\/www.europesays.com\/fr\/wp-json\/wp\/v2\/posts"}],"about":[{"href":"https:\/\/www.europesays.com\/fr\/wp-json\/wp\/v2\/types\/post"}],"author":[{"embeddable":true,"href":"https:\/\/www.europesays.com\/fr\/wp-json\/wp\/v2\/users\/2"}],"replies":[{"embeddable":true,"href":"https:\/\/www.europesays.com\/fr\/wp-json\/wp\/v2\/comments?post=154501"}],"version-history":[{"count":0,"href":"https:\/\/www.europesays.com\/fr\/wp-json\/wp\/v2\/posts\/154501\/revisions"}],"wp:featuredmedia":[{"embeddable":true,"href":"https:\/\/www.europesays.com\/fr\/wp-json\/wp\/v2\/media\/154502"}],"wp:attachment":[{"href":"https:\/\/www.europesays.com\/fr\/wp-json\/wp\/v2\/media?parent=154501"}],"wp:term":[{"taxonomy":"category","embeddable":true,"href":"https:\/\/www.europesays.com\/fr\/wp-json\/wp\/v2\/categories?post=154501"},{"taxonomy":"post_tag","embeddable":true,"href":"https:\/\/www.europesays.com\/fr\/wp-json\/wp\/v2\/tags?post=154501"}],"curies":[{"name":"wp","href":"https:\/\/api.w.org\/{rel}","templated":true}]}}