{"id":154503,"date":"2025-06-05T17:44:12","date_gmt":"2025-06-05T17:44:12","guid":{"rendered":"https:\/\/www.europesays.com\/fr\/154503\/"},"modified":"2025-06-05T17:44:12","modified_gmt":"2025-06-05T17:44:12","slug":"pourquoi-lallemagne-nest-pas-favorable-a-la-reconnaissance-dun-etat-palestinien","status":"publish","type":"post","link":"https:\/\/www.europesays.com\/fr\/154503\/","title":{"rendered":"Pourquoi l\u2019Allemagne n\u2019est pas favorable \u00e0 la reconnaissance d\u2019un Etat palestinien"},"content":{"rendered":"<p><strong>contre-pied &#8211; L\u2019Allemagne s\u2019oppose \u00e0 la reconnaissance d\u2019un \u00c9tat palestinien, le chef de la diplomatie allemande Johann Wadephul d\u00e9clarant que \u00ab ce processus doit \u00eatre men\u00e9 dans le cadre de n\u00e9gociations entre Isra\u00ebl et les Palestiniens \u00bb<\/strong><\/p>\n<p>La reconnaissance d\u2019un <a href=\"https:\/\/www.20minutes.fr\/monde\/etat_palestinien\/?at_medium=RSS%20feed&amp;at_campaign=ynews&amp;utm_source=yahoo&amp;utm_medium=rss&amp;utm_campaign=news_feed&amp;utm_content=in_article_link\" rel=\"nofollow noopener\" target=\"_blank\" data-ylk=\"slk:Etat palestinien;elm:context_link;itc:0;sec:content-canvas\" class=\"link \">Etat palestinien<\/a> serait \u00ab un mauvais signal \u00bb, a d\u00e9clar\u00e9 jeudi le chef de la diplomatie <a href=\"https:\/\/www.20minutes.fr\/dossier\/allemand?at_medium=RSS%20feed&amp;at_campaign=ynews&amp;utm_source=yahoo&amp;utm_medium=rss&amp;utm_campaign=news_feed&amp;utm_content=in_article_link\" rel=\"nofollow noopener\" target=\"_blank\" data-ylk=\"slk:allemande;elm:context_link;itc:0;sec:content-canvas\" class=\"link \">allemande<\/a>. Il prend ainsi le contrepied d\u2019un mouvement en ce sens de plusieurs pays europ\u00e9ens. \u00ab Ce processus doit \u00eatre men\u00e9 \u00e0 bien dans le cadre de n\u00e9gociations entre <a href=\"https:\/\/www.20minutes.fr\/monde\/israel\/?at_medium=RSS%20feed&amp;at_campaign=ynews&amp;utm_source=yahoo&amp;utm_medium=rss&amp;utm_campaign=news_feed&amp;utm_content=in_article_link\" rel=\"nofollow noopener\" target=\"_blank\" data-ylk=\"slk:Isra\u00ebl;elm:context_link;itc:0;sec:content-canvas\" class=\"link \">Isra\u00ebl<\/a> et les Palestiniens avant que nous puissions reconna\u00eetre un \u00c9tat palestinien \u00bb, a d\u00e9clar\u00e9 Johann Wadephul. C\u2019est une position \u00ab que nous faisons aussi valoir aupr\u00e8s de nos partenaires et amis europ\u00e9ens \u00bb.<\/p>\n<p>Plusieurs pays europ\u00e9ens, comme l\u2019<a href=\"https:\/\/www.20minutes.fr\/dossier\/espagne?at_medium=RSS%20feed&amp;at_campaign=ynews&amp;utm_source=yahoo&amp;utm_medium=rss&amp;utm_campaign=news_feed&amp;utm_content=in_article_link\" rel=\"nofollow noopener\" target=\"_blank\" data-ylk=\"slk:Espagne;elm:context_link;itc:0;sec:content-canvas\" class=\"link \">Espagne<\/a>, l\u2019<a href=\"https:\/\/www.20minutes.fr\/dossier\/irlande?at_medium=RSS%20feed&amp;at_campaign=ynews&amp;utm_source=yahoo&amp;utm_medium=rss&amp;utm_campaign=news_feed&amp;utm_content=in_article_link\" rel=\"nofollow noopener\" target=\"_blank\" data-ylk=\"slk:Irlande;elm:context_link;itc:0;sec:content-canvas\" class=\"link \">Irlande<\/a> et la <a href=\"https:\/\/www.20minutes.fr\/dossier\/norvege?at_medium=RSS%20feed&amp;at_campaign=ynews&amp;utm_source=yahoo&amp;utm_medium=rss&amp;utm_campaign=news_feed&amp;utm_content=in_article_link\" rel=\"nofollow noopener\" target=\"_blank\" data-ylk=\"slk:Norv\u00e8ge;elm:context_link;itc:0;sec:content-canvas\" class=\"link \">Norv\u00e8ge<\/a> ont d\u00e9j\u00e0 reconnu un Etat palestinien. La <a href=\"https:\/\/www.20minutes.fr\/france\/?at_medium=RSS%20feed&amp;at_campaign=ynews&amp;utm_source=yahoo&amp;utm_medium=rss&amp;utm_campaign=news_feed&amp;utm_content=in_article_link\" rel=\"nofollow noopener\" target=\"_blank\" data-ylk=\"slk:France;elm:context_link;itc:0;sec:content-canvas\" class=\"link \">France<\/a>, le <a href=\"https:\/\/www.20minutes.fr\/monde\/royaume-uni\/?at_medium=RSS%20feed&amp;at_campaign=ynews&amp;utm_source=yahoo&amp;utm_medium=rss&amp;utm_campaign=news_feed&amp;utm_content=in_article_link\" rel=\"nofollow noopener\" target=\"_blank\" data-ylk=\"slk:Royaume-Uni;elm:context_link;itc:0;sec:content-canvas\" class=\"link \">Royaume-Uni<\/a> et le <a href=\"https:\/\/www.20minutes.fr\/dossier\/canada?at_medium=RSS%20feed&amp;at_campaign=ynews&amp;utm_source=yahoo&amp;utm_medium=rss&amp;utm_campaign=news_feed&amp;utm_content=in_article_link\" rel=\"nofollow noopener\" target=\"_blank\" data-ylk=\"slk:Canada;elm:context_link;itc:0;sec:content-canvas\" class=\"link \">Canada<\/a> ont r\u00e9cemment annonc\u00e9 aussi l\u2019envisager face \u00e0 l\u2019intensification de l\u2019offensive isra\u00e9lienne \u00e0 Gaza et le blocage de l\u2019aide humanitaire. Emmanuel Macron a soulign\u00e9 fin mai \u00e0 Singapour qu\u2019une telle reconnaissance ne constituait \u00ab pas simplement un devoir moral, mais une exigence politique \u00bb.<\/p>\n<p>\u00ab Politique de colonisation contraire au droit international \u00bb<\/p>\n<p>Isra\u00ebl fait face \u00e0 une pression internationale croissante pour mettre fin \u00e0 la guerre, d\u00e9clench\u00e9e par l\u2019attaque du mouvement islamiste palestinien Hamas le 7 octobre 2023 sur le sol isra\u00e9lien.<\/p>\n<p>L\u2019Allemagne est l\u2019un des plus fid\u00e8les soutiens de l\u2019\u00c9tat h\u00e9breux, en raison de sa responsabilit\u00e9 dans la Shoah. Mais le chancelier Friedrich Merz n\u2019en a pas moins menac\u00e9 il y a une semaine le Premier ministre isra\u00e9lien Benyamin Netanyahou de ne plus soutenir son pays face \u00e0 la catastrophe humanitaire en cours dans le(&#8230;)<\/p>\n<p><a href=\"https:\/\/www.20minutes.fr\/monde\/israel\/4157173-20250605-israel-pourquoi-allemagne-favorable-reconnaissance-etat-palestinien?at_medium=RSS%20feed&amp;at_campaign=ynews&amp;utm_source=yahoo&amp;utm_medium=rss&amp;utm_campaign=news_feed&amp;utm_content=read_more_link\" rel=\"nofollow noopener\" target=\"_blank\" data-ylk=\"slk:Lire la suite sur 20minutes;elm:context_link;itc:0;sec:content-canvas\" class=\"link \">Lire la suite sur 20minutes<\/a><\/p>\n<p>\u00c0 lire aussi :<br \/><a href=\"https:\/\/www.20minutes.fr\/monde\/israel\/4152797-20250511-conflit-israel-hamas-reconnaissance-etat-palestinien-entrainera-mesures-unilaterales-previent-israel?at_medium=RSS%20feed&amp;at_campaign=ynews&amp;utm_source=yahoo&amp;utm_medium=rss&amp;utm_campaign=news_feed&amp;utm_content=related_content_link\" rel=\"nofollow noopener\" target=\"_blank\" data-ylk=\"slk:Guerre Isra\u00ebl-Hamas : La reconnaissance d\u2019un Etat palestinien entra\u00eenera des \u00ab mesures unilat\u00e9rales \u00bb, pr\u00e9vient Isra\u00ebl;elm:context_link;itc:0;sec:content-canvas\" class=\"link \">Guerre Isra\u00ebl-Hamas : La reconnaissance d\u2019un Etat palestinien entra\u00eenera des \u00ab mesures unilat\u00e9rales \u00bb, pr\u00e9vient Isra\u00ebl<\/a><br \/><a href=\"https:\/\/www.20minutes.fr\/monde\/israel\/4148085-20250410-reconnaissance-etat-palestinien-israel-denonce-coup-pouce-terrorisme-tandis-hamas-rejouit?at_medium=RSS%20feed&amp;at_campaign=ynews&amp;utm_source=yahoo&amp;utm_medium=rss&amp;utm_campaign=news_feed&amp;utm_content=related_content_link\" rel=\"nofollow noopener\" target=\"_blank\" data-ylk=\"slk:Reconnaissance de l\u2019\u00c9tat palestinien : Isra\u00ebl d\u00e9nonce \u00ab un coup de pouce \u00bb au terrorisme, le Hamas se r\u00e9jouit;elm:context_link;itc:0;sec:content-canvas\" class=\"link \">Reconnaissance de l\u2019\u00c9tat palestinien : Isra\u00ebl d\u00e9nonce \u00ab un coup de pouce \u00bb au terrorisme, le Hamas se r\u00e9jouit<\/a><\/p>\n","protected":false},"excerpt":{"rendered":"contre-pied &#8211; L\u2019Allemagne s\u2019oppose \u00e0 la reconnaissance d\u2019un \u00c9tat palestinien, le chef de la diplomatie allemande Johann Wadephul&hellip;\n","protected":false},"author":2,"featured_media":154504,"comment_status":"","ping_status":"","sticky":false,"template":"","format":"standard","meta":{"footnotes":""},"categories":[1587],"tags":[11,672,1804,1805,1803,8421,1777,674,1801,664,22584,12,28449,2689,1802],"class_list":{"0":"post-154503","1":"post","2":"type-post","3":"status-publish","4":"format-standard","5":"has-post-thumbnail","7":"category-allemagne","8":"tag-actualites","9":"tag-allemagne","10":"tag-bundesrepublik-deutschland","11":"tag-de","12":"tag-deutschland","13":"tag-etat-palestinien","14":"tag-eu","15":"tag-europe","16":"tag-germany","17":"tag-israel","18":"tag-johann-wadephul","19":"tag-news","20":"tag-pays-europeens","21":"tag-reconnaissance","22":"tag-republique-federale-dallemagne"},"share_on_mastodon":{"url":"https:\/\/pubeurope.com\/@fr\/114632003749155941","error":""},"_links":{"self":[{"href":"https:\/\/www.europesays.com\/fr\/wp-json\/wp\/v2\/posts\/154503","targetHints":{"allow":["GET"]}}],"collection":[{"href":"https:\/\/www.europesays.com\/fr\/wp-json\/wp\/v2\/posts"}],"about":[{"href":"https:\/\/www.europesays.com\/fr\/wp-json\/wp\/v2\/types\/post"}],"author":[{"embeddable":true,"href":"https:\/\/www.europesays.com\/fr\/wp-json\/wp\/v2\/users\/2"}],"replies":[{"embeddable":true,"href":"https:\/\/www.europesays.com\/fr\/wp-json\/wp\/v2\/comments?post=154503"}],"version-history":[{"count":0,"href":"https:\/\/www.europesays.com\/fr\/wp-json\/wp\/v2\/posts\/154503\/revisions"}],"wp:featuredmedia":[{"embeddable":true,"href":"https:\/\/www.europesays.com\/fr\/wp-json\/wp\/v2\/media\/154504"}],"wp:attachment":[{"href":"https:\/\/www.europesays.com\/fr\/wp-json\/wp\/v2\/media?parent=154503"}],"wp:term":[{"taxonomy":"category","embeddable":true,"href":"https:\/\/www.europesays.com\/fr\/wp-json\/wp\/v2\/categories?post=154503"},{"taxonomy":"post_tag","embeddable":true,"href":"https:\/\/www.europesays.com\/fr\/wp-json\/wp\/v2\/tags?post=154503"}],"curies":[{"name":"wp","href":"https:\/\/api.w.org\/{rel}","templated":true}]}}