{"id":154505,"date":"2025-06-05T17:45:12","date_gmt":"2025-06-05T17:45:12","guid":{"rendered":"https:\/\/www.europesays.com\/fr\/154505\/"},"modified":"2025-06-05T17:45:12","modified_gmt":"2025-06-05T17:45:12","slug":"leurope-finit-dans-le-desordre-seance-volatile-avec-la-bce-05-06-2025-a-1834","status":"publish","type":"post","link":"https:\/\/www.europesays.com\/fr\/154505\/","title":{"rendered":"L&rsquo;Europe finit dans le d\u00e9sordre, s\u00e9ance volatile avec la BCE &#8211; 05\/06\/2025 \u00e0 18:34"},"content":{"rendered":"<p>        <img fetchpriority=\"high\" decoding=\"async\" src=\"https:\/\/www.europesays.com\/fr\/wp-content\/uploads\/2025\/06\/1cca952f98328594bb87bd60ac4b227f-760x514.jpg\" alt=\"Une sculpture repr\u00e9sentant le signe mon\u00e9taire de l'euro est visible devant le si\u00e8ge de la BCE \u00e0 Francfort\" loading=\"eager\" width=\"760\" height=\"514\" style=\"max-width: 100%!important; height: auto;\"\/><\/p>\n<p class=\"c-image-news__legend\">Une sculpture repr\u00e9sentant le signe mon\u00e9taire de l&rsquo;euro est visible devant le si\u00e8ge de la BCE \u00e0 Francfort<\/p>\n<p>\n par Diana Mandia\n<\/p>\n<p>\n Les Bourses europ\u00e9ennes ont termin\u00e9 en ordre dispers\u00e9 jeudi apr\u00e8s une s\u00e9ance volatile marqu\u00e9e par la huiti\u00e8me r\u00e9duction des taux d&rsquo;int\u00e9r\u00eat de la Banque centrale europ\u00e9nne (BCE), qui devrait \u00eatre suivie par une pause estivale, et les espoirs de progr\u00e8s dans le dossier commercial apr\u00e8s un entretien t\u00e9l\u00e9phonique entre le pr\u00e9sident chinois et son homologue am\u00e9ricain.\n<\/p>\n<p>\n \u00c0 Paris, le CAC 40 a perdu 0,18% \u00e0 7.790,27 points. \u00c0 Francfort, le Dax a pris 0,20% et \u00e0 Londres, le FTSE 100 a gagn\u00e9 0,11%.\n<\/p>\n<p>\n L&rsquo;indice EuroStoxx 50 a fini en hausse de 0,09%, le FTSEurofirst 300 a progress\u00e9 de 0,19% et le Stoxx 600 a avanc\u00e9 de 0,17%.\n<\/p>\n<p>\n Comme pr\u00e9vu, la BCE a abaiss\u00e9 jeudi \u00e0 2% son taux d&rsquo;int\u00e9r\u00eat directeur, soulignant \u00e9galement \u00eatre en bonne position face \u00e0 l&rsquo;incertitude \u00e9conomique mondiale, un commentaire qui, associ\u00e9 au reflux de l&rsquo;inflation, rend les march\u00e9s mon\u00e9taires confiants dans le fait que Francfort marquera une pause dans son cycle d&rsquo;assouplissement mon\u00e9taire en juillet.\n<\/p>\n<p>\n Les op\u00e9rateurs ont ainsi r\u00e9duit leurs anticipations de nouvelles baisses de taux d&rsquo;ici la fin de l&rsquo;ann\u00e9e, tablant d\u00e9sormais sur un assouplissement de 25 points de base, contre environ 30 avant le d\u00e9but de la conf\u00e9rence de presse de la pr\u00e9sidente de la BCE, Christine Lagarde.\n<\/p>\n<p>\n Les rendements obligataires, en baisse dans la matin\u00e9e, se sont retourn\u00e9s \u00e0 la hausse apr\u00e8s les propos de Christine Lagarde, p\u00e9nalisant pendant une partie de l&rsquo;apr\u00e8s-midi les march\u00e9s d&rsquo;actions, qui ont toutefois r\u00e9duit leurs pertes en fin de s\u00e9ance.\n<\/p>\n<p>\n \u00ab\u00a0Les taux se situant d\u00e9sormais au milieu de leur fourchette neutre estim\u00e9e, la barre pour de nouvelles r\u00e9ductions s&rsquo;est \u00e9lev\u00e9e. Ayant d\u00e9j\u00e0 proc\u00e9d\u00e9 \u00e0 un assouplissement de 1,75% au cours de ce cycle, la BCE peut se permettre de passer de l&rsquo;urgence \u00e0 la patience\u00a0\u00bb, note Irene Laure, \u00e9conomiste chez Schroders.\n<\/p>\n<p>\n Les commentaires de Christine Lagarde \u00e9taient tr\u00e8s attendus en raison du contexte de grande incertitude quant \u00e0 l&rsquo;impact des droits de douane impos\u00e9s par le pr\u00e9sident am\u00e9ricain Donald Trump, et alors que la pause dans les surtaxes massives annonc\u00e9es par la Maison blanche en avril pour permettre des n\u00e9gociations prendra fin en juillet.\n<\/p>\n<p>\n Les investisseurs continuent de rester \u00e0 l&rsquo;aff\u00fbt de tout signe de progr\u00e8s dans les n\u00e9gociations : l&rsquo;entretien t\u00e9l\u00e9phonique que le pr\u00e9sident chinois Xi Jinping et son homologue am\u00e9ricain Donald Trump ont eu jeudi \u00e9tait destin\u00e9 \u00e0 aplanir les diff\u00e9rends entre leurs deux pays sur leurs droits de douane r\u00e9ciproques, selon l&rsquo;ambassade de Chine aux Etats-Unis, ce qui a contribu\u00e9 a l&rsquo;optimisme.\n<\/p>\n<p>\n VALEURS\n<\/p>\n<p>\n Aux valeurs, l&rsquo;op\u00e9rateur franco-britannique de satellites Eutelstat a perdu 18,2% apr\u00e8s que Hanwha Systems a c\u00e9d\u00e9 sa participation avec une d\u00e9cote.\n<\/p>\n<p>\n Ailleurs en Europe, Wizz Air a plong\u00e9 de 27,9% apr\u00e8s que la compagnie a\u00e9rienne \u00e0 bas prix a d\u00e9\u00e7u les attentes pour son b\u00e9n\u00e9fice d&rsquo;exploitation annuel.\n<\/p>\n<p>\n A WALL STREET\n<\/p>\n<p>\n Wall Street conna\u00eet une s\u00e9ance volatile, dans l&rsquo;attente du rapport mensuel sur l&#8217;emploi am\u00e9ricain pr\u00e9vu vendredi et des espoirs de progr\u00e8s sur le front commercial.\n<\/p>\n<p>\n A l&rsquo;heure de la cl\u00f4ture en Europe, le Dow Jones prend 0,29%, le Standard &amp; Poor&rsquo;s 500 avance de 0,42% et le Nasdaq Composite gagne 0,71%.\n<\/p>\n<p>\n LES INDICATEURS DU JOUR\n<\/p>\n<p>\n Les commandes industrielles ont augment\u00e9 de mani\u00e8re inattendue en Allemagne en avril, alors que les \u00e9conomistes interrog\u00e9s par Reuters tablaient sur une baisse, ce qui a aid\u00e9 notamment le Dax \u00e0 Francfort.\n<\/p>\n<p>\n Aux Etats-Unis, les inscriptions au ch\u00f4mage ont augment\u00e9 pour la deuxi\u00e8me semaine cons\u00e9cutive, ce qui indique un affaiblissement des conditions du march\u00e9 dans un climat \u00e9conomique de plus en plus d\u00e9favorable.\n<\/p>\n<p>\n CHANGES\n<\/p>\n<p>\n L&rsquo;euro gagne 0,25% \u00e0 1,1445 dollar apr\u00e8s que la BCE a laiss\u00e9 entendre qu&rsquo;elle ferait une pause dans son cycle d&rsquo;assouplissement mon\u00e9taire. Le billet vert a parall\u00e8lement souffert des donn\u00e9es am\u00e9ricaines qui ont fait \u00e9tat d&rsquo;un affaiblissement des conditions du march\u00e9 du travail.\n<\/p>\n<p>\n \u00ab\u00a0La force de l&rsquo;euro provient du message \u00e9tonnamment optimiste de la BCE, qui a indiqu\u00e9 qu&rsquo;elle approchait de la fin du cycle de r\u00e9duction avec la baisse des taux d&rsquo;aujourd&rsquo;hui\u00a0\u00bb, souligne Michael Pfister, analyste chez Commerzbank.\n<\/p>\n<p>\n \u00ab\u00a0Cependant, il faut \u00e9galement garder \u00e0 l&rsquo;esprit que nous assistons \u00e0 une faiblesse du dollar dans le m\u00eame temps, suite \u00e0 des donn\u00e9es am\u00e9ricaines plut\u00f4t faibles, qui ont renforc\u00e9 les inqui\u00e9tudes concernant les cons\u00e9quences des droits de douane\u00a0\u00bb.\n<\/p>\n<p>\n TAUX\n<\/p>\n<p>\n Les rendements obligataires de la zone euro ont progress\u00e9 jeudi avec les perspectives d&rsquo;une pause dans le cycle d&rsquo;assouplissemnt mon\u00e9taire de la BCE.\n<\/p>\n<p>\n Le rendement du Bund allemand \u00e0 dix ans a ainsi pris 6,4 points de base \u00e0 2,5870%. Le deux ans, le plus sensible aux anticipations sur les taux, a gagn\u00e9 8,1 points de base \u00e0 1,8740%.\n<\/p>\n<p>\n Aux Etats-Unis, les rendements des bons du Tr\u00e9sor sont en l\u00e9g\u00e8re hausse \u00e0 la suite des discussions entre les pr\u00e9sidents am\u00e9ricain et chinois, bien que la s\u00e9ance soit volatile et que les faibles donn\u00e9es sur le march\u00e9 de l&#8217;emploi les aient fait baisser plus t\u00f4t dans la journ\u00e9e.\n<\/p>\n<p>\n P\u00c9TROLE\n<\/p>\n<p>\n Les prix du p\u00e9trole progressent apr\u00e8s l&rsquo;annonce de l&rsquo;entretien t\u00e9l\u00e9phonique entre Xi Jinping et Donald Trump.\n<\/p>\n<p>\n Le Brent avance de 0,99% \u00e0 65,50 dollars le baril et le brut l\u00e9ger am\u00e9ricain (West Texas Intermediate, WTI) prend 1,08% \u00e0 63,53 dollars.\n<\/p>\n<p>\n A SUIVRE LE 6 JUIN:\n<\/p>\n<p>\n (Certaines donn\u00e9es peuvent accuser un l\u00e9ger d\u00e9calage)\n<\/p>\n<p>\n (R\u00e9dig\u00e9 par Diana Mandi\u00e1, \u00e9dit\u00e9 par Blandine H\u00e9nault)<\/p>\n","protected":false},"excerpt":{"rendered":"Une sculpture repr\u00e9sentant le signe mon\u00e9taire de l&rsquo;euro est visible devant le si\u00e8ge de la BCE \u00e0 Francfort&hellip;\n","protected":false},"author":2,"featured_media":154506,"comment_status":"","ping_status":"","sticky":false,"template":"","format":"standard","meta":{"footnotes":""},"categories":[1586],"tags":[400,11,398,408,405,1777,674,1011,27,403,402,399,404,12,25,401,406,407],"class_list":{"0":"post-154505","1":"post","2":"type-post","3":"status-publish","4":"format-standard","5":"has-post-thumbnail","7":"category-europe","8":"tag-action-cac-40","9":"tag-actualites","10":"tag-bourse-de-paris","11":"tag-boursorama","12":"tag-cotations","13":"tag-eu","14":"tag-europe","15":"tag-fr","16":"tag-france","17":"tag-indices-devises","18":"tag-investir","19":"tag-investissement","20":"tag-marche-boursier","21":"tag-news","22":"tag-republique-francaise","23":"tag-sicav","24":"tag-trackers","25":"tag-warrants"},"share_on_mastodon":{"url":"https:\/\/pubeurope.com\/@fr\/114632007779806097","error":""},"_links":{"self":[{"href":"https:\/\/www.europesays.com\/fr\/wp-json\/wp\/v2\/posts\/154505","targetHints":{"allow":["GET"]}}],"collection":[{"href":"https:\/\/www.europesays.com\/fr\/wp-json\/wp\/v2\/posts"}],"about":[{"href":"https:\/\/www.europesays.com\/fr\/wp-json\/wp\/v2\/types\/post"}],"author":[{"embeddable":true,"href":"https:\/\/www.europesays.com\/fr\/wp-json\/wp\/v2\/users\/2"}],"replies":[{"embeddable":true,"href":"https:\/\/www.europesays.com\/fr\/wp-json\/wp\/v2\/comments?post=154505"}],"version-history":[{"count":0,"href":"https:\/\/www.europesays.com\/fr\/wp-json\/wp\/v2\/posts\/154505\/revisions"}],"wp:featuredmedia":[{"embeddable":true,"href":"https:\/\/www.europesays.com\/fr\/wp-json\/wp\/v2\/media\/154506"}],"wp:attachment":[{"href":"https:\/\/www.europesays.com\/fr\/wp-json\/wp\/v2\/media?parent=154505"}],"wp:term":[{"taxonomy":"category","embeddable":true,"href":"https:\/\/www.europesays.com\/fr\/wp-json\/wp\/v2\/categories?post=154505"},{"taxonomy":"post_tag","embeddable":true,"href":"https:\/\/www.europesays.com\/fr\/wp-json\/wp\/v2\/tags?post=154505"}],"curies":[{"name":"wp","href":"https:\/\/api.w.org\/{rel}","templated":true}]}}