{"id":154507,"date":"2025-06-05T17:46:15","date_gmt":"2025-06-05T17:46:15","guid":{"rendered":"https:\/\/www.europesays.com\/fr\/154507\/"},"modified":"2025-06-05T17:46:15","modified_gmt":"2025-06-05T17:46:15","slug":"le-ministre-britannique-du-commerce-souhaite-utiliser-les-e-gates-de-lue-des-que-possible","status":"publish","type":"post","link":"https:\/\/www.europesays.com\/fr\/154507\/","title":{"rendered":"Le ministre britannique du Commerce souhaite utiliser les e-gates de l&rsquo;UE \u00ab\u00a0d\u00e8s que possible\u00a0\u00bb."},"content":{"rendered":"<p>Le ministre ministre britannique du Commerce, Jonathan Reynolds, souhaite mettre en place les e-gates, les portes de passeport \u00e9lectronique \u00ab\u00a0d\u00e8s que possible\u00a0\u00bb. Selon lui, le syst\u00e8me pourrait contr\u00f4ler plus rapidement les passeports des ressortissants britanniques voyageant vers et depuis les \u00c9tats membres de l&rsquo;Union europ\u00e9enne, depuis la conclusion d&rsquo;un nouvel accord entre Londres et Bruxelles le mois dernier.<\/p>\n<p>Interrog\u00e9 par Euronews pour savoir si 2025 serait l&rsquo;ann\u00e9e o\u00f9 les gens utiliseraient les e-gates pour leurs vacances d&rsquo;\u00e9t\u00e9, Jonathan Reynolds s&rsquo;est montr\u00e9e optimiste m\u00eame si la mise en place de dispositif reste encore floue.<\/p>\n<p>\u00ab\u00a0Nous esp\u00e9rons que ce sera le plus t\u00f4t possible parce qu&rsquo;une partie de l&rsquo;accord est que la Commission dit qu&rsquo;il n&rsquo;y a pas d&rsquo;obstacle juridique \u00e0 l&rsquo;utilisation des e-gates. Ce syst\u00e8me est utilis\u00e9 dans certains pays. Il est \u00e9vident que son utilisation pr\u00e9sente d&rsquo;\u00e9normes avantages en termes d&rsquo;efficacit\u00e9\u00a0\u00bb explique Jonathan Reynolds.<\/p>\n<p>Le ministre britannique du Commerce que le nouvel accord avec Bruxelles r\u00e9sistera aux futurs gouvernements, et rejette les arguments des partis conservateurs qui sont contre. Selon lui, il est temps d&rsquo;aller de l&rsquo;avant : \u00ab\u00a0je suis absolument convaincu que cet accord est dans le meilleur int\u00e9r\u00eat du Royaume-Uni. Il est \u00e9galement dans l&rsquo;int\u00e9r\u00eat de l&rsquo;UE. Mais je pense qu&rsquo;il y a une coalition que nous pouvons construire qui ne veut pas regarder vers le pass\u00e9.\u00a0\u00bb<\/p>\n<p>L&rsquo;un des points contest\u00e9s de l&rsquo;accord entre le Royaume-Uni et l&rsquo;Union europ\u00e9enne, conclu en mai par le gouvernement travailliste est l&rsquo;acc\u00e8s \u00e0 la p\u00eache pour les 12 prochaines ann\u00e9es. Jonathan Reynolds le d\u00e9fend : \u00ab\u00a0n&rsquo;oublions pas qu&rsquo;en mati\u00e8re de p\u00eache, l&rsquo;acc\u00e8s n&rsquo;est pas r\u00e9duit, la position du Royaume-Uni n&rsquo;est pas affaiblie par rapport \u00e0 ce qu&rsquo;elle est d\u00e9j\u00e0, et elle est m\u00eame meilleure qu&rsquo;au cours des ann\u00e9es pr\u00e9c\u00e9dentes.\u00a0\u00bb<\/p>\n<p>Les accords sur des questions telles que les portes \u00e9lectroniques et la p\u00eache illustrent le renforcement de la coop\u00e9ration entre Londres et Bruxelles apr\u00e8s une p\u00e9riode de tensions caus\u00e9es par le d\u00e9part du Royaume-Uni de l&rsquo;Union europ\u00e9enne en 2020.<\/p>\n","protected":false},"excerpt":{"rendered":"Le ministre ministre britannique du Commerce, Jonathan Reynolds, souhaite mettre en place les e-gates, les portes de passeport&hellip;\n","protected":false},"author":2,"featured_media":154508,"comment_status":"","ping_status":"","sticky":false,"template":"","format":"standard","meta":{"footnotes":""},"categories":[1586],"tags":[11,215,1777,674,1779,1011,27,28450,7738,3784,12,28451,25,473,1778,364],"class_list":{"0":"post-154507","1":"post","2":"type-post","3":"status-publish","4":"format-standard","5":"has-post-thumbnail","7":"category-europe","8":"tag-actualites","9":"tag-commerce","10":"tag-eu","11":"tag-europe","12":"tag-european-union","13":"tag-fr","14":"tag-france","15":"tag-jonathan-reynolds","16":"tag-lunion-europeenne","17":"tag-ministre","18":"tag-news","19":"tag-passeport-electronique","20":"tag-republique-francaise","21":"tag-royaume-uni","22":"tag-ue","23":"tag-union-europeenne"},"share_on_mastodon":{"url":"https:\/\/pubeurope.com\/@fr\/114632011670778087","error":""},"_links":{"self":[{"href":"https:\/\/www.europesays.com\/fr\/wp-json\/wp\/v2\/posts\/154507","targetHints":{"allow":["GET"]}}],"collection":[{"href":"https:\/\/www.europesays.com\/fr\/wp-json\/wp\/v2\/posts"}],"about":[{"href":"https:\/\/www.europesays.com\/fr\/wp-json\/wp\/v2\/types\/post"}],"author":[{"embeddable":true,"href":"https:\/\/www.europesays.com\/fr\/wp-json\/wp\/v2\/users\/2"}],"replies":[{"embeddable":true,"href":"https:\/\/www.europesays.com\/fr\/wp-json\/wp\/v2\/comments?post=154507"}],"version-history":[{"count":0,"href":"https:\/\/www.europesays.com\/fr\/wp-json\/wp\/v2\/posts\/154507\/revisions"}],"wp:featuredmedia":[{"embeddable":true,"href":"https:\/\/www.europesays.com\/fr\/wp-json\/wp\/v2\/media\/154508"}],"wp:attachment":[{"href":"https:\/\/www.europesays.com\/fr\/wp-json\/wp\/v2\/media?parent=154507"}],"wp:term":[{"taxonomy":"category","embeddable":true,"href":"https:\/\/www.europesays.com\/fr\/wp-json\/wp\/v2\/categories?post=154507"},{"taxonomy":"post_tag","embeddable":true,"href":"https:\/\/www.europesays.com\/fr\/wp-json\/wp\/v2\/tags?post=154507"}],"curies":[{"name":"wp","href":"https:\/\/api.w.org\/{rel}","templated":true}]}}