{"id":154517,"date":"2025-06-05T17:51:11","date_gmt":"2025-06-05T17:51:11","guid":{"rendered":"https:\/\/www.europesays.com\/fr\/154517\/"},"modified":"2025-06-05T17:51:11","modified_gmt":"2025-06-05T17:51:11","slug":"du-volleyball-sous-les-projecteurs-et-au-coeur-de-baie-saint-paul","status":"publish","type":"post","link":"https:\/\/www.europesays.com\/fr\/154517\/","title":{"rendered":"Du volleyball sous les projecteurs et au c\u0153ur de Baie-Saint-Paul"},"content":{"rendered":"<p><strong>La Ligue de Volleyball de plage mixte de la Microbrasserie Charlevoix (LVBM) amorce ce jeudi sa deuxi\u00e8me saison estivale en force avec deux terrains, huit \u00e9quipes, des matchs en soir\u00e9e\u2026 et un centre-ville bient\u00f4t transform\u00e9 en plage g\u00e9ante. L\u2019\u00e9t\u00e9 s\u2019annonce spectaculaire pour les amateurs de volleyball de plage.<\/strong><\/p>\n<p>Apr\u00e8s une premi\u00e8re ann\u00e9e prometteuse, la ligue double ses effectifs gr\u00e2ce \u00e0 l\u2019ajout de quatre nouvelles \u00e9quipes, une croissance rendue possible par le soutien de quatre nouveaux commanditaires. Elle en profite \u00e9galement pour bonifier ses installations sur les terrains de la polyvalente Saint-Aubin.<\/p>\n<p>\u00ab On a fait une demande au conseil municipal de Baie-Saint-Paul et ils ont accept\u00e9 de nous aider. On est vraiment reconnaissants. Nous aurons en plus du sable de qualit\u00e9 en provenance de Trois-Rivi\u00e8res. C\u2019est vraiment ce qu\u2019il y a de mieux pour jouer \u00bb, explique Francis Fortin, administrateur de la ligue.<\/p>\n<p>Gr\u00e2ce \u00e0 l\u2019ajout d\u2019un deuxi\u00e8me terrain \u00e9clair\u00e9, les matchs se tiendront les lundis et jeudis \u00e0 19 h et 20 h, devant des estrades et sous les projecteurs.<\/p>\n<p>Au-del\u00e0 du sport, la ligue mise aussi sur l\u2019ambiance : estrades, tables de pique-nique, permis d\u2019alcool\u2026 tout est en place pour cr\u00e9er un esprit festif et rassembleur. Francis Fortin invite d\u2019ailleurs les citoyens \u00e0 venir assister aux matchs : \u00ab Ce n\u2019est pas r\u00e9serv\u00e9 aux initi\u00e9s. Venez voir du bon volleyball, jaser, prendre un verre. L\u2019ambiance est aussi importante que le jeu. \u00bb<\/p>\n<p><strong>Un party de financement au c\u0153ur du centre-ville<\/strong><\/p>\n<p>Le moment fort du calendrier approche : Plage en Ville, les 14 et 15 juin, un tournoi festif et spectaculaire pendant lequel 60 tonnes de sable seront d\u00e9vers\u00e9es en plein c\u0153ur du centre-ville pour cr\u00e9er un terrain de volleyball de plage \u00e9ph\u00e9m\u00e8re.<\/p>\n<p>Plage en Ville est aussi une activit\u00e9 de financement qui permettra \u00e0 la LVBM d\u2019offrir plus de cadeaux aux joueurs et de continuer \u00e0 am\u00e9liorer ses installations. \u00ab Chaque \u00e9v\u00e9nement nous aide \u00e0 faire grandir la ligue, mais aussi \u00e0 redonner \u00e0 notre monde \u00bb, insiste Francis. L\u2019an dernier, la ligue avait notamment tenu un kiosque de pizza lors du march\u00e9 de No\u00ebl, ce qui lui a permis de remettre 1000\u202f$ \u00e0 l\u2019organisme Pro-Sant\u00e9. D\u2019autres initiatives communautaires sont aussi \u00e0 venir.<\/p>\n","protected":false},"excerpt":{"rendered":"La Ligue de Volleyball de plage mixte de la Microbrasserie Charlevoix (LVBM) amorce ce jeudi sa deuxi\u00e8me saison&hellip;\n","protected":false},"author":2,"featured_media":154518,"comment_status":"","ping_status":"","sticky":false,"template":"","format":"standard","meta":{"footnotes":""},"categories":[1417],"tags":[1011,27,60,1470,1469],"class_list":{"0":"post-154517","1":"post","2":"type-post","3":"status-publish","4":"format-standard","5":"has-post-thumbnail","7":"category-volley","8":"tag-fr","9":"tag-france","10":"tag-sports","11":"tag-volley","12":"tag-volleyball"},"share_on_mastodon":{"url":"https:\/\/pubeurope.com\/@fr\/114632031130495760","error":""},"_links":{"self":[{"href":"https:\/\/www.europesays.com\/fr\/wp-json\/wp\/v2\/posts\/154517","targetHints":{"allow":["GET"]}}],"collection":[{"href":"https:\/\/www.europesays.com\/fr\/wp-json\/wp\/v2\/posts"}],"about":[{"href":"https:\/\/www.europesays.com\/fr\/wp-json\/wp\/v2\/types\/post"}],"author":[{"embeddable":true,"href":"https:\/\/www.europesays.com\/fr\/wp-json\/wp\/v2\/users\/2"}],"replies":[{"embeddable":true,"href":"https:\/\/www.europesays.com\/fr\/wp-json\/wp\/v2\/comments?post=154517"}],"version-history":[{"count":0,"href":"https:\/\/www.europesays.com\/fr\/wp-json\/wp\/v2\/posts\/154517\/revisions"}],"wp:featuredmedia":[{"embeddable":true,"href":"https:\/\/www.europesays.com\/fr\/wp-json\/wp\/v2\/media\/154518"}],"wp:attachment":[{"href":"https:\/\/www.europesays.com\/fr\/wp-json\/wp\/v2\/media?parent=154517"}],"wp:term":[{"taxonomy":"category","embeddable":true,"href":"https:\/\/www.europesays.com\/fr\/wp-json\/wp\/v2\/categories?post=154517"},{"taxonomy":"post_tag","embeddable":true,"href":"https:\/\/www.europesays.com\/fr\/wp-json\/wp\/v2\/tags?post=154517"}],"curies":[{"name":"wp","href":"https:\/\/api.w.org\/{rel}","templated":true}]}}