{"id":154520,"date":"2025-06-05T17:55:10","date_gmt":"2025-06-05T17:55:10","guid":{"rendered":"https:\/\/www.europesays.com\/fr\/154520\/"},"modified":"2025-06-05T17:55:10","modified_gmt":"2025-06-05T17:55:10","slug":"fabio-quartararo-lascension-dun-prodige-la-premiere-biographie-officielle-dun-surdoue-du-motogp","status":"publish","type":"post","link":"https:\/\/www.europesays.com\/fr\/154520\/","title":{"rendered":"Fabio Quartararo, l\u2019ascension d\u2019un prodige : la premi\u00e8re biographie officielle d\u2019un surdou\u00e9 du MotoGP"},"content":{"rendered":"<p><img decoding=\"async\" src=\"https:\/\/www.europesays.com\/fr\/wp-content\/uploads\/2025\/06\/Vert-et-Blanc-Griddy-Grand-Type-General-Individus-ODD-Twitter-Publication-7-678x381.jpg\" alt=\"\" title=\"\"\/><\/p>\n<p style=\"text-align: justify;\"><strong>En 2021, \u00e0 seulement 22 ans, Fabio Quartararo est entr\u00e9 dans l\u2019histoire, devenant le premier Fran\u00e7ais champion du monde de MotoGP.<\/strong><\/p>\n<p style=\"text-align: justify;\">Form\u00e9 en Espagne, hyper pr\u00e9coce, promu en 2019 en MotoGP dans l\u2019\u00e9quipe satellite Yamaha, il remporte ses deux premiers Grands Prix en 2020. Sacr\u00e9 la saison suivante, il est vice-champion du monde en 2022.<\/p>\n<p style=\"text-align: justify;\">Rentr\u00e9 dans le rang depuis en raison du manque de comp\u00e9titivit\u00e9 de sa Yamaha, il reste l\u2019un des pilotes les plus spectaculaires du plateau. Pour les besoins de cette biographie, Fabio Quartararo s\u2019est confi\u00e9 \u00e0\u0300 Michel Turco et lui a ouvert les portes de sa famille et de ses proches.<\/p>\n<p style=\"text-align: justify;\">Michel Turco, journaliste sp\u00e9cialis\u00e9 en sport moto, il couvre les Grands Prix depuis plus de vingt-cinq ans, notamment pour Moto Revue, GP Racing et L\u2019\u00c9quipe. Ses biographies de Valentino Rossi, Marc Marquez et Fabio Quartararo, chez Solar, sont des best-sellers.<\/p>\n<p style=\"text-align: justify;\"><img loading=\"lazy\" decoding=\"async\" class=\"alignnone size-full wp-image-41447\" src=\"https:\/\/www.europesays.com\/fr\/wp-content\/uploads\/2025\/06\/VISUEL-DE-COUV_Quartararo-e1749138246993.jpg\" alt=\"\" width=\"375\" height=\"620\"\/><\/p>\n<p><strong>Fabio Quartararo, l\u2019ascension d\u2019un prodige \/ Par Michel Turco \/ Solar Editions \/ 264 pages \/ 8,90 euros \/ Parution le 28 mai 2025 \/ Edition Mise \u00e0 jour 2025<\/strong><\/p>\n","protected":false},"excerpt":{"rendered":"En 2021, \u00e0 seulement 22 ans, Fabio Quartararo est entr\u00e9 dans l\u2019histoire, devenant le premier Fran\u00e7ais champion du&hellip;\n","protected":false},"author":2,"featured_media":154521,"comment_status":"","ping_status":"","sticky":false,"template":"","format":"standard","meta":{"footnotes":""},"categories":[1413],"tags":[1680,28452,1011,27,28453,1457,1456,1458,11653,60],"class_list":{"0":"post-154520","1":"post","2":"type-post","3":"status-publish","4":"format-standard","5":"has-post-thumbnail","7":"category-moto","8":"tag-fabio-quartararo","9":"tag-fabio-quartararo-motogp","10":"tag-fr","11":"tag-france","12":"tag-michel-turco","13":"tag-moto","14":"tag-motocycle","15":"tag-motogp","16":"tag-quartararo","17":"tag-sports"},"share_on_mastodon":{"url":"https:\/\/pubeurope.com\/@fr\/114632046930377303","error":""},"_links":{"self":[{"href":"https:\/\/www.europesays.com\/fr\/wp-json\/wp\/v2\/posts\/154520","targetHints":{"allow":["GET"]}}],"collection":[{"href":"https:\/\/www.europesays.com\/fr\/wp-json\/wp\/v2\/posts"}],"about":[{"href":"https:\/\/www.europesays.com\/fr\/wp-json\/wp\/v2\/types\/post"}],"author":[{"embeddable":true,"href":"https:\/\/www.europesays.com\/fr\/wp-json\/wp\/v2\/users\/2"}],"replies":[{"embeddable":true,"href":"https:\/\/www.europesays.com\/fr\/wp-json\/wp\/v2\/comments?post=154520"}],"version-history":[{"count":0,"href":"https:\/\/www.europesays.com\/fr\/wp-json\/wp\/v2\/posts\/154520\/revisions"}],"wp:featuredmedia":[{"embeddable":true,"href":"https:\/\/www.europesays.com\/fr\/wp-json\/wp\/v2\/media\/154521"}],"wp:attachment":[{"href":"https:\/\/www.europesays.com\/fr\/wp-json\/wp\/v2\/media?parent=154520"}],"wp:term":[{"taxonomy":"category","embeddable":true,"href":"https:\/\/www.europesays.com\/fr\/wp-json\/wp\/v2\/categories?post=154520"},{"taxonomy":"post_tag","embeddable":true,"href":"https:\/\/www.europesays.com\/fr\/wp-json\/wp\/v2\/tags?post=154520"}],"curies":[{"name":"wp","href":"https:\/\/api.w.org\/{rel}","templated":true}]}}