{"id":154527,"date":"2025-06-05T17:59:09","date_gmt":"2025-06-05T17:59:09","guid":{"rendered":"https:\/\/www.europesays.com\/fr\/154527\/"},"modified":"2025-06-05T17:59:09","modified_gmt":"2025-06-05T17:59:09","slug":"brooklyn-beckham-en-guerre-contre-ses-parents-ce-signe-bien-visible-va-faire-hurler-victoria","status":"publish","type":"post","link":"https:\/\/www.europesays.com\/fr\/154527\/","title":{"rendered":"Brooklyn Beckham en guerre contre ses parents : ce signe bien visible va faire hurler Victoria"},"content":{"rendered":"<p>Depuis leur mariage spectaculaire en 2022, Brooklyn Beckham et<br \/>\nNicola Peltz sont r\u00e9guli\u00e8rement au c\u0153ur de rumeurs de tensions avec<br \/>\nla c\u00e9l\u00e8bre famille Beckham. Certains observateurs \u00e9voquent une<br \/>\nint\u00e9gration compliqu\u00e9e de Nicola au sein du clan, aliment\u00e9e par des<br \/>\nd\u00e9tails scrut\u00e9s de pr\u00e8s.<\/p>\n<p>L\u2019absence d\u2019une robe sign\u00e9e <a href=\"https:\/\/www.closermag.fr\/people\/victoria-beckham-tyrannique-elle-a-ruine-la-premiere-danse-du-mariage-de-son-fils-3549888\" target=\"_blank\" rel=\"noopener\"><br \/>\nVictoria Beckham<\/a> le jour du mariage a sem\u00e9 le doute. \u00c0 cela<br \/>\ns\u2019ajoutent certaines absences remarqu\u00e9es lors d\u2019\u00e9v\u00e9nements<br \/>\nfamiliaux. En public, les attitudes parfois<br \/>\n<strong>distantes<\/strong> n\u2019ont fait qu\u2019alimenter les<br \/>\nsp\u00e9culations. M\u00eame la complicit\u00e9 entre Brooklyn et ses fr\u00e8res<br \/>\nsemble s\u2019\u00eatre estomp\u00e9e, remettant en question l\u2019unit\u00e9 du clan<br \/>\nBeckham.<\/p>\n<p>Il s&rsquo;exprime pour la premi\u00e8re fois sur ces rumeurs de<br \/>\nconflits<\/p>\n<p>Dans une interview accord\u00e9e \u00e0 Glamour Allemagne,<br \/>\n<a href=\"https:\/\/www.closermag.fr\/people\/brooklyn-beckham-en-guerre-contre-ses-parents-la-situation-devient-invivable-pour-ses-freres-3551256\" target=\"_blank\" rel=\"noopener\"><br \/>\nBrooklyn Beckham<\/a> et Nicola Peltz ont tenu \u00e0 remettre les<br \/>\npendules \u00e0 l\u2019heure face aux sp\u00e9culations autour de leur couple.<br \/>\nBrooklyn a tenu \u00e0 relativiser : \u00ab\u00a0Il ne faut <strong>pas \u00e9couter<br \/>\ntoutes ces b\u00eatises<\/strong>. Il faut faire profil bas, travailler<br \/>\ndur, et rester gentil. Il y aura toujours des gens pour parler.<br \/>\nL\u2019important, c\u2019est qu\u2019on soit heureux ensemble\u00a0\u00bb.<\/p>\n<p>Nicola Peltz a tenu \u00e0 s\u2019exprimer sur les nombreuses rumeurs qui<br \/>\nentourent sa relation avec Brooklyn Beckham. \u00ab\u00a0Ce n\u2019est pas<br \/>\ntoujours facile. Des histoires \u00e0 notre sujet apparaissent<br \/>\nconstamment sur TikTok\u00a0\u00bb, confie-t-elle. Face \u00e0 cette<br \/>\nexposition constante, le couple a fait appel \u00e0 l\u2019avocate<br \/>\nbritannique Jenny Afia. Dans l\u2019espoir d\u2019endiguer les rumeurs et<br \/>\nfausses informations. Malgr\u00e9 tout, Nicola garde du recul :<br \/>\n\u00ab\u00a0Quand je lis des <strong>fake news<\/strong>, j\u2019aimerais les<br \/>\nd\u00e9mentir imm\u00e9diatement, mais cela n\u2019en vaut pas la peine. La seule<br \/>\nchose qui aide est de faire d\u00e9filer la page et de passer \u00e0 autre<br \/>\nchose\u00a0\u00bb.<\/p>\n<p>La d\u00e9cision choc de Brooklyn Beckham<br \/>\nqui va faire bondir sa m\u00e8re<\/p>\n<p>Brooklyn Beckham a r\u00e9cemment fait dispara\u00eetre le tatouage qu\u2019il<br \/>\navait d\u00e9di\u00e9 \u00e0 sa m\u00e8re. Selon TMZ, ce mercredi 4 juin, le jeune<br \/>\nhomme de 26 ans, qui arborait l\u2019inscription <strong>\u00ab\u00a0Mama\u2019s<br \/>\nBoy\u00a0\u00bb sur le torse<\/strong>, l\u2019a maintenant dissimul\u00e9 sous de<br \/>\nnouveaux motifs. Ce changement, discret au d\u00e9part, a \u00e9t\u00e9 confirm\u00e9<br \/>\nlors d\u2019une s\u00e9ance photo pour le magazine allemand Glamour en<br \/>\nf\u00e9vrier, o\u00f9 Brooklyn posait torse nu avec sa femme <a href=\"https:\/\/www.closermag.fr\/people\/guerre-chez-les-beckham-leur-fils-brooklyn-et-sa-femme-nicola-peltz-en-pleine-crise-didentite-3550790\" target=\"_blank\" rel=\"noopener\"><br \/>\nNicola Peltz<\/a>.<\/p>\n<p>Les journalistes ont alors remarqu\u00e9 que le tatouage initial<br \/>\navait \u00e9t\u00e9 recouvert par un <strong>bouquet de fleurs et un<br \/>\ndragon<\/strong>. Si l\u2019on ignore si cette d\u00e9cision est li\u00e9e aux<br \/>\ntensions r\u00e9centes entre Brooklyn et sa m\u00e8re, le moment choisi pour<br \/>\nd\u00e9voiler ce nouveau look reste intriguant.<\/p>\n","protected":false},"excerpt":{"rendered":"Depuis leur mariage spectaculaire en 2022, Brooklyn Beckham et Nicola Peltz sont r\u00e9guli\u00e8rement au c\u0153ur de rumeurs de&hellip;\n","protected":false},"author":2,"featured_media":154528,"comment_status":"","ping_status":"","sticky":false,"template":"","format":"standard","meta":{"footnotes":""},"categories":[1359],"tags":[548,18948,58,59,1011,27,973,6482],"class_list":{"0":"post-154527","1":"post","2":"type-post","3":"status-publish","4":"format-standard","5":"has-post-thumbnail","7":"category-people","8":"tag-article-simple","9":"tag-brooklyn-beckham","10":"tag-divertissement","11":"tag-entertainment","12":"tag-fr","13":"tag-france","14":"tag-people","15":"tag-victoria-beckham"},"share_on_mastodon":{"url":"https:\/\/pubeurope.com\/@fr\/114632062680621776","error":""},"_links":{"self":[{"href":"https:\/\/www.europesays.com\/fr\/wp-json\/wp\/v2\/posts\/154527","targetHints":{"allow":["GET"]}}],"collection":[{"href":"https:\/\/www.europesays.com\/fr\/wp-json\/wp\/v2\/posts"}],"about":[{"href":"https:\/\/www.europesays.com\/fr\/wp-json\/wp\/v2\/types\/post"}],"author":[{"embeddable":true,"href":"https:\/\/www.europesays.com\/fr\/wp-json\/wp\/v2\/users\/2"}],"replies":[{"embeddable":true,"href":"https:\/\/www.europesays.com\/fr\/wp-json\/wp\/v2\/comments?post=154527"}],"version-history":[{"count":0,"href":"https:\/\/www.europesays.com\/fr\/wp-json\/wp\/v2\/posts\/154527\/revisions"}],"wp:featuredmedia":[{"embeddable":true,"href":"https:\/\/www.europesays.com\/fr\/wp-json\/wp\/v2\/media\/154528"}],"wp:attachment":[{"href":"https:\/\/www.europesays.com\/fr\/wp-json\/wp\/v2\/media?parent=154527"}],"wp:term":[{"taxonomy":"category","embeddable":true,"href":"https:\/\/www.europesays.com\/fr\/wp-json\/wp\/v2\/categories?post=154527"},{"taxonomy":"post_tag","embeddable":true,"href":"https:\/\/www.europesays.com\/fr\/wp-json\/wp\/v2\/tags?post=154527"}],"curies":[{"name":"wp","href":"https:\/\/api.w.org\/{rel}","templated":true}]}}