{"id":154529,"date":"2025-06-05T18:00:22","date_gmt":"2025-06-05T18:00:22","guid":{"rendered":"https:\/\/www.europesays.com\/fr\/154529\/"},"modified":"2025-06-05T18:00:22","modified_gmt":"2025-06-05T18:00:22","slug":"en-loire-atlantique-elle-a-passe-3-mois-a-realiser-une-fresque-monumentale-en-priant","status":"publish","type":"post","link":"https:\/\/www.europesays.com\/fr\/154529\/","title":{"rendered":"En Loire-Atlantique, elle a pass\u00e9 3 mois \u00e0 r\u00e9aliser une fresque monumentale en priant"},"content":{"rendered":"<p>            Par<br \/>\n        <strong><br \/>\n            <a href=\"https:\/\/actu.fr\/auteur\/coralie-ganivet\" title=\"Consulter tous les articles de Coralie Ganivet\" target=\"_blank\" rel=\"noopener\">Coralie Ganivet<\/a><br \/>\n        <\/strong><\/p>\n<p>        Publi\u00e9 le<\/p>\n<p>            5 juin 2025 \u00e0 12h03        <\/p>\n<p>L\u2019iconographie est un art que peu ma\u00eetrisent. Et Emma Vilchez en a fait sa sp\u00e9cialit\u00e9. Install\u00e9e \u00e0 <a href=\"https:\/\/actu.fr\/pays-de-la-loire\/la-planche_44127\" target=\"_blank\" rel=\"noopener\">La Planche<\/a> (Loire-Atlantique), elle vient de passer <b>trois mois dans le silence et la pri\u00e8re<\/b> pour habiller trois pans de murs de l\u2019oratoire de la maison paroissiale d\u2019<a href=\"https:\/\/actu.fr\/pays-de-la-loire\/aigrefeuille-sur-maine_44002\" target=\"_blank\" rel=\"noopener\">Aigrefeuille-sur-Maine<\/a>. Elle y a \u00e9crit (c\u2019est le terme que l\u2019on emploie) <b>des sc\u00e8nes de l\u2019\u00c9vangile dans un style byzantin<\/b>.<\/p>\n<p class=\" wall-content\">Cette fresque, qui s\u2019\u00e9tend sur quelque 15\u00a0m2, \u00ab repr\u00e9sente au centre le Christ ressuscit\u00e9, \u00e0 gauche Marie qui re\u00e7oit l\u2019annonce de l\u2019ange qu\u2019elle sera la m\u00e8re de J\u00e9sus et \u00e0 droite les femmes qui arrivent au tombeau pour soigner le corps de J\u00e9sus mort sur la croix et qui d\u00e9couvrent qu\u2019il n\u2019y est pas parce qu\u2019il est ressuscit\u00e9 \u00bb, d\u00e9taille l\u2019artiste de 33\u00a0ans, qui signe l\u00e0 <b>sa premi\u00e8re peinture monumentale<\/b>.<\/p>\n<p>\u00ab\u00a0Une promesse de confiance et d\u2019esp\u00e9rance\u00a0\u00bb<\/p>\n<p class=\" wall-content\">Une \u0153uvre qui touche particuli\u00e8rement le P\u00e8re J\u00e9r\u00f4me Hamon, responsable de la paroisse Saint-Gabriel-sur-Maine et admirateur de son travail.<\/p>\n<p class=\" wall-content\">\u00ab Les premiers mots qui me viennent quand je la regarde, <b>c\u2019est consolation et r\u00e9confort<\/b>. L\u2019oratoire est un petit lieu de pri\u00e8re dans lequel je re\u00e7ois r\u00e9guli\u00e8rement des personnes qui ont besoin de me parler et de se confier. Je pense que <b>cette fresque peut les aider \u00e0 lib\u00e9rer leur parole<\/b>. Elle repr\u00e9sente, de par son message, une promesse de confiance et d\u2019esp\u00e9rance \u00bb, ressent-il.<\/p>\n<p class=\" wall-content\">De par son message, mais aussi de par la technique employ\u00e9e. Car <b>l\u2019iconographie est un art sacr\u00e9<\/b>, avec ses codes, ses valeurs et son sens.<\/p>\n<p class=\" wall-content\">\u00ab Tout le processus de cr\u00e9ation va vers la lumi\u00e8re, il y a donc une certaine paix et une harmonie qui s\u2019en d\u00e9gage. L\u2019ic\u00f4ne est <b>une fen\u00eatre vers l\u2019invisible<\/b>, un canal pour laisser passer la gr\u00e2ce. D\u2019ailleurs, si l\u2019on travaille en priant, c\u2019est justement pour que le Christ vienne quand on fait appel \u00e0 lui \u00bb, explique Emma, qui s\u2019est longtemps cherch\u00e9e avant de se trouver dans cet art religieux.<\/p>\n<p>Un don au service de Dieu et de l\u2019\u00c9glise<\/p>\n<p class=\" wall-content\">L\u2019iconographie a en effet \u00e9t\u00e9 <b>une r\u00e9v\u00e9lation pour elle <\/b>apr\u00e8s ses \u00e9tudes.<\/p>\n<blockquote class=\"ac-article-quote wall-content\">\n<p>J\u2019ai commenc\u00e9 par me former \u00e0 la restauration d\u2019\u0153uvres d\u2019art avant de me mettre \u00e0 l\u2019apprentissage du japonais et \u00e0 la recherche sur des \u0153uvres d\u2019art japonaises. Mais \u00e7a ne faisait plus sens pour moi. C\u2019est l\u00e0 que je suis revenue dans l\u2019\u00c9glise et, comme plus jeune je voulais \u00eatre peintre sans savoir vraiment quoi en faire, a finalement germ\u00e9 l\u2019id\u00e9e d\u2019\u00e9vang\u00e9liser par l\u2019image et de mettre mon don au service de Dieu et de l\u2019\u00c9glise.<\/p>\n<p>Emma Vilchez, iconographe<\/p><\/blockquote>\n<p class=\" wall-content\">C\u2019est il y a six ans, en 2019, apr\u00e8s de nombreux stages pour s\u2019impr\u00e9gner de <b>cette tradition mill\u00e9naire<\/b> et riche de son bagage universitaire et artistique, qu\u2019Emma a commenc\u00e9 \u00e0 r\u00e9pondre \u00e0 des commandes d\u2019ic\u00f4nes, ces images saintes chr\u00e9tiennes. D\u2019ailleurs, l\u2019une d\u2019elles tr\u00f4ne justement depuis cette ann\u00e9e-l\u00e0 dans la maison paroissiale d\u2019Aigrefeuille-sur-Maine.<\/p>\n<p class=\" wall-content\">\u00ab \u00c0 cette p\u00e9riode-l\u00e0, j\u2019avais encore un travail \u00e0 c\u00f4t\u00e9, en arboriculture. Aujourd\u2019hui, m\u00eame s\u2019il me reste encore beaucoup de choses \u00e0 apprendre \u2013 <b>il me faudra toute une vie pour \u00e9tudier l\u2019histoire des ic\u00f4nes<\/b> \u2013 c\u2019est ma seule activit\u00e9. Mais \u00e7a ne veut pas dire pour autant que j\u2019arrive \u00e0 en vivre \u00bb, sourit cette maman de deux enfants, qui a \u00e9videmment malgr\u00e9 tout foi dans ses choix de vie.<\/p>\n<blockquote class=\"ac-article-quote wall-content\">\n<p>J\u2019ai pour projet de donner des stages d\u2019initiation, de faire une exposition et de d\u00e9marcher des lieux comme des centres spirituels, des \u00e9coles ou encore des chapelles d\u2019h\u00f4pitaux pour d\u00e9ployer partout o\u00f9 je le pourrai le Christ \u00e0 travers cet art.<\/p>\n<\/blockquote>\n<p>Une d\u00e9marche spirituelle<\/p>\n<p class=\" wall-content\">Un art m\u00e9thodique qui demande une grande patience, tant le processus est long.<\/p>\n<p class=\" wall-content\">\u00ab Pour cette fresque, j\u2019ai fait un travail de recherche sur les sujets, j\u2019ai dessin\u00e9 de m\u00e9moire les trois sc\u00e8nes sur un grand papier \u00e0 la taille finale que j\u2019ai transf\u00e9r\u00e9 sur le mur (comme un syst\u00e8me de calque), avant de les redessiner plus pr\u00e9cis\u00e9ment au pinceau et d\u2019y <b>int\u00e9grer les couleurs avec des couches du plus sombre au plus clair<\/b>. On dit dans les ic\u00f4nes que c\u2019est le passage des t\u00e9n\u00e8bres \u00e0 la lumi\u00e8re \u00bb, d\u00e9taille l\u2019artiste, pour faire comprendre qu\u2019il s\u2019agit l\u00e0, au-del\u00e0 d\u2019une \u0153uvre, d\u2019<b>une v\u00e9ritable d\u00e9marche spirituelle<\/b>.<\/p>\n<p>Pr\u00e9sentation et b\u00e9n\u00e9diction ce samedi<\/p>\n<p class=\" wall-content\">Une d\u00e9marche spirituelle qu\u2019elle expliquera, ce samedi 7 juin \u00e0 partir de 16 h \u00e0 la maison paroissiale, lors de<b> la pr\u00e9sentation au public de cette peinture murale<\/b>.<\/p>\n<p class=\" wall-content\">\u00ab On fera aussi une petite b\u00e9n\u00e9diction avant de partager un temps convivial autour d\u2019un rafra\u00eechissement \u00bb, annonce le P\u00e8re Hamon, qui invite tous <b>les fid\u00e8les mais aussi les amateurs d\u2019art <\/b>\u00e0 venir d\u00e9couvrir cette \u0153uvre singuli\u00e8re.<\/p>\n<p>Pr\u00e9sentation de la fresque samedi 7\u00a0juin \u00e0 16 h \u00e0 la maison paroissiale d\u2019Aigrefeuille-sur-Maine, 4 avenue de Nantes. Ouvert \u00e0 tous. Pour en d\u00e9couvrir plus sur le travail d\u2019Emma Vilchez, rendez-vous sur son site internet : <a href=\"https:\/\/www.ateliersaintemariemadeleine.com\/\" target=\"_blank\" rel=\"noopener\">www.ateliersaintemariemadeleine.com<\/a><\/p>\n<p class=\" wall-content\">Suivez toute l\u2019actualit\u00e9 de vos villes et m\u00e9dias favoris en vous inscrivant \u00e0 <a href=\"https:\/\/moncompte.actu.fr\" title=\"D\u00e9couvez Mon Actu\" rel=\"nofollow noopener\" data-trk=\"{&quot;cta&quot;:{&quot;action&quot;:&quot;https:\\\/\\\/moncompte.actu.fr&quot;,&quot;category&quot;:&quot;mon compte&quot;,&quot;from&quot;:&quot;article footer&quot;,&quot;name&quot;:&quot;Mon actu&quot;,&quot;type&quot;:&quot;cta&quot;}}\" target=\"_blank\">Mon Actu<\/a>.<\/p>\n<ul class=\"ac-article-tag wall-content\">\n<li><a href=\"https:\/\/actu.fr\/tag\/religion\" data-trk=\"{&quot;cta&quot;:{&quot;action&quot;:&quot;Religion&quot;,&quot;category&quot;:&quot;tag&quot;,&quot;from&quot;:&quot;article footer&quot;,&quot;name&quot;:&quot;Religion&quot;,&quot;type&quot;:&quot;cta&quot;}}\" target=\"_blank\" rel=\"noopener\">#Religion<\/a><\/li>\n<li><a href=\"https:\/\/actu.fr\/tag\/vignoble-nantais\" data-trk=\"{&quot;cta&quot;:{&quot;action&quot;:&quot;Vignoble nantais&quot;,&quot;category&quot;:&quot;tag&quot;,&quot;from&quot;:&quot;article footer&quot;,&quot;name&quot;:&quot;Vignoble nantais&quot;,&quot;type&quot;:&quot;cta&quot;}}\" target=\"_blank\" rel=\"noopener\">#Vignoble nantais<\/a><\/li>\n<\/ul>\n","protected":false},"excerpt":{"rendered":"Par Coralie Ganivet Publi\u00e9 le 5 juin 2025 \u00e0 12h03 L\u2019iconographie est un art que peu ma\u00eetrisent. Et&hellip;\n","protected":false},"author":2,"featured_media":154530,"comment_status":"","ping_status":"","sticky":false,"template":"","format":"standard","meta":{"footnotes":""},"categories":[1358],"tags":[1348,1384,1385,1386,58,59,1011,27,4020,104,2900],"class_list":{"0":"post-154529","1":"post","2":"type-post","3":"status-publish","4":"format-standard","5":"has-post-thumbnail","7":"category-arts-et-design","8":"tag-arts","9":"tag-arts-and-design","10":"tag-arts-et-design","11":"tag-design","12":"tag-divertissement","13":"tag-entertainment","14":"tag-fr","15":"tag-france","16":"tag-religion","17":"tag-societe","18":"tag-vignoble-nantais"},"share_on_mastodon":{"url":"https:\/\/pubeurope.com\/@fr\/114632066515921719","error":""},"_links":{"self":[{"href":"https:\/\/www.europesays.com\/fr\/wp-json\/wp\/v2\/posts\/154529","targetHints":{"allow":["GET"]}}],"collection":[{"href":"https:\/\/www.europesays.com\/fr\/wp-json\/wp\/v2\/posts"}],"about":[{"href":"https:\/\/www.europesays.com\/fr\/wp-json\/wp\/v2\/types\/post"}],"author":[{"embeddable":true,"href":"https:\/\/www.europesays.com\/fr\/wp-json\/wp\/v2\/users\/2"}],"replies":[{"embeddable":true,"href":"https:\/\/www.europesays.com\/fr\/wp-json\/wp\/v2\/comments?post=154529"}],"version-history":[{"count":0,"href":"https:\/\/www.europesays.com\/fr\/wp-json\/wp\/v2\/posts\/154529\/revisions"}],"wp:featuredmedia":[{"embeddable":true,"href":"https:\/\/www.europesays.com\/fr\/wp-json\/wp\/v2\/media\/154530"}],"wp:attachment":[{"href":"https:\/\/www.europesays.com\/fr\/wp-json\/wp\/v2\/media?parent=154529"}],"wp:term":[{"taxonomy":"category","embeddable":true,"href":"https:\/\/www.europesays.com\/fr\/wp-json\/wp\/v2\/categories?post=154529"},{"taxonomy":"post_tag","embeddable":true,"href":"https:\/\/www.europesays.com\/fr\/wp-json\/wp\/v2\/tags?post=154529"}],"curies":[{"name":"wp","href":"https:\/\/api.w.org\/{rel}","templated":true}]}}