{"id":154531,"date":"2025-06-05T18:01:11","date_gmt":"2025-06-05T18:01:11","guid":{"rendered":"https:\/\/www.europesays.com\/fr\/154531\/"},"modified":"2025-06-05T18:01:11","modified_gmt":"2025-06-05T18:01:11","slug":"peyrins-nathalie-teppaz-est-la-nouvelle-presidente-de-lassociation-a-livres-ouverts","status":"publish","type":"post","link":"https:\/\/www.europesays.com\/fr\/154531\/","title":{"rendered":"Peyrins. Nathalie Teppaz est la nouvelle pr\u00e9sidente de l\u2019association \u00c0 Livres ouverts"},"content":{"rendered":"<p>L\u2019association \u00c0 Livres ouverts (ALO), a chang\u00e9 de pr\u00e9sident, \u00e0 la suite de l\u2019assembl\u00e9e g\u00e9n\u00e9rale extraordinaire qui s\u2019est tenue le 31\u00a0mai. Elle a ent\u00e9rin\u00e9 la d\u00e9mission de Thierry Breil, son pr\u00e9sident actuel, en raison de son d\u00e9part de la r\u00e9gion. C\u2019est Nathalie Teppaz, son adjointe, qui prend sa place pour perp\u00e9tuer les activit\u00e9s. Un nouvel animateur informatique est recherch\u00e9, avis aux int\u00e9ress\u00e9s.<\/p>\n","protected":false},"excerpt":{"rendered":"L\u2019association \u00c0 Livres ouverts (ALO), a chang\u00e9 de pr\u00e9sident, \u00e0 la suite de l\u2019assembl\u00e9e g\u00e9n\u00e9rale extraordinaire qui s\u2019est&hellip;\n","protected":false},"author":2,"featured_media":154532,"comment_status":"","ping_status":"","sticky":false,"template":"","format":"standard","meta":{"footnotes":""},"categories":[1357],"tags":[28455,1379,58,2737,59,1011,27,1380,28454,104,1631],"class_list":{"0":"post-154531","1":"post","2":"type-post","3":"status-publish","4":"format-standard","5":"has-post-thumbnail","7":"category-livres","8":"tag-agglomeration-romanaise","9":"tag-books","10":"tag-divertissement","11":"tag-edition-romans-nord-drome","12":"tag-entertainment","13":"tag-fr","14":"tag-france","15":"tag-livres","16":"tag-peyrins","17":"tag-societe","18":"tag-vie-associative"},"share_on_mastodon":{"url":"https:\/\/pubeurope.com\/@fr\/114632070468205089","error":""},"_links":{"self":[{"href":"https:\/\/www.europesays.com\/fr\/wp-json\/wp\/v2\/posts\/154531","targetHints":{"allow":["GET"]}}],"collection":[{"href":"https:\/\/www.europesays.com\/fr\/wp-json\/wp\/v2\/posts"}],"about":[{"href":"https:\/\/www.europesays.com\/fr\/wp-json\/wp\/v2\/types\/post"}],"author":[{"embeddable":true,"href":"https:\/\/www.europesays.com\/fr\/wp-json\/wp\/v2\/users\/2"}],"replies":[{"embeddable":true,"href":"https:\/\/www.europesays.com\/fr\/wp-json\/wp\/v2\/comments?post=154531"}],"version-history":[{"count":0,"href":"https:\/\/www.europesays.com\/fr\/wp-json\/wp\/v2\/posts\/154531\/revisions"}],"wp:featuredmedia":[{"embeddable":true,"href":"https:\/\/www.europesays.com\/fr\/wp-json\/wp\/v2\/media\/154532"}],"wp:attachment":[{"href":"https:\/\/www.europesays.com\/fr\/wp-json\/wp\/v2\/media?parent=154531"}],"wp:term":[{"taxonomy":"category","embeddable":true,"href":"https:\/\/www.europesays.com\/fr\/wp-json\/wp\/v2\/categories?post=154531"},{"taxonomy":"post_tag","embeddable":true,"href":"https:\/\/www.europesays.com\/fr\/wp-json\/wp\/v2\/tags?post=154531"}],"curies":[{"name":"wp","href":"https:\/\/api.w.org\/{rel}","templated":true}]}}