{"id":154533,"date":"2025-06-05T18:02:10","date_gmt":"2025-06-05T18:02:10","guid":{"rendered":"https:\/\/www.europesays.com\/fr\/154533\/"},"modified":"2025-06-05T18:02:10","modified_gmt":"2025-06-05T18:02:10","slug":"demain-nous-appartient-du-jeudi-5-juin-2025-episode-1959-tf1","status":"publish","type":"post","link":"https:\/\/www.europesays.com\/fr\/154533\/","title":{"rendered":"Demain nous appartient du jeudi 5 juin 2025 &#8211; Episode 1959 &#8211; TF1+"},"content":{"rendered":"<ol>\n<li><a href=\"https:\/\/news.google.com\/rss\/articles\/CBMiwAFBVV95cUxOZWtzTVJ4REdUelJSdHhMbkZMRUFqNTJmM19GRHF5YndELVdzUmRJanV1c3JXU2FqcnpIekd4NTNwdkRrM1NpdDlpS0xJSzl1UEtmUUpwVjJYdDdka2ZWcnh5aU94VUt5OVkxWmQ2WDFlRFdNWXRHN241RjcyVXR3eGlWZzNPR2xTb1RtSGlIWVZmVnNWV09lbVpLcmVDalBXWXRST25CUm1QeVI3ei1OQ28xZEhTSF9hNURBbU1KS0M?oc=5\" target=\"_blank\" rel=\"noopener\">Demain nous appartient du jeudi 5 juin 2025 &#8211; Episode 1959<\/a>&nbsp;&nbsp;TF1+<\/li>\n<li><a href=\"https:\/\/news.google.com\/rss\/articles\/CBMifkFVX3lxTE1FS20xODg4S2NuRlRZN0Noa3NSc205WlRXZ2hsMWlyeTVnWi1EY0dvaFZ3T1BwaXZwcDNGUmJmYkVjcG91NDBCRHJiTWJMNFB4RlVUVnhGUXRXZHcyaU14YVFCNFdxMEFxV0wzbGNuQnhOOXM2bURtbkU3NzFhZw?oc=5\" target=\"_blank\" rel=\"noopener\">Demain nous appartient : ce qui vous attend dans l&rsquo;\u00e9pisode 1960 du vendredi 6 juin 2025 [SPOILERS]<\/a>&nbsp;&nbsp;AlloCin\u00e9<\/li>\n<li><a href=\"https:\/\/news.google.com\/rss\/articles\/CBMingJBVV95cUxNOG45X2p3QkpNX25WVjQ1NWx4bDVsQ0xadTMzRU5NUEYyMkFtNTdhU2FRM0FIRUM3ekpHQnplVUhUMFdsOUlDQWtEM1dhb1RjYUxTaS0wMkVHeFdUY1h1RlByNktTMlQwazRqR0ZibTBNdGVmVjF4OVlGX1hhYnJ1Y2t5QXlCempiMktOZ29xTGZkOTRsLUg3eW96TGdhd3BsMkpmblpmUEc1X3ZRelcxTjRvM0N5RU9ZaHRYLXlmMlJBLXZrbVkyTV82cmhZOFVHYS1zSURseHZXZ2RTTTB6UFBIcVU1eDBuVkFjeEN2ZF9NWjFfUVNTWWJELWhldlNFN0J1RVNCc1hXMi1rNUdiWjhZV2FXcTMxdGw2Vm9n?oc=5\" target=\"_blank\" rel=\"noopener\">Demain nous appartient en avance : Rapha\u00eblle est menac\u00e9e \u00e0 l&rsquo;h\u00f4pital, Rayane rompt avec Jack&#8230; Le r\u00e9sum\u00e9 de l&rsquo;\u00e9pisode 1960 du vendredi 6 juin 2025<\/a>&nbsp;&nbsp;programme-tv.net<\/li>\n<li><a href=\"https:\/\/news.google.com\/rss\/articles\/CBMi5AFBVV95cUxOVHRUdjRWdzdxOXFxTmNEcEdJMWtkbzFkeXFCbjhEOXFDNVRpOE01RXpCY05mWGtMMzlJWDJWeFByQlZVLXdodDA0TldrSlhNanc3MWVEQjFsMXJVNml2cUw2c0hnMWl3QlNBM0tobWFMUWpTM3VDcElCM3lDaHZzcVFZV1pZMU9CblRYTkcwdXpwOTJoNXhFcVpHN211RmFVcDVla1hKU3p6MUN6bmlKSm4wY3Rlc3BXRXZoakkzNkljWmVzOWlFSkpTRjZzMmpya1ptbGJPMU5wTWFkT3AxS3RMbDk?oc=5\" target=\"_blank\" rel=\"noopener\">Demain nous appartient : \u00ab\u00a0Au secours, aidez-moi !\u00a0\u00bb Le r\u00e9sum\u00e9 du 06 juin (SPOILERS)<\/a>&nbsp;&nbsp;T\u00e9l\u00e9 7 Jours<\/li>\n<li><a href=\"https:\/\/news.google.com\/rss\/articles\/CBMijAFBVV95cUxPUFFtcE1MMUp3UlhHcGpUVXZuWlNob09oLWtJQ3dSM3I5em1lUWhSd0VQTi1OSUQxVHN0ZmlLRzdDQXlMczVWOWkxN0JuQXFPNVZEVFYwTUdGN2pWZXVYSnRwMVVvNjFrS3FLeUgyYXZ5VE8tTTluc3dIUlR5SktpUG1DY2pOYzZvZXRUdg?oc=5\" target=\"_blank\" rel=\"noopener\">Demain nous appartient : ce qui vous attend dans l&rsquo;\u00e9pisode 1958 du mercredi 4 juin 2025 [SPOILERS]<\/a>&nbsp;&nbsp;Yahoo Actualit\u00e9s<\/li>\n<\/ol>\n","protected":false},"excerpt":{"rendered":"Demain nous appartient du jeudi 5 juin 2025 &#8211; Episode 1959&nbsp;&nbsp;TF1+ Demain nous appartient : ce qui vous&hellip;\n","protected":false},"author":2,"featured_media":154534,"comment_status":"","ping_status":"","sticky":false,"template":"","format":"standard","meta":{"footnotes":""},"categories":[1356],"tags":[3598,4090,58,59,1365,4089,1011,27,4092,252,1364,4091,4093],"class_list":{"0":"post-154533","1":"post","2":"type-post","3":"status-publish","4":"format-standard","5":"has-post-thumbnail","7":"category-television","8":"tag-demain-nous-appartient","9":"tag-demain-nous-appartient-episode","10":"tag-divertissement","11":"tag-entertainment","12":"tag-episode","13":"tag-episode-demain-nous-appartient","14":"tag-fr","15":"tag-france","16":"tag-streaming-demain-nous-appartient","17":"tag-television","18":"tag-tv","19":"tag-video-demain-nous-appartient","20":"tag-video-en-streaming-demain-nous-appartient"},"share_on_mastodon":{"url":"https:\/\/pubeurope.com\/@fr\/114632074513207890","error":""},"_links":{"self":[{"href":"https:\/\/www.europesays.com\/fr\/wp-json\/wp\/v2\/posts\/154533","targetHints":{"allow":["GET"]}}],"collection":[{"href":"https:\/\/www.europesays.com\/fr\/wp-json\/wp\/v2\/posts"}],"about":[{"href":"https:\/\/www.europesays.com\/fr\/wp-json\/wp\/v2\/types\/post"}],"author":[{"embeddable":true,"href":"https:\/\/www.europesays.com\/fr\/wp-json\/wp\/v2\/users\/2"}],"replies":[{"embeddable":true,"href":"https:\/\/www.europesays.com\/fr\/wp-json\/wp\/v2\/comments?post=154533"}],"version-history":[{"count":0,"href":"https:\/\/www.europesays.com\/fr\/wp-json\/wp\/v2\/posts\/154533\/revisions"}],"wp:featuredmedia":[{"embeddable":true,"href":"https:\/\/www.europesays.com\/fr\/wp-json\/wp\/v2\/media\/154534"}],"wp:attachment":[{"href":"https:\/\/www.europesays.com\/fr\/wp-json\/wp\/v2\/media?parent=154533"}],"wp:term":[{"taxonomy":"category","embeddable":true,"href":"https:\/\/www.europesays.com\/fr\/wp-json\/wp\/v2\/categories?post=154533"},{"taxonomy":"post_tag","embeddable":true,"href":"https:\/\/www.europesays.com\/fr\/wp-json\/wp\/v2\/tags?post=154533"}],"curies":[{"name":"wp","href":"https:\/\/api.w.org\/{rel}","templated":true}]}}