{"id":154536,"date":"2025-06-05T18:04:14","date_gmt":"2025-06-05T18:04:14","guid":{"rendered":"https:\/\/www.europesays.com\/fr\/154536\/"},"modified":"2025-06-05T18:04:14","modified_gmt":"2025-06-05T18:04:14","slug":"le-dracula-de-luc-besson-se-devoile-dans-une-premiere-bande-annonce","status":"publish","type":"post","link":"https:\/\/www.europesays.com\/fr\/154536\/","title":{"rendered":"Le \u00ab\u00a0Dracula\u00a0\u00bb de Luc Besson se d\u00e9voile dans une premi\u00e8re bande-annonce"},"content":{"rendered":"<ul class=\"jsx-862013697 ArticleChapo__List\">\n<li class=\"jsx-862013697 ArticleChapo__List_Item flex\">Le r\u00e9alisateur fran\u00e7ais revisite le roman de Bram Stoker dans une superproduction en salles le 30 juillet.<\/li>\n<li class=\"jsx-862013697 ArticleChapo__List_Item flex\">C&rsquo;est l&rsquo;acteur am\u00e9ricain Caleb Landry Jones qu&rsquo;il a choisi pour incarner le prince des vampires.<\/li>\n<li class=\"jsx-862013697 ArticleChapo__List_Item flex\">\u00c0 ses c\u00f4t\u00e9s, le grand public va d\u00e9couvrir la com\u00e9dienne Zo\u00eb Bleu, la fille de Rosanna Arquette.<\/li>\n<\/ul>\n<p data-module=\"article-paragraph\" class=\"jsx-3046738180 Paragraph Paragraph__End\">Une nouvelle version du Dracula de Bram Stoker ? De la version de Tod Browning avec Bela Lugosi en 1931 \u00e0 celle de Francis Ford Coppola avec Gary Oldman en 1992, en passant par <a href=\"https:\/\/www.tf1info.fr\/culture\/cinema-nosferatu-un-siecle-apres-le-classique-de-murnau-robert-eggers-signe-un-fascinant-cauchemar-gothique-2341261.html\" target=\"_blank\" rel=\"noopener\">le Nosferatu de Murnau, revisit\u00e9 il y a quelques mois par Robert Eggers<\/a>, l\u2019un des romans horrifiques les plus adapt\u00e9s de tous les temps revit \u00e0 l\u2019\u00e9cran dans un nouveau film sign\u00e9 Luc Besson, en salles le 30 juillet.<\/p>\n<p data-module=\"article-paragraph\" class=\"jsx-3046738180 Paragraph Paragraph__End\">Le pitch ? \u00ab\u00a0Au XVe si\u00e8cle, le Prince Vladimir renie Dieu apr\u00e8s la perte brutale et cruelle de son \u00e9pouse. Il h\u00e9rite alors d\u2019une mal\u00e9diction : la vie \u00e9ternelle. Il devient Dracula. Condamn\u00e9 \u00e0 errer \u00e0 travers les si\u00e8cles, il n\u2019aura plus qu\u2019un seul espoir : celui de retrouver son amour perdu\u00a0\u00bb, annonce le distributeur SND qui vient de d\u00e9voiler une premi\u00e8re bande-annonce ce jeudi 5 juin.<\/p>\n<p data-module=\"article-paragraph\" class=\"jsx-3046738180 Paragraph Paragraph__End\">Afin d\u2019incarner le plus c\u00e9l\u00e8bre de tous les vampires, Luc Besson a fait appel \u00e0 l\u2019acteur et chanteur am\u00e9ricain Caleb Landry Jones, qu\u2019il avait dirig\u00e9 une premi\u00e8re fois <a href=\"https:\/\/www.tf1info.fr\/culture\/video-tf1-cinema-avec-dogman-luc-besson-porte-a-l-ecran-son-amour-des-chiens-2270733.html\" target=\"_blank\" rel=\"noopener\">dans le thriller Dogman<\/a>, sorti en 2023. Pour interpr\u00e9ter \u00e0 la fois Elisabeta et Mina, l\u2019\u00e9pouse du prince dans le pass\u00e9, et la jeune femme qu\u2019il convoite dans le pr\u00e9sent, le cin\u00e9aste s\u2019est tourn\u00e9 vers Zo\u00eb Bleu, la fille de Rosanna Arquette qui jouait dans Le Grand Bleu en 1988.<\/p>\n<p><img decoding=\"async\" src=\"https:\/\/www.europesays.com\/fr\/wp-content\/uploads\/2025\/06\/zoe-bleu-dracula-dced9f-0@1x.jpeg\" alt=\"La com\u00e9dienne Zo\u00eb Bleu (au centre) n'est autre que la fille de Rosanna Arquette. - SND \/ TF1 FILMS PRODUCTIONS \/ SHANNA BESSON\" loading=\"lazy\" importance=\"low\" fetchpriority=\"low\" class=\"\" data-module=\"article-image\"\/>La com\u00e9dienne Zo\u00eb Bleu (au centre) n&rsquo;est autre que la fille de Rosanna Arquette. &#8211; SND \/ TF1 FILMS PRODUCTIONS \/ SHANNA BESSON<\/p>\n<p data-module=\"article-paragraph\" class=\"jsx-3046738180 Paragraph Paragraph__End\">L\u2019Italienne Matilda de Angelis, qui \u00e9tait le mois dernier \u00e0 Cannes dans Fuori de Mario Martone, joue Maria, la meilleure amie de Mina tandis que l\u2019Autrichien Christoph Waltz, oscaris\u00e9 pour ses r\u00f4les dans Inglourious Basterds et Django Unchained de Quentin Tarantino, a h\u00e9rit\u00e9 du r\u00f4le d\u2019un pr\u00eatre bien d\u00e9cid\u00e9 \u00e0 d\u00e9busquer le dandy buveur de sang.\u00a0<\/p>\n<p><a href=\"https:\/\/www.tf1info.fr\/culture\/un-acte-de-barbarie-luc-besson-denonce-le-massacre-d-un-cerf-par-des-chasseurs-entres-sur-sa-propriete-2355543.html\" rel=\"noopener\" class=\"jsx-3308031228 Link flex\" target=\"_blank\"><img decoding=\"async\" src=\"https:\/\/www.europesays.com\/fr\/wp-content\/uploads\/2025\/06\/luc-besson-lci-e9d5e7-0@1x.jpeg\" alt=\"LCI\" loading=\"lazy\" importance=\"low\" fetchpriority=\"low\" class=\"\"\/><\/p>\n<p class=\"jsx-3657663356 ReadMoreArticle__Title\">Lire aussi<\/p>\n<p class=\"jsx-3657663356\">\u00ab\u00a0Un acte de barbarie\u00a0\u00bb : Luc Besson d\u00e9nonce le \u00ab\u00a0massacre\u00a0\u00bb d&rsquo;un cerf par des chasseurs entr\u00e9s sur sa propri\u00e9t\u00e9<\/p>\n<p><\/a><\/p>\n<p data-module=\"article-paragraph\" class=\"jsx-3046738180 Paragraph Paragraph__End\">Dot\u00e9 d&rsquo;un budget estim\u00e9 \u00e0 plus de 40 millions d&rsquo;euros, ce Dracula est le projet le plus ambitieux de son auteur depuis Val\u00e9rian et la cit\u00e9 des mille plan\u00e8tes qui avait attir\u00e9 4 millions de spectateurs dans les salles fran\u00e7aises en 2017. Lui permettra-t-il de renouer avec les sommets du box-office ?<\/p>\n<p>J\u00e9r\u00f4me VERMELIN<\/p>\n","protected":false},"excerpt":{"rendered":"Le r\u00e9alisateur fran\u00e7ais revisite le roman de Bram Stoker dans une superproduction en salles le 30 juillet. C&rsquo;est&hellip;\n","protected":false},"author":2,"featured_media":154537,"comment_status":"","ping_status":"","sticky":false,"template":"","format":"standard","meta":{"footnotes":""},"categories":[1354],"tags":[1111,11,1921,650,58,59,1346,1011,27,1922,14990,2041,1360,10076,133,2040],"class_list":{"0":"post-154536","1":"post","2":"type-post","3":"status-publish","4":"format-standard","5":"has-post-thumbnail","7":"category-films","8":"tag-actu","9":"tag-actualites","10":"tag-article-video","11":"tag-cinema","12":"tag-divertissement","13":"tag-entertainment","14":"tag-films","15":"tag-fr","16":"tag-france","17":"tag-info","18":"tag-luc-besson","19":"tag-medias-et-divertissement","20":"tag-movies","21":"tag-sorties-culturelles","22":"tag-video","23":"tag-video-culture"},"share_on_mastodon":{"url":"https:\/\/pubeurope.com\/@fr\/114632082444545215","error":""},"_links":{"self":[{"href":"https:\/\/www.europesays.com\/fr\/wp-json\/wp\/v2\/posts\/154536","targetHints":{"allow":["GET"]}}],"collection":[{"href":"https:\/\/www.europesays.com\/fr\/wp-json\/wp\/v2\/posts"}],"about":[{"href":"https:\/\/www.europesays.com\/fr\/wp-json\/wp\/v2\/types\/post"}],"author":[{"embeddable":true,"href":"https:\/\/www.europesays.com\/fr\/wp-json\/wp\/v2\/users\/2"}],"replies":[{"embeddable":true,"href":"https:\/\/www.europesays.com\/fr\/wp-json\/wp\/v2\/comments?post=154536"}],"version-history":[{"count":0,"href":"https:\/\/www.europesays.com\/fr\/wp-json\/wp\/v2\/posts\/154536\/revisions"}],"wp:featuredmedia":[{"embeddable":true,"href":"https:\/\/www.europesays.com\/fr\/wp-json\/wp\/v2\/media\/154537"}],"wp:attachment":[{"href":"https:\/\/www.europesays.com\/fr\/wp-json\/wp\/v2\/media?parent=154536"}],"wp:term":[{"taxonomy":"category","embeddable":true,"href":"https:\/\/www.europesays.com\/fr\/wp-json\/wp\/v2\/categories?post=154536"},{"taxonomy":"post_tag","embeddable":true,"href":"https:\/\/www.europesays.com\/fr\/wp-json\/wp\/v2\/tags?post=154536"}],"curies":[{"name":"wp","href":"https:\/\/api.w.org\/{rel}","templated":true}]}}