{"id":154540,"date":"2025-06-05T18:06:15","date_gmt":"2025-06-05T18:06:15","guid":{"rendered":"https:\/\/www.europesays.com\/fr\/154540\/"},"modified":"2025-06-05T18:06:15","modified_gmt":"2025-06-05T18:06:15","slug":"les-parents-du-jeune-ilann-mort-apres-un-choc-accidentel-lors-dun-tournoi-de-football-portent-plainte","status":"publish","type":"post","link":"https:\/\/www.europesays.com\/fr\/154540\/","title":{"rendered":"les parents du jeune Ilann, mort apr\u00e8s un choc accidentel lors d\u2019un tournoi de football, portent plainte"},"content":{"rendered":"<p>Ilann, 14 ans, a succomb\u00e9 \u00e0 ses blessures ce mardi 3 juin, \u00e0 la suite d\u2019un choc lors d\u2019un tournoi de football. Ses parents ont d\u00e9cid\u00e9 de porter plainte.<\/p>\n<p class=\"fig-paragraph\">Une\u00a0<a href=\"http:\/\/www.lefigaro.fr\/flash-actu\/vaucluse-decouverte-de-trois-corps-en-etat-de-decomposition-avancee-une-enquete-est-ouverte-pour-assassinats-20250604\" data-fig-type=\"NewsFlash\" data-gtm-custom-categorie=\"navigation\" data-gtm-custom-action=\"crossclick\" data-gtm-custom-label=\"Contextuel\" data-gtm-event=\"customEventSPE\" data-fig-domain=\"LEFIGARO\" target=\"_blank\" rel=\"noopener\">enqu\u00eate<\/a>\u00a0a \u00e9t\u00e9 ouverte pour \u00abhomicide involontaire\u00bb, apr\u00e8s le d\u00e9p\u00f4t d\u2019une plainte par les parents d\u2019<a href=\"https:\/\/www.lefigaro.fr\/bordeaux\/une-immense-tristesse-le-jeune-ilann-14-ans-est-mort-apres-un-choc-accidentel-lors-d-un-tournoi-de-football-pres-de-bordeaux-20250604?msockid=258c4318a154643d05395665a0ed65f9\" target=\"_blank\" data-fig-type=\"NewsFlash\" rel=\"noopener\" data-gtm-custom-categorie=\"navigation\" data-gtm-custom-action=\"crossclick\" data-gtm-custom-label=\"Contextuel\" data-gtm-event=\"customEventSPE\" data-fig-domain=\"LEFIGARO\">Ilann<\/a>, a annonc\u00e9 le parquet de Bordeaux, ce jeudi 5 juin.\u00a0Le jeune footballeur de 14 ans, joueur de la Jeunesse Villenavaise, est mort mardi, des suites de ses blessures occasionn\u00e9es lors d\u2019un tournoi de football, \u00e0 M\u00e9rignac, dimanche dernier.<\/p>\n<p class=\"fig-paragraph\">Lors du premier match du tournoi, \u00e0 9 heures du matin, Ilann percute l\u2019un de ses adversaires du Stade Bordelais qui finit par s\u2019empaler sur lui, apr\u00e8s un \u00abduel a\u00e9rien\u00bb. Apr\u00e8s deux diff\u00e9rentes pertes de connaissance, l\u2019adolescent avait \u00e9t\u00e9 plac\u00e9 dans le coma. Le scanner a r\u00e9v\u00e9l\u00e9 qu\u2019il avait contract\u00e9 une h\u00e9morragie au foie, sectionn\u00e9 en deux par la violence du choc. Apr\u00e8s 3 op\u00e9rations en l\u2019espace de 24 heures, deux dimanche et une lundi matin, il a finalement succomb\u00e9 \u00e0 ses blessures mardi, en d\u00e9but de soir\u00e9e.<\/p>\n<p>Cagnotte de 32.000 euros<\/p>\n<p class=\"fig-paragraph\">Un drame qui a \u00e9mu le petit monde du football girondin. Une\u00a0<a href=\"https:\/\/www.leetchi.com\/fr\/c\/pour-ilann-1327009\" target=\"_blank\" rel=\"nofollow noopener\" data-gtm-custom-categorie=\"navigation\" data-gtm-custom-action=\"crossclick\" data-gtm-custom-label=\"Contextuel\" data-gtm-event=\"customEventSPE\">cagnotte de soutien<\/a>\u00a0pour ses parents a d\u00e9j\u00e0 atteint plus de 32.000 euros.<\/p>\n<p class=\"fig-paragraph\">\u00abLes investigations sont confi\u00e9es \u00e0 la division de la criminalit\u00e9 territoriale de la DIPN 33\u00bb, a indiqu\u00e9 Sebastien Baumert, vice-procureur de la R\u00e9publique de Bordeaux.<\/p>\n","protected":false},"excerpt":{"rendered":"Ilann, 14 ans, a succomb\u00e9 \u00e0 ses blessures ce mardi 3 juin, \u00e0 la suite d\u2019un choc lors&hellip;\n","protected":false},"author":2,"featured_media":154541,"comment_status":"","ping_status":"","sticky":false,"template":"","format":"standard","meta":{"footnotes":""},"categories":[9],"tags":[119,1997,2916,2911,2910,2915,2909,2904,2913,2912,2914,2906,2907,63,1011,27,2905,2908,2219,60],"class_list":{"0":"post-154540","1":"post","2":"type-post","3":"status-publish","4":"format-standard","5":"has-post-thumbnail","7":"category-sports","8":"tag-accident","9":"tag-bordeaux","10":"tag-bordeaux-cauderan","11":"tag-bordeaux-centre-ville","12":"tag-bordeaux-chartrons-grand-parc-jardin-public","13":"tag-bordeaux-la-bastide","14":"tag-bordeaux-maritime","15":"tag-bordeaux-metropole","16":"tag-bordeaux-nansouty-st-genes","17":"tag-bordeaux-st-augustin-tauzin-alphonse-dupeux","18":"tag-bordeaux-sud","19":"tag-capitale-de-gaule","20":"tag-cathedrale-gothique-de-saint-andre","21":"tag-football","22":"tag-fr","23":"tag-france","24":"tag-gironde","25":"tag-girondins-de-bordeaux","26":"tag-nouvelle-aquitaine","27":"tag-sports"},"share_on_mastodon":{"url":"https:\/\/pubeurope.com\/@fr\/114632090287012645","error":""},"_links":{"self":[{"href":"https:\/\/www.europesays.com\/fr\/wp-json\/wp\/v2\/posts\/154540","targetHints":{"allow":["GET"]}}],"collection":[{"href":"https:\/\/www.europesays.com\/fr\/wp-json\/wp\/v2\/posts"}],"about":[{"href":"https:\/\/www.europesays.com\/fr\/wp-json\/wp\/v2\/types\/post"}],"author":[{"embeddable":true,"href":"https:\/\/www.europesays.com\/fr\/wp-json\/wp\/v2\/users\/2"}],"replies":[{"embeddable":true,"href":"https:\/\/www.europesays.com\/fr\/wp-json\/wp\/v2\/comments?post=154540"}],"version-history":[{"count":0,"href":"https:\/\/www.europesays.com\/fr\/wp-json\/wp\/v2\/posts\/154540\/revisions"}],"wp:featuredmedia":[{"embeddable":true,"href":"https:\/\/www.europesays.com\/fr\/wp-json\/wp\/v2\/media\/154541"}],"wp:attachment":[{"href":"https:\/\/www.europesays.com\/fr\/wp-json\/wp\/v2\/media?parent=154540"}],"wp:term":[{"taxonomy":"category","embeddable":true,"href":"https:\/\/www.europesays.com\/fr\/wp-json\/wp\/v2\/categories?post=154540"},{"taxonomy":"post_tag","embeddable":true,"href":"https:\/\/www.europesays.com\/fr\/wp-json\/wp\/v2\/tags?post=154540"}],"curies":[{"name":"wp","href":"https:\/\/api.w.org\/{rel}","templated":true}]}}