{"id":154550,"date":"2025-06-05T18:11:12","date_gmt":"2025-06-05T18:11:12","guid":{"rendered":"https:\/\/www.europesays.com\/fr\/154550\/"},"modified":"2025-06-05T18:11:12","modified_gmt":"2025-06-05T18:11:12","slug":"a-la-prison-darles-lun-des-chefs-presumes-de-la-dz-mafia-collectionne-les-telephones","status":"publish","type":"post","link":"https:\/\/www.europesays.com\/fr\/154550\/","title":{"rendered":"\u00e0 la prison d\u2019Arles, l\u2019un des chefs pr\u00e9sum\u00e9s de la DZ Mafia collectionne les t\u00e9l\u00e9phones"},"content":{"rendered":"<p>Gabriel O., suspect\u00e9 d\u2019\u00eatre l\u2019un des chefs de file de l\u2019organisation criminelle marseillaise, a \u00e9t\u00e9 trouv\u00e9 en possession de son sixi\u00e8me portable en d\u00e9tention malgr\u00e9 son placement \u00e0 l\u2019isolement. L\u2019UFAP-UNSa exige son transfert imm\u00e9diat.<\/p>\n<p class=\"fig-paragraph\">\u00abComment on peut accepter \u00e7a\u00a0? On en est au sixi\u00e8me t\u00e9l\u00e9phone, dont le dernier \u00e9tait un iPhone avec cinq cartes SIM\u00a0!\u00bb, peste un agent p\u00e9nitentiaire en poste dans le sud-est de la France aupr\u00e8s du Figaro. \u00abCe ne sont que des t\u00e9l\u00e9phones dernier cri \u00e0 1000 euros et qui valent quatre fois plus en d\u00e9tention. Pourtant, il est sous surveillance au quartier d\u2019isolement\u00bb, soupire le surveillant, r\u00e9agissant \u00e0 la d\u00e9couverte du tr\u00e9sor de guerre de Gabriel O., suspect\u00e9 d\u2019\u00eatre\u00a0<a href=\"http:\/\/www.lefigaro.fr\/marseille\/ils-n-ont-pas-de-limite-derriere-la-dz-mafia-a-marseille-d-influents-commanditaires-qui-operent-dans-l-ombre-20241101\" data-fig-type=\"NewsFlash\" data-gtm-custom-categorie=\"navigation\" data-gtm-custom-action=\"crossclick\" data-gtm-custom-label=\"Contextuel\" data-gtm-event=\"customEventSPE\" data-fig-domain=\"LEFIGARO\" target=\"_blank\" rel=\"noopener\">l\u2019un des patrons de la DZ Mafia<\/a>\u00a0et aujourd\u2019hui incarc\u00e9r\u00e9 \u00e0 la\u00a0<a href=\"http:\/\/www.lefigaro.fr\/marseille\/il-se-tourne-et-je-vois-qu-il-est-arme-l-un-des-otages-de-la-prison-d-arles-raconte-ses-heures-de-captivite-20250106\" data-fig-type=\"NewsFlash\" data-gtm-custom-categorie=\"navigation\" data-gtm-custom-action=\"crossclick\" data-gtm-custom-label=\"Contextuel\" data-gtm-event=\"customEventSPE\" data-fig-domain=\"LEFIGARO\" target=\"_blank\" rel=\"noopener\">prison d\u2019Arles<\/a>.<\/p>\n<p class=\"fig-paragraph\">Depuis son arriv\u00e9e dans le centre p\u00e9nitentiaire, en fin d\u2019ann\u00e9e derni\u00e8re, ce membre suppos\u00e9ment \u00e9minent du\u00a0<a href=\"http:\/\/www.lefigaro.fr\/actualite-france\/attaques-de-prisons-eliminations-sanglantes-la-dz-mafia-ce-gang-de-narcotrafiquants-sans-limite-qui-defie-l-etat-20250502\" data-fig-type=\"Article\" data-gtm-custom-categorie=\"navigation\" data-gtm-custom-action=\"crossclick\" data-gtm-custom-label=\"Contextuel\" data-gtm-event=\"customEventSPE\" data-fig-domain=\"LEFIGARO\" target=\"_blank\" rel=\"noopener\">cartel marseillais<\/a>\u00a0ayant d\u00e9j\u00e0 \u00e9cop\u00e9 de cinq mandats de d\u00e9p\u00f4ts criminels a \u00e9t\u00e9 d\u00e9couvert en possession de nombreux smartphones visiblement destin\u00e9s \u00e0 poursuivre ses activit\u00e9s illicites malgr\u00e9 son placement \u00e0 l\u2019isolement. Un pied de nez peu appr\u00e9ci\u00e9 des agents travaillant \u00e0 la maison centrale d\u2019Arles, exigeant le transfert imm\u00e9diat de ce d\u00e9tenu qu\u2019ils jugent extr\u00eamement dangereux.<\/p>\n<p class=\"fig-paragraph\">\u00abJusqu\u2019o\u00f9 allons-nous descendre dans l\u2019absurde\u00a0? Que faut-il de plus\u00a0? Un troisi\u00e8me grillage ou un mirador dans sa cellule\u00a0? \u00c0 un moment donn\u00e9, il faut arr\u00eater de faire semblant\u00a0!\u00bb, a d\u00e9nonc\u00e9 le syndicat UFAP-UNSa Justice dans un\u00a0<a href=\"https:\/\/www.ufap.fr\/quand-ladministration-joue-avec-nos-vies\/\" target=\"_blank\" rel=\"nofollow noopener\" data-gtm-custom-categorie=\"navigation\" data-gtm-custom-action=\"crossclick\" data-gtm-custom-label=\"Contextuel\" data-gtm-event=\"customEventSPE\">communiqu\u00e9<\/a>\u00a0ainsi qu\u2019initialement aupr\u00e8s de nos confr\u00e8res du\u00a0<a href=\"https:\/\/www.leparisien.fr\/faits-divers\/un-syndicat-penitentiaire-denonce-la-collection-de-portables-dun-tueur-a-gages-de-la-dz-mafia-04-06-2025-Q65RJIADTVBCVN7VPGEMACRKCE.php\" target=\"_blank\" rel=\"nofollow noopener\" data-gtm-custom-categorie=\"navigation\" data-gtm-custom-action=\"crossclick\" data-gtm-custom-label=\"Contextuel\" data-gtm-event=\"customEventSPE\">Parisien<\/a> . \u00abC\u2019est une v\u00e9ritable bombe \u00e0 retardement que les agents de la maison centrale d\u2019Arles sont dans l\u2019obligation de c\u00f4toyer chaque jour. Et pendant ce temps, par son incapacit\u00e9 \u00e0 imposer un transfert rapide aupr\u00e8s des autorit\u00e9s judiciaires, l\u2019administration semble faire preuve d\u2019un laxisme inqui\u00e9tant\u00bb, poursuit le syndicat.<\/p>\n<p>\u00abContrat\u00bb et tueurs \u00e0 gages<\/p>\n<p class=\"fig-paragraph\">Un appel \u00e0 l\u2019aide \u00e0 la hauteur du \u00abCV\u00bb de cette figure dite \u00abdu haut du spectre\u00bb du narcobanditisme marseillais\u00a0: form\u00e9 \u00e0 \u00eatre une \u00abg\u00e2chette\u00bb (un tueur \u00e0 gages, NDLR) du milieu criminel dans ses jeunes ann\u00e9es selon des sources proches du dossier, Gabriel O. aurait progressivement gravi les \u00e9chelons de la\u00a0<a href=\"http:\/\/www.lefigaro.fr\/marseille\/assassinats-extorsions-intimidations-inspiree-par-les-cartels-sud-americains-la-dz-mafia-etend-sa-toile-sur-marseille-20241012\" data-fig-type=\"NewsFlash\" data-gtm-custom-categorie=\"navigation\" data-gtm-custom-action=\"crossclick\" data-gtm-custom-label=\"Contextuel\" data-gtm-event=\"customEventSPE\" data-fig-domain=\"LEFIGARO\" target=\"_blank\" rel=\"noopener\">DZ Mafia<\/a>\u00a0avant d\u2019en devenir l\u2019un des parrains. \u00c0 en croire certains, l\u2019homme de 29 ans serait aujourd\u2019hui en capacit\u00e9 de commanditer des r\u00e8glements de comptes depuis sa prison, voire de menacer le personnel en un claquement de doigts.<\/p>\n<p class=\"fig-paragraph\">En t\u00e9moigne l\u2019\u00e9mission pr\u00e9sum\u00e9e d\u2019un\u00a0<a href=\"http:\/\/www.lefigaro.fr\/marseille\/contrat-sur-un-responsable-de-la-prison-des-baumettes-trois-personnes-mises-en-examen-20250314\" data-fig-type=\"NewsFlash\" data-gtm-custom-categorie=\"navigation\" data-gtm-custom-action=\"crossclick\" data-gtm-custom-label=\"Contextuel\" data-gtm-event=\"customEventSPE\" data-fig-domain=\"LEFIGARO\" target=\"_blank\" rel=\"noopener\">\u00abcontrat\u00bb de 120.000 euros \u00e9mis sur la \u00abt\u00eate\u00bb d\u2019un chef adjoint de la d\u00e9tention des Baumettes<\/a>\u00a0fin 2024. Concomitamment, l\u2019agent et sa directrice s\u2019\u00e9taient retrouv\u00e9s dans le viseur de \u00abGaby\u00bb, visiblement furieux d\u2019avoir \u00e9cop\u00e9 d\u2019une sanction disciplinaire. Le \u00abcontrat\u00bb s\u2019\u00e9tait sold\u00e9 par l\u2019interpellation d\u2019un\u00a0<a href=\"http:\/\/www.lefigaro.fr\/marseille\/a-marseille-deux-malfaiteurs-armes-interpelles-pres-de-la-prison-des-baumettes-20241203\" data-fig-type=\"NewsFlash\" data-gtm-custom-categorie=\"navigation\" data-gtm-custom-action=\"crossclick\" data-gtm-custom-label=\"Contextuel\" data-gtm-event=\"customEventSPE\" data-fig-domain=\"LEFIGARO\" target=\"_blank\" rel=\"noopener\">commando de tueurs tout droit venu d\u2019\u00cele-de-France<\/a>\u00a0pour en d\u00e9coudre devant les portes de la prison. L\u2019implication de Gabriel O. dans ce contrat n\u2019a pas \u00e9t\u00e9 formellement \u00e9tablie \u00e0 ce jour, mais l\u2019ombre du d\u00e9tenu a longtemps pes\u00e9 sur cette affaire symptomatique de ce que certains observateurs du crime d\u00e9crivent comme la\u00a0<a href=\"http:\/\/www.lefigaro.fr\/vox\/societe\/agressions-et-enlevement-dans-les-cryptomonnaies-la-france-est-elle-en-voie-de-mexicanisation-20250516\" data-fig-type=\"Article\" data-gtm-custom-categorie=\"navigation\" data-gtm-custom-action=\"crossclick\" data-gtm-custom-label=\"Contextuel\" data-gtm-event=\"customEventSPE\" data-fig-domain=\"LEFIGARO\" target=\"_blank\" rel=\"noopener\">\u00abmexicanisation\u00bb de la France<\/a>.<\/p>\n<p class=\"fig-paragraph\">\u00abCela fait douze ans que Monsieur O. est en prison et qu\u2019il n\u2019a jamais agress\u00e9 un surveillant ou d\u00e9tenu ni exerc\u00e9 la moindre violence contre quiconque. Mon client a cinq mandats de d\u00e9p\u00f4ts criminels en cours, mais n\u2019a aucune condamnation d\u00e9finitive \u00e0 son actif. Il est encore pr\u00e9sum\u00e9 innocent\u00bb, r\u00e9torque l\u2019avocate de Gabriel O., Me Christine D\u2019Arrigo, aupr\u00e8s du Figaro. D\u00e9non\u00e7ant les conditions de d\u00e9tention de son client, en prison depuis l\u2019\u00e2ge de 17 ans, elle rappelle qu\u2019un r\u00e9cent rapport de l\u2019administration p\u00e9nitentiaire a fait \u00e9tat d\u2019un d\u00e9tenu \u00abrespectueux\u00a0\u00bb et \u00abcorrect\u00bb vis-\u00e0-vis du personnel.<\/p>\n<p>Tentative de suicide<\/p>\n<p class=\"fig-paragraph\">\u00abIl a dit au directeur de la prison qu\u2019il se sentait comme un animal en cage. Il n\u2019a jamais lev\u00e9 la main sur un surveillant en douze ans de d\u00e9tention. On ne place pas en maison centrale des gens qui ne sont pas d\u00e9finitivement condamn\u00e9s\u00bb, poursuit Me D\u2019Arrigo, t\u00e9moin de la tentative de suicide de son client ce mercredi alors qu\u2019il venait d\u2019\u00e9coper de quinze jours de quartier disciplinaire avec ex\u00e9cution imm\u00e9diate pour la d\u00e9tention de quatre t\u00e9l\u00e9phones. \u00abIl avait cach\u00e9 sur lui deux lames de rasoir, il nous les a montr\u00e9es \u00e0 moi et au directeur de la prison et il les a aval\u00e9es\u00bb, souffle l\u2019avocate, qui ne connaissait pas l\u2019\u00e9tat de sant\u00e9 de son client ce jeudi apr\u00e8s-midi. Le d\u00e9tenu, qui a \u00e9t\u00e9 hospitalis\u00e9 \u00e0 l\u2019h\u00f4pital d\u2019Arles, a refus\u00e9 d\u2019\u00eatre op\u00e9r\u00e9.<\/p>\n<p class=\"fig-paragraph\">Des faits qui n\u2019attendrissent pas le personnel de la prison d\u2019Arles, press\u00e9s de voir Gabriel O. quitter l\u2019enceinte de sa maison centrale. \u00abG\u00e9rer un profil de ce type, c\u2019est \u00eatre tr\u00e8s pr\u00e9cautionneux avec ses faits ainsi que ses gestes et faire attention \u00e0 tout ce qu\u2019on peut faire et dire. On l\u2019a vu avec les menaces venues de l\u2019ext\u00e9rieur. On a d\u00e9pass\u00e9 l\u2019entendement\u00bb, souffle un agent p\u00e9nitentiaire. Reste \u00e0 savoir d\u2019o\u00f9 viennent les fameux t\u00e9l\u00e9phones portables \u00abcollectionn\u00e9s\u00bb par Gabriel O.<\/p>\n<p class=\"fig-paragraph\">\u00abCela peut venir de surveillants, mais aussi d\u2019intervenants ext\u00e9rieurs comme des greffiers, des gens qui font le m\u00e9nage ou m\u00eame des partenaires priv\u00e9s. Ce sont des gens qui doivent g\u00e9rer des d\u00e9tenus, qui gagnent peu et peuvent \u00eatre tent\u00e9s\u00bb, souffle une source proche du dossier, \u00e9voquant la corruption par l\u2019argent mais aussi les menaces et autres formes de \u00abcoups de pression\u00bb agit\u00e9s par les d\u00e9tenus pr\u00eats \u00e0 tout pour poursuivre leurs activit\u00e9s malgr\u00e9 leur d\u00e9tention. \u00abIl est temps que les prisons de haute s\u00e9curit\u00e9 ouvrent et que tout le monde soit cloisonn\u00e9 \u00e0 l\u2019int\u00e9rieur\u00bb, tranche quant \u00e0 lui un agent p\u00e9nitentiaire chevronn\u00e9, convaincu des vertus du projet de G\u00e9rald Darmanin de\u00a0<a href=\"http:\/\/www.lefigaro.fr\/actualite-france\/gerald-darmanin-donne-le-coup-d-envoi-de-la-premiere-prison-haute-securite-20250407\" data-fig-type=\"Article\" data-gtm-custom-categorie=\"navigation\" data-gtm-custom-action=\"crossclick\" data-gtm-custom-label=\"Contextuel\" data-gtm-event=\"customEventSPE\" data-fig-domain=\"LEFIGARO\" target=\"_blank\" rel=\"noopener\">couper les dangereux \u00abnarcos\u00bb du reste du monde<\/a>.<\/p>\n","protected":false},"excerpt":{"rendered":"Gabriel O., suspect\u00e9 d\u2019\u00eatre l\u2019un des chefs de file de l\u2019organisation criminelle marseillaise, a \u00e9t\u00e9 trouv\u00e9 en possession&hellip;\n","protected":false},"author":2,"featured_media":154551,"comment_status":"","ping_status":"","sticky":false,"template":"","format":"standard","meta":{"footnotes":""},"categories":[4],"tags":[11,885,1182,1180,1181,2951,1011,27,1184,1185,12,1177,1176,149,806,1186,882,25,1178,1183,1179],"class_list":{"0":"post-154550","1":"post","2":"type-post","3":"status-publish","4":"format-standard","5":"has-post-thumbnail","7":"category-france","8":"tag-actualites","9":"tag-bouches-du-rhone","10":"tag-calanques","11":"tag-canebiere","12":"tag-cite-phoceenne","13":"tag-criminalite","14":"tag-fr","15":"tag-france","16":"tag-la-timone","17":"tag-les-baumettes-mediterranee","18":"tag-news","19":"tag-notre-dame-de-la-garde","20":"tag-olympique-de-marseille","21":"tag-om","22":"tag-prison","23":"tag-provence","24":"tag-provence-alpes-cote-dazur","25":"tag-republique-francaise","26":"tag-saint-charles","27":"tag-sormiou","28":"tag-vieux-port"},"share_on_mastodon":{"url":"https:\/\/pubeurope.com\/@fr\/114632109892637482","error":""},"_links":{"self":[{"href":"https:\/\/www.europesays.com\/fr\/wp-json\/wp\/v2\/posts\/154550","targetHints":{"allow":["GET"]}}],"collection":[{"href":"https:\/\/www.europesays.com\/fr\/wp-json\/wp\/v2\/posts"}],"about":[{"href":"https:\/\/www.europesays.com\/fr\/wp-json\/wp\/v2\/types\/post"}],"author":[{"embeddable":true,"href":"https:\/\/www.europesays.com\/fr\/wp-json\/wp\/v2\/users\/2"}],"replies":[{"embeddable":true,"href":"https:\/\/www.europesays.com\/fr\/wp-json\/wp\/v2\/comments?post=154550"}],"version-history":[{"count":0,"href":"https:\/\/www.europesays.com\/fr\/wp-json\/wp\/v2\/posts\/154550\/revisions"}],"wp:featuredmedia":[{"embeddable":true,"href":"https:\/\/www.europesays.com\/fr\/wp-json\/wp\/v2\/media\/154551"}],"wp:attachment":[{"href":"https:\/\/www.europesays.com\/fr\/wp-json\/wp\/v2\/media?parent=154550"}],"wp:term":[{"taxonomy":"category","embeddable":true,"href":"https:\/\/www.europesays.com\/fr\/wp-json\/wp\/v2\/categories?post=154550"},{"taxonomy":"post_tag","embeddable":true,"href":"https:\/\/www.europesays.com\/fr\/wp-json\/wp\/v2\/tags?post=154550"}],"curies":[{"name":"wp","href":"https:\/\/api.w.org\/{rel}","templated":true}]}}