{"id":154569,"date":"2025-06-05T18:21:11","date_gmt":"2025-06-05T18:21:11","guid":{"rendered":"https:\/\/www.europesays.com\/fr\/154569\/"},"modified":"2025-06-05T18:21:11","modified_gmt":"2025-06-05T18:21:11","slug":"un-jeune-de-18-ans-sengage-dans-une-course-poursuite-avec-la-police","status":"publish","type":"post","link":"https:\/\/www.europesays.com\/fr\/154569\/","title":{"rendered":"un jeune de 18 ans s&rsquo;engage dans une course-poursuite avec la police"},"content":{"rendered":"<p>            Par<br \/>\n        <strong><br \/>\n            <a href=\"https:\/\/actu.fr\/auteur\/adrien-filoche\" title=\"Consulter tous les articles de Adrien Filoche\" rel=\"nofollow noopener\" target=\"_blank\">Adrien Filoche<\/a><br \/>\n        <\/strong><\/p>\n<p>        Publi\u00e9 le<\/p>\n<p>            5 juin 2025 \u00e0 20h00        <\/p>\n<p>Un jeune homme de 18\u00a0ans est pass\u00e9 devant le tribunal de <a href=\"https:\/\/actu.fr\/normandie\/rouen_76540\" rel=\"nofollow noopener\" target=\"_blank\">Rouen (Seine-Maritime)<\/a>, le 5\u00a0juin 2025 dans le cadre d\u2019une <a href=\"https:\/\/actu.fr\/normandie\/le-havre_76351\/au-havre-un-homme-au-volant-de-sa-voiture-arrache-violemment-le-sac-a-main-d-une-femme-en-pleine-rue_62608410.html\" rel=\"nofollow noopener\" target=\"_blank\">comparution imm\u00e9diate<\/a>. Il lui est reproch\u00e9 d\u2019avoir quelques jours plus t\u00f4t, le 2\u00a0juin, <strong>refus\u00e9 \u00e0 deux reprises un contr\u00f4le de police.<\/strong><\/p>\n<p class=\" wall-content\">Les faits se sont d\u00e9roul\u00e9s entre les communes de Notre-Dame-de-Bondeville et de D\u00e9ville-l\u00e8s-Rouen, en Seine-Maritime. Lors de sa fuite, le mis en cause a percut\u00e9 plusieurs voitures, dont des v\u00e9hicules de police.<\/p>\n<p>Une course-poursuite avec la police<\/p>\n<p class=\" wall-content\">Pr\u00e9sentant les faits, le pr\u00e9sident de la cour \u00e9voque une <strong>\u00ab\u2009course-poursuite\u2009\u00bb<\/strong> avec la police nationale, apr\u00e8s un premier refus d\u2019obtemp\u00e9rer aupr\u00e8s de la police municipale. Le tribunal indique que le jeune chauffard a eu une conduite \u00ab\u2009extr\u00eamement dangereuse\u2009\u00bb.<\/p>\n<p class=\" wall-content\">En plus des faits d\u00e9j\u00e0 reproch\u00e9s, <strong>l\u2019individu conduisait sans permis de conduire.<\/strong> S\u2019ajoute \u00e0 cela des accusations de recel de v\u00e9hicules.<\/p>\n<p class=\" wall-content\">\u00c0 noter que son casier judiciaire comporte d\u00e9j\u00e0 une mention pour un vol de t\u00e9l\u00e9phone commis en 2023.<strong> Il avait \u00e9t\u00e9 condamn\u00e9 par le juge des enfants.<\/strong><\/p>\n<p class=\" wall-content\">D\u00e9f\u00e9r\u00e9 le 4 juin 2025, l\u2019individu a \u00e9t\u00e9 plac\u00e9 sous contr\u00f4le judiciaire. Lors de l\u2019audience, il a r\u00e9clam\u00e9 le renvoi du jugement afin de pr\u00e9parer sa d\u00e9fense. Le tribunal l\u2019a convoqu\u00e9 pour le 25 juillet 2025 et maintien son placement sous contr\u00f4le judiciaire.<\/p>\n<p>Suivez l\u2019actualit\u00e9 de Rouen sur <a href=\"https:\/\/www.whatsapp.com\/channel\/0029VaKfnf99hXF2ddApFB1D\" rel=\"nofollow noopener\" target=\"_blank\">notre cha\u00eene WhatsApp<\/a> et sur <a href=\"https:\/\/www.tiktok.com\/@76actu.fr?lang=fr\" rel=\"nofollow noopener\" target=\"_blank\">notre compte TikTok<\/a><\/p>\n<p class=\" wall-content\">Suivez toute l\u2019actualit\u00e9 de vos villes et m\u00e9dias favoris en vous inscrivant \u00e0 <a href=\"https:\/\/moncompte.actu.fr\" title=\"D\u00e9couvez Mon Actu\" rel=\"nofollow noopener\" data-trk=\"{&quot;cta&quot;:{&quot;action&quot;:&quot;https:\\\/\\\/moncompte.actu.fr&quot;,&quot;category&quot;:&quot;mon compte&quot;,&quot;from&quot;:&quot;article footer&quot;,&quot;name&quot;:&quot;Mon actu&quot;,&quot;type&quot;:&quot;cta&quot;}}\" target=\"_blank\">Mon Actu<\/a>.<\/p>\n<p>                    <script async src=\"\/\/www.tiktok.com\/embed.js\"><\/script><\/p>\n","protected":false},"excerpt":{"rendered":"Par Adrien Filoche Publi\u00e9 le 5 juin 2025 \u00e0 20h00 Un jeune homme de 18\u00a0ans est pass\u00e9 devant&hellip;\n","protected":false},"author":2,"featured_media":154570,"comment_status":"","ping_status":"","sticky":false,"template":"","format":"standard","meta":{"footnotes":""},"categories":[9587],"tags":[1111,11,1777,674,118,1011,27,303,12,5161,1072,25,9590,13682],"class_list":{"0":"post-154569","1":"post","2":"type-post","3":"status-publish","4":"format-standard","5":"has-post-thumbnail","7":"category-rouen","8":"tag-actu","9":"tag-actualites","10":"tag-eu","11":"tag-europe","12":"tag-faits-divers","13":"tag-fr","14":"tag-france","15":"tag-justice","16":"tag-news","17":"tag-normandie","18":"tag-police","19":"tag-republique-francaise","20":"tag-rouen","21":"tag-tribunal-de-rouen"},"share_on_mastodon":{"url":"https:\/\/pubeurope.com\/@fr\/114632149125678932","error":""},"_links":{"self":[{"href":"https:\/\/www.europesays.com\/fr\/wp-json\/wp\/v2\/posts\/154569","targetHints":{"allow":["GET"]}}],"collection":[{"href":"https:\/\/www.europesays.com\/fr\/wp-json\/wp\/v2\/posts"}],"about":[{"href":"https:\/\/www.europesays.com\/fr\/wp-json\/wp\/v2\/types\/post"}],"author":[{"embeddable":true,"href":"https:\/\/www.europesays.com\/fr\/wp-json\/wp\/v2\/users\/2"}],"replies":[{"embeddable":true,"href":"https:\/\/www.europesays.com\/fr\/wp-json\/wp\/v2\/comments?post=154569"}],"version-history":[{"count":0,"href":"https:\/\/www.europesays.com\/fr\/wp-json\/wp\/v2\/posts\/154569\/revisions"}],"wp:featuredmedia":[{"embeddable":true,"href":"https:\/\/www.europesays.com\/fr\/wp-json\/wp\/v2\/media\/154570"}],"wp:attachment":[{"href":"https:\/\/www.europesays.com\/fr\/wp-json\/wp\/v2\/media?parent=154569"}],"wp:term":[{"taxonomy":"category","embeddable":true,"href":"https:\/\/www.europesays.com\/fr\/wp-json\/wp\/v2\/categories?post=154569"},{"taxonomy":"post_tag","embeddable":true,"href":"https:\/\/www.europesays.com\/fr\/wp-json\/wp\/v2\/tags?post=154569"}],"curies":[{"name":"wp","href":"https:\/\/api.w.org\/{rel}","templated":true}]}}