{"id":154575,"date":"2025-06-05T18:24:11","date_gmt":"2025-06-05T18:24:11","guid":{"rendered":"https:\/\/www.europesays.com\/fr\/154575\/"},"modified":"2025-06-05T18:24:11","modified_gmt":"2025-06-05T18:24:11","slug":"lancien-maire-de-grenoble-alain-carignon-va-tenter-de-reconquerir-la-ville","status":"publish","type":"post","link":"https:\/\/www.europesays.com\/fr\/154575\/","title":{"rendered":"l\u2019ancien maire de Grenoble Alain Carignon va tenter de reconqu\u00e9rir la ville"},"content":{"rendered":"<p>\u00abIl faut r\u00e9tablir la s\u00e9curit\u00e9, r\u00e9parer les trottoirs, nettoyer l\u2019espace public\u00bb, lance l\u2019ancien ministre de Jacques Chirac, qui promet d\u2019am\u00e9liorer la qualit\u00e9 quotidienne de la vie.<\/p>\n<p class=\"fig-paragraph\">L&rsquo;ancien maire de Grenoble\u00a0<a href=\"http:\/\/www.lefigaro.fr\/medias\/alain-carignon-l-audiovisuel-public-devrait-etre-traite-comme-un-enjeu-cle-de-notre-souverainete-20240426\" data-fig-type=\"Article\" data-gtm-custom-categorie=\"navigation\" data-gtm-custom-action=\"crossclick\" data-gtm-custom-label=\"Contextuel\" data-gtm-event=\"customEventSPE\" data-fig-domain=\"LEFIGARO\" target=\"_blank\" rel=\"noopener\">Alain Carignon\u00a0<\/a>a annonc\u00e9 jeudi qu&rsquo;il allait se porter une nouvelle fois candidat aux \u00e9lections municipales de 2026. \u00abLa r\u00e9alit\u00e9, c&rsquo;est celle de crises multiples qui affaiblissent et menacent gravement l&rsquo;avenir de Grenoble, crises financi\u00e8re, s\u00e9curitaire, \u00e9cologique, sociale\u00bb, estime le candidat dans sa vid\u00e9o mise en ligne sur les r\u00e9seaux sociaux, o\u00f9 on le voit traverser un quartier historique, puis gravir des marches vers une hauteur dominant la ville.<\/p>\n<p class=\"fig-paragraph\">\u00abIl faut r\u00e9tablir la s\u00e9curit\u00e9, r\u00e9parer les trottoirs, nettoyer l&rsquo;espace public\u00bb, lance-t-il, promettant d&rsquo;am\u00e9liorer la qualit\u00e9 quotidienne de la vie, \u00abseul grand projet qui compte\u00bb. Alors membre du RPR, Alain Carignon, qui fut aussi ministre de\u00a0<a href=\"http:\/\/www.lefigaro.fr\/politique\/il-y-avait-un-souffle-epique-trente-ans-apres-la-victoire-de-jacques-chirac-le-scenario-fascine-toujours-pour-2027-20250419\" data-fig-type=\"Article\" data-gtm-custom-categorie=\"navigation\" data-gtm-custom-action=\"crossclick\" data-gtm-custom-label=\"Contextuel\" data-gtm-event=\"customEventSPE\" data-fig-domain=\"LEFIGARO\" target=\"_blank\" rel=\"noopener\">Jacques Chirac<\/a>\u00a0et \u00c9douard Balladur, a dirig\u00e9 Grenoble pendant deux mandats, de 1983 \u00e0 1994. Il a \u00e9t\u00e9 condamn\u00e9 en 1996 \u00e0 cinq ans de prison dont quatre ferme et cinq ans d&rsquo;in\u00e9ligibilit\u00e9, pour \u00abcorruption\u00bb et \u00ababus de biens sociaux\u00bb dans l&rsquo;affaire dite \u00abDauphin\u00e9 News\u00bb li\u00e9e au financement de sa campagne \u00e9lectorale. Il a purg\u00e9 29 mois de prison jusqu&rsquo;\u00e0 sa lib\u00e9ration anticip\u00e9e en 1998.<\/p>\n<p>Piolle ne se repr\u00e9sente pas<\/p>\n<p class=\"fig-paragraph\">Il avait tent\u00e9, en vain, un premier retour en politique lors des l\u00e9gislatives de 2007. Candidat malheureux au scrutin municipal de 2020, qu&rsquo;il avait \u00e0 l&rsquo;\u00e9poque pr\u00e9sent\u00e9 comme son \u00abdernier tour de piste\u00bb, Alain Carignon, 76 ans, si\u00e9geait depuis dans l&rsquo;opposition au conseil municipal o\u00f9 il croisait r\u00e9guli\u00e8rement le fer avec le maire \u00e9cologiste \u00c9ric Piolle. Ce dernier a annonc\u00e9 de longue date qu&rsquo;il ne se repr\u00e9senterait pas en 2026.<\/p>\n","protected":false},"excerpt":{"rendered":"\u00abIl faut r\u00e9tablir la s\u00e9curit\u00e9, r\u00e9parer les trottoirs, nettoyer l\u2019espace public\u00bb, lance l\u2019ancien ministre de Jacques Chirac, qui&hellip;\n","protected":false},"author":2,"featured_media":154576,"comment_status":"","ping_status":"","sticky":false,"template":"","format":"standard","meta":{"footnotes":""},"categories":[9566],"tags":[1111,11,2430,426,427,422,423,9607,1777,674,1011,27,418,2731,424,425,420,421,12,419,316,429,25,428],"class_list":{"0":"post-154575","1":"post","2":"type-post","3":"status-publish","4":"format-standard","5":"has-post-thumbnail","7":"category-grenoble","8":"tag-actu","9":"tag-actualites","10":"tag-auvergne-rhone-alpes","11":"tag-candidat","12":"tag-candidats","13":"tag-depute","14":"tag-deputes","15":"tag-eric-piolle","16":"tag-eu","17":"tag-europe","18":"tag-fr","19":"tag-france","20":"tag-gouvernement","21":"tag-grenoble","22":"tag-institution","23":"tag-institutions","24":"tag-loi","25":"tag-lois","26":"tag-news","27":"tag-opposition","28":"tag-politique","29":"tag-ps","30":"tag-republique-francaise","31":"tag-ump"},"share_on_mastodon":{"url":"https:\/\/pubeurope.com\/@fr\/114632160902920875","error":""},"_links":{"self":[{"href":"https:\/\/www.europesays.com\/fr\/wp-json\/wp\/v2\/posts\/154575","targetHints":{"allow":["GET"]}}],"collection":[{"href":"https:\/\/www.europesays.com\/fr\/wp-json\/wp\/v2\/posts"}],"about":[{"href":"https:\/\/www.europesays.com\/fr\/wp-json\/wp\/v2\/types\/post"}],"author":[{"embeddable":true,"href":"https:\/\/www.europesays.com\/fr\/wp-json\/wp\/v2\/users\/2"}],"replies":[{"embeddable":true,"href":"https:\/\/www.europesays.com\/fr\/wp-json\/wp\/v2\/comments?post=154575"}],"version-history":[{"count":0,"href":"https:\/\/www.europesays.com\/fr\/wp-json\/wp\/v2\/posts\/154575\/revisions"}],"wp:featuredmedia":[{"embeddable":true,"href":"https:\/\/www.europesays.com\/fr\/wp-json\/wp\/v2\/media\/154576"}],"wp:attachment":[{"href":"https:\/\/www.europesays.com\/fr\/wp-json\/wp\/v2\/media?parent=154575"}],"wp:term":[{"taxonomy":"category","embeddable":true,"href":"https:\/\/www.europesays.com\/fr\/wp-json\/wp\/v2\/categories?post=154575"},{"taxonomy":"post_tag","embeddable":true,"href":"https:\/\/www.europesays.com\/fr\/wp-json\/wp\/v2\/tags?post=154575"}],"curies":[{"name":"wp","href":"https:\/\/api.w.org\/{rel}","templated":true}]}}