{"id":154577,"date":"2025-06-05T18:25:43","date_gmt":"2025-06-05T18:25:43","guid":{"rendered":"https:\/\/www.europesays.com\/fr\/154577\/"},"modified":"2025-06-05T18:25:43","modified_gmt":"2025-06-05T18:25:43","slug":"la-biodiversite-theme-de-la-conference-de-lespace-des-sciences-a-morlaix-le-mercredi-11-juin","status":"publish","type":"post","link":"https:\/\/www.europesays.com\/fr\/154577\/","title":{"rendered":"La biodiversit\u00e9, th\u00e8me de la conf\u00e9rence de l\u2019Espace des sciences, \u00e0 Morlaix, le mercredi 11\u00a0juin"},"content":{"rendered":"<p>La prochaine conf\u00e9rence de l\u2019Espace des sciences aura lieu le mercredi 11 juin, \u00e0 20\u00a0h\u00a030, \u00e0 la CCI de Morlaix. Le th\u00e8me de la soir\u00e9e s\u2019articulera autour de biodiversit\u00e9, cl\u00e9 de l\u2019\u00e9quilibre terrestre menac\u00e9e. Luc Abbadie, professeur \u00e9m\u00e9rite \u00e0 Sorbonne Universit\u00e9 expliquera le r\u00f4le essentiel de la biodiversit\u00e9, les dangers auxquels elle fait face et les solutions qu\u2019elle offre pour l\u2019avenir.<\/p>\n<p>Le propos\u00a0: \u00ab\u00a0La diversit\u00e9 est au c\u0153ur du monde vivant. Elle na\u00eet des interactions entre les organismes et de leur adaptation constante \u00e0 l\u2019environnement. Ensemble, ils forment des \u00e9cosyst\u00e8mes, v\u00e9ritables r\u00e9seaux dynamiques dont la r\u00e9silience repose sur la richesse biologique. Or, cette biodiversit\u00e9 s\u2019effondre \u00e0 un rythme alarmant, mena\u00e7ant l\u2019\u00e9quilibre de notre plan\u00e8te et nos conditions de vie, en synergie avec le changement climatique. Pourtant, la nature rec\u00e8le elle-m\u00eame des solutions\u00a0: s\u00e9questration du carbone, foresterie \u00e9cologique, agriculture durable, adaptation des villes\u2026 Autant d\u2019innovations inspir\u00e9es du vivant qui dessinent les strat\u00e9gies de demain.\u00a0\u00bb<\/p>\n<p>Pratique<\/p>\n<p class=\"note\">Entr\u00e9e libre. CCI de Morlaix. Site internet\u00a0: espace-sciences-morlaix.org\u00a0; courriel\u00a0: info.morlaix@espace-sciences.org<\/p>\n","protected":false},"excerpt":{"rendered":"La prochaine conf\u00e9rence de l\u2019Espace des sciences aura lieu le mercredi 11 juin, \u00e0 20\u00a0h\u00a030, \u00e0 la CCI&hellip;\n","protected":false},"author":2,"featured_media":154578,"comment_status":"","ping_status":"","sticky":false,"template":"","format":"standard","meta":{"footnotes":""},"categories":[2821],"tags":[1111,11,829,1777,674,1011,27,2131,12,584,25],"class_list":{"0":"post-154577","1":"post","2":"type-post","3":"status-publish","4":"format-standard","5":"has-post-thumbnail","7":"category-rennes","8":"tag-actu","9":"tag-actualites","10":"tag-bretagne","11":"tag-eu","12":"tag-europe","13":"tag-fr","14":"tag-france","15":"tag-morlaix","16":"tag-news","17":"tag-rennes","18":"tag-republique-francaise"},"share_on_mastodon":{"url":"https:\/\/pubeurope.com\/@fr\/114632164833782530","error":""},"_links":{"self":[{"href":"https:\/\/www.europesays.com\/fr\/wp-json\/wp\/v2\/posts\/154577","targetHints":{"allow":["GET"]}}],"collection":[{"href":"https:\/\/www.europesays.com\/fr\/wp-json\/wp\/v2\/posts"}],"about":[{"href":"https:\/\/www.europesays.com\/fr\/wp-json\/wp\/v2\/types\/post"}],"author":[{"embeddable":true,"href":"https:\/\/www.europesays.com\/fr\/wp-json\/wp\/v2\/users\/2"}],"replies":[{"embeddable":true,"href":"https:\/\/www.europesays.com\/fr\/wp-json\/wp\/v2\/comments?post=154577"}],"version-history":[{"count":0,"href":"https:\/\/www.europesays.com\/fr\/wp-json\/wp\/v2\/posts\/154577\/revisions"}],"wp:featuredmedia":[{"embeddable":true,"href":"https:\/\/www.europesays.com\/fr\/wp-json\/wp\/v2\/media\/154578"}],"wp:attachment":[{"href":"https:\/\/www.europesays.com\/fr\/wp-json\/wp\/v2\/media?parent=154577"}],"wp:term":[{"taxonomy":"category","embeddable":true,"href":"https:\/\/www.europesays.com\/fr\/wp-json\/wp\/v2\/categories?post=154577"},{"taxonomy":"post_tag","embeddable":true,"href":"https:\/\/www.europesays.com\/fr\/wp-json\/wp\/v2\/tags?post=154577"}],"curies":[{"name":"wp","href":"https:\/\/api.w.org\/{rel}","templated":true}]}}