{"id":154581,"date":"2025-06-05T18:27:22","date_gmt":"2025-06-05T18:27:22","guid":{"rendered":"https:\/\/www.europesays.com\/fr\/154581\/"},"modified":"2025-06-05T18:27:22","modified_gmt":"2025-06-05T18:27:22","slug":"kaleidoscope-geant-skate-park-voici-les-projets-pour-lesquels-vous-pouvez-voter-a-strasbourg","status":"publish","type":"post","link":"https:\/\/www.europesays.com\/fr\/154581\/","title":{"rendered":"Kal\u00e9idoscope g\u00e9ant, skate park&#8230; voici les projets pour lesquels vous pouvez voter \u00e0 Strasbourg"},"content":{"rendered":"<p>            Par<br \/>\n        <strong><br \/>\n            <a href=\"https:\/\/actu.fr\/auteur\/margot-fournie\" title=\"Consulter tous les articles de Margot Fournie\" rel=\"nofollow noopener\" target=\"_blank\">Margot Fournie<\/a><br \/>\n        <\/strong><\/p>\n<p>        Publi\u00e9 le<\/p>\n<p>            5 juin 2025 \u00e0 18h16        <\/p>\n<p><a href=\"https:\/\/actu.fr\/grand-est\/strasbourg_67482\/vague-artificielle-et-sculpture-geante-de-cigogne-les-projets-insolites-du-budget-participatif-de-strasbourg_61975854.html\" rel=\"nofollow noopener\" target=\"_blank\">447 projets<\/a> ont \u00e9t\u00e9 d\u00e9pos\u00e9s durant la <strong>saison 3 du budget participatif<\/strong> de la Ville de <a href=\"https:\/\/actu.fr\/strasbourg\/\" rel=\"nofollow noopener\" target=\"_blank\">Strasbourg<\/a>. 115 ont \u00e9t\u00e9 retenus et sont actuellement <strong>soumis aux votes<\/strong> des citoyens jusqu\u2019au 29\u00a0juin.<\/p>\n<p class=\" wall-content\">On vous en a fait une <strong>petite s\u00e9lection<\/strong>.<\/p>\n<p>Un four \u00e0 pain, un skate park\u2009: des lieux conviviaux<\/p>\n<p class=\" wall-content\">Une des habitantes a propos\u00e9 d\u2019installer un <strong>four \u00e0 pain<\/strong> avec quelques tables de pique-nique dans le quartier du Schluthfeld. L\u2019id\u00e9e ici est de cr\u00e9er un <strong>lieu propice aux \u00e9changes<\/strong> entre voisins.<\/p>\n<p class=\" wall-content\">Autre lieu convivial\u2009: un skate park. La personne \u00e0 l\u2019origine du projet souligne que la ville \u00ab\u2009accueille chaque ann\u00e9e la manifestation NL contest qui attire de nombreux adeptes. <strong>D\u00e9velopper la pratique du skateboard<\/strong> sur Strasbourg serait <strong>un atout<\/strong> pour les jeunes\u2009\u00bb. Elle demande la cr\u00e9ation d\u2019un tel lieu dans le centre-ville. Mais d\u2019autres ont demand\u00e9 la m\u00eame chose pour le quartier de la Meinau ou du Stockfeld, mais aussi Montagne verte.<\/p>\n<p class=\" wall-content\">\u00c0 noter, le projet d\u2019installation de <strong>tables d\u2019\u00e9chec<\/strong> dans les parcs de la ville.<\/p>\n<p>Vid\u00e9os : en ce moment sur ActuDes propositions artistiques<\/p>\n<p class=\" wall-content\">Un autre habitant a soumis l\u2019id\u00e9e de cr\u00e9er des <strong>chemins luminescents et artistiques <\/strong>en tra\u00e7ant des motifs sur le sol.\u00a0Le but\u2009: <strong>remplacer l\u2019\u00e9clairage public<\/strong> l\u00e0 o\u00f9 il est absent tout en donnant une dimension po\u00e9tique \u00e0 la rue.<\/p>\n<p class=\" wall-content\">Un peu plus surprenant peut-\u00eatre\u2009: l\u2019installation d\u2019un <strong>kal\u00e9idoscope g\u00e9ant<\/strong> devant ou \u00e0 l\u2019arri\u00e8re de l\u2019\u00e9glise Saint-Pierre Le jeune.<\/p>\n<p>Un monument pour les victimes de f\u00e9minicides<\/p>\n<p class=\" wall-content\">Autre proposition\u2009: dans le square Appert, \u00e0 c\u00f4t\u00e9 de l\u2019\u00e9cole des Romains, une habitante a indiqu\u00e9 vouloir cr\u00e9er un<strong> monument d\u00e9di\u00e9 aux victimes<\/strong> et aux survivantes des <strong>f\u00e9minicides<\/strong>.<\/p>\n<p>Les projets sont tous pr\u00e9sent\u00e9s sur le site <a href=\"https:\/\/participer.strasbourg.eu\/saison-3-votez\" rel=\"nofollow noopener\" target=\"_blank\">participer Strasbourg<\/a>.<\/p>\n<p class=\" wall-content\">Suivez toute l\u2019actualit\u00e9 de vos villes et m\u00e9dias favoris en vous inscrivant \u00e0 <a href=\"https:\/\/moncompte.actu.fr\" title=\"D\u00e9couvez Mon Actu\" rel=\"nofollow noopener\" data-trk=\"{&quot;cta&quot;:{&quot;action&quot;:&quot;https:\\\/\\\/moncompte.actu.fr&quot;,&quot;category&quot;:&quot;mon compte&quot;,&quot;from&quot;:&quot;article footer&quot;,&quot;name&quot;:&quot;Mon actu&quot;,&quot;type&quot;:&quot;cta&quot;}}\" target=\"_blank\">Mon Actu<\/a>.<\/p>\n","protected":false},"excerpt":{"rendered":"Par Margot Fournie Publi\u00e9 le 5 juin 2025 \u00e0 18h16 447 projets ont \u00e9t\u00e9 d\u00e9pos\u00e9s durant la saison&hellip;\n","protected":false},"author":2,"featured_media":154582,"comment_status":"","ping_status":"","sticky":false,"template":"","format":"standard","meta":{"footnotes":""},"categories":[2820],"tags":[1111,11,1003,1777,674,1011,27,775,12,25,104,640],"class_list":{"0":"post-154581","1":"post","2":"type-post","3":"status-publish","4":"format-standard","5":"has-post-thumbnail","7":"category-strasbourg","8":"tag-actu","9":"tag-actualites","10":"tag-budget","11":"tag-eu","12":"tag-europe","13":"tag-fr","14":"tag-france","15":"tag-grand-est","16":"tag-news","17":"tag-republique-francaise","18":"tag-societe","19":"tag-strasbourg"},"share_on_mastodon":{"url":"https:\/\/pubeurope.com\/@fr\/114632172966908849","error":""},"_links":{"self":[{"href":"https:\/\/www.europesays.com\/fr\/wp-json\/wp\/v2\/posts\/154581","targetHints":{"allow":["GET"]}}],"collection":[{"href":"https:\/\/www.europesays.com\/fr\/wp-json\/wp\/v2\/posts"}],"about":[{"href":"https:\/\/www.europesays.com\/fr\/wp-json\/wp\/v2\/types\/post"}],"author":[{"embeddable":true,"href":"https:\/\/www.europesays.com\/fr\/wp-json\/wp\/v2\/users\/2"}],"replies":[{"embeddable":true,"href":"https:\/\/www.europesays.com\/fr\/wp-json\/wp\/v2\/comments?post=154581"}],"version-history":[{"count":0,"href":"https:\/\/www.europesays.com\/fr\/wp-json\/wp\/v2\/posts\/154581\/revisions"}],"wp:featuredmedia":[{"embeddable":true,"href":"https:\/\/www.europesays.com\/fr\/wp-json\/wp\/v2\/media\/154582"}],"wp:attachment":[{"href":"https:\/\/www.europesays.com\/fr\/wp-json\/wp\/v2\/media?parent=154581"}],"wp:term":[{"taxonomy":"category","embeddable":true,"href":"https:\/\/www.europesays.com\/fr\/wp-json\/wp\/v2\/categories?post=154581"},{"taxonomy":"post_tag","embeddable":true,"href":"https:\/\/www.europesays.com\/fr\/wp-json\/wp\/v2\/tags?post=154581"}],"curies":[{"name":"wp","href":"https:\/\/api.w.org\/{rel}","templated":true}]}}