{"id":154583,"date":"2025-06-05T18:28:09","date_gmt":"2025-06-05T18:28:09","guid":{"rendered":"https:\/\/www.europesays.com\/fr\/154583\/"},"modified":"2025-06-05T18:28:09","modified_gmt":"2025-06-05T18:28:09","slug":"a-strasbourg-les-metallurgistes-cgt-refusent-la-retraite-a-64-ans-et-la-desindustrialisation","status":"publish","type":"post","link":"https:\/\/www.europesays.com\/fr\/154583\/","title":{"rendered":"\u00c0 Strasbourg, les m\u00e9tallurgistes CGT refusent la retraite \u00e0 64\u00a0ans et la d\u00e9sindustrialisation"},"content":{"rendered":"<p>Strasbourg (Bas-Rhin)<\/p>\n<p>\u00ab\u00a0Aujourd\u2019hui, nous f\u00eatons ensemble une magnifique victoire\u00a0!\u00a0\u00bb <a href=\"https:\/\/www.humanite.fr\/social-et-economie\/arcelor\/lindustrie-est-victime-de-la-demission-de-letat-entretien-avec-sophie-binet-secretaire-generale-de-la-cgt\" rel=\"nofollow noopener\" target=\"_blank\">s\u2019est exclam\u00e9e la secr\u00e9taire g\u00e9n\u00e9rale de la CGT, Sophie Binet<\/a>, en prenant la parole devant les centaines de gilets jaunes et rouges qui l\u2019entouraient, drapeaux au vent, juste avant leur d\u00e9part pour rejoindre les syndicalistes locaux et d\u00e9marrer <a href=\"https:\/\/www.humanite.fr\/on-finira-par-reconquerir-nos-droits-apres-le-vote-de-lassemblee-contre-la-retraite-a-64-ans-les-manifestants-cgt-esperent-relancer-le-debat-sur-l\" rel=\"nofollow noopener\" target=\"_blank\">la manifestation contre la r\u00e9forme des retraites<\/a>.<\/p>\n<p>Les applaudissements nourris et les slogans qui ont fus\u00e9 montraient que tout le monde savait d\u00e9j\u00e0 de quelle victoire il s\u2019agissait. Le matin m\u00eame, par 198 voix pour et 35 contre, <a href=\"https:\/\/www.humanite.fr\/politique\/assemblee-nationale\/retraites-apres-un-non-symbolique-vers-une-nouvelle-motion-de-censure\" data-type=\"link\" data-id=\"https:\/\/www.humanite.fr\/politique\/assemblee-nationale\/retraites-apres-un-non-symbolique-vers-une-nouvelle-motion-de-censure\" rel=\"nofollow noopener\" target=\"_blank\">les d\u00e9put\u00e9s ont vot\u00e9 une r\u00e9solution<\/a> demandant l\u2019abrogation des 64\u00a0ans et le passage \u00e0 43\u00a0annuit\u00e9s de cotisation en 2027, plus de deux ans apr\u00e8s que le gouvernement a fait passer sa loi en force \u00e0 coups de 49.3 \u00e0 l\u2019Assembl\u00e9e.<\/p>\n<p>Il y a deux ans, le gouvernement avait \u00e9galement r\u00e9ussi \u00e0 bloquer une proposition de loi d\u2019abrogation de la r\u00e9forme des retraites. Le r\u00e9f\u00e9rendum d\u2019initiative populaire, demand\u00e9 par les syndicats et des groupes politiques, n\u2019a jamais vu le jour. D\u2019o\u00f9 les questions qui revenaient en boucle dans les rangs des manifestants de Strasbourg, se demandant quelle suite pourrait entra\u00eener la victoire du jour. Le gouvernement va-t-il tenir compte de ce vote\u00a0? Y est-il oblig\u00e9\u00a0? <a href=\"https:\/\/www.humanite.fr\/politique\/assemblee-nationale\/retraites-a-64-ans-lassemblee-nationale-rejette-symboliquement-la-reforme-borne\" rel=\"nofollow noopener\" target=\"_blank\">N\u2019est-ce pas un vote symbolique<\/a> qui n\u2019aura aucune cons\u00e9quence\u00a0?<\/p>\n<p>\u00ab\u00a0Les d\u00e9put\u00e9s ne sont pas des plantes vertes, ils font la loi. Et nous sommes donc rassembl\u00e9s ici \u00e0 Strasbourg, et nous manifestons partout en France, pour demander une chose tr\u00e8s simple\u00a0: que le gouvernement respecte ce vote et la d\u00e9mocratie, sinon nous appelons les d\u00e9put\u00e9s \u00e0 en tirer toutes les cons\u00e9quences\u00a0\u00bb, a r\u00e9pondu Sophie Binet, ajoutant qu\u2019il \u00ab\u00a0n\u2019y aura pas de gouvernement qui tiendra dans la dur\u00e9e sans abroger cette retraite\u00a0\u00bb.<\/p>\n<p>\u00ab\u00a0C\u2019est Mittal qui d\u00e9tourne ses b\u00e9n\u00e9fices au Luxembourg\u00a0\u00bb<\/p>\n<p>L\u2019autre sujet qui a occup\u00e9 toutes les conversations, c\u2019est la s\u00e9rie noire <a href=\"https:\/\/www.humanite.fr\/social-et-economie\/arcelormittal\/arcelormittal-nationaliser-nest-pas-un-gros-mot-analyse-dany-lang\" rel=\"nofollow noopener\" target=\"_blank\">des fermetures de sites industriels et les plans de licenciement<\/a> qui balayent la France depuis plusieurs ann\u00e9es et semblent aller crescendo. La CGT a comptabilis\u00e9 <a href=\"https:\/\/www.humanite.fr\/social-et-economie\/licenciements\/le-gouvernement-et-le-patronat-font-le-choix-du-chomage-la-carte-des-250-000-emplois-menaces-en-france\" data-type=\"link\" data-id=\"https:\/\/www.humanite.fr\/social-et-economie\/licenciements\/le-gouvernement-et-le-patronat-font-le-choix-du-chomage-la-carte-des-250-000-emplois-menaces-en-france\" rel=\"nofollow noopener\" target=\"_blank\">entre 150\u00a0000\u00a0et 240\u00a0000 emplois supprim\u00e9s<\/a> depuis un an et demi, constatant que c\u2019\u00e9tait le c\u0153ur m\u00eame de l\u2019industrie fran\u00e7aise qui \u00e9tait touch\u00e9 de plein fouet, notamment sa m\u00e9tallurgie qui est \u00e0 la base de toutes les industries de transformation, alors que le secteur n\u2019est pas en difficult\u00e9 \u00e9conomique.<\/p>\n<p>Les ArcelorMittal, en force \u00e0 Strasbourg, le confirment, au moment o\u00f9 un plan social concernant 630 postes est en cours. \u00ab\u00a0Pour nous, le PSE n\u2019a pas lieu d\u2019\u00eatre. Tout va bien pour la sant\u00e9 \u00e9conomique du groupe. C\u2019est Mittal qui d\u00e9tourne ses b\u00e9n\u00e9fices au Luxembourg, mais nous, en France, nous gagnons de l\u2019argent et nous avons les moyens de le prouver. Nous allons donc travailler sur ce point et nous allons le porter devant le tribunal\u00a0\u00bb, assure le d\u00e9l\u00e9gu\u00e9 central CGT d\u2019ArcelorMittal France, Reynald Quaegebeur.<\/p>\n<p>En cause selon la CGT, la financiarisation de l\u2019industrie, qui n\u2019a pour objectif que de satisfaire les actionnaires. \u00ab\u00a0Ces choix ne sont pas faits dans l\u2019int\u00e9r\u00eat des salari\u00e9s, ni dans l\u2019int\u00e9r\u00eat de l\u2019outil industriel\u00a0\u00bb, constate St\u00e9phane Fl\u00e9geau, le secr\u00e9taire g\u00e9n\u00e9ral adjoint de la f\u00e9d\u00e9ration CGT de la m\u00e9tallurgie, qui confirme cette continuit\u00e9, depuis des ann\u00e9es, d\u2019une strat\u00e9gie qui ne cesse de produire des ravages. \u00ab\u00a0C\u2019est un d\u00e9sastre pour le territoire fran\u00e7ais mais aussi pour l\u2019Europe. Si nous n\u2019avons plus la capacit\u00e9 de produire de l\u2019acier en France et en Europe, on ne pourra pas alimenter les fili\u00e8res qui en ont un besoin fondamental. C\u2019est pourquoi la bataille pour Arcelor est essentielle\u00a0\u00bb, ajoute-t-il.<\/p>\n<p>Quelle strat\u00e9gie, dans ces conditions, mettre en place <a href=\"https:\/\/www.humanite.fr\/social-et-economie\/licenciements\/le-gouvernement-et-le-patronat-font-le-choix-du-chomage-la-carte-des-250-000-emplois-menaces-en-france\" rel=\"nofollow noopener\" target=\"_blank\">pour tenter de renverser cette h\u00e9morragie d\u2019emplois<\/a> et les fermetures de sites industriels\u00a0? La question de fond a \u00e9t\u00e9 d\u00e9battue au cours du congr\u00e8s de la f\u00e9d\u00e9ration CGT de la m\u00e9tallurgie, organis\u00e9 dans la capitale alsacienne, notamment celle de la nationalisation des entreprises industrielles strat\u00e9giques. \u00ab\u00a0Il va falloir que nous mobilisions un maximum de groupes parlementaires qui vont porter les projets de loi au Parlement, en esp\u00e9rant que nos analyses et nos propositions fassent un bout de chemin dans les t\u00eates et qu\u2019elles aboutissent concr\u00e8tement\u00a0\u00bb, propose le d\u00e9l\u00e9gu\u00e9 central d\u2019ArcelorMittal.<\/p>\n<p>\u00ab\u00a0Il faut que nous r\u00e9ussissions \u00e0 \u00e9largir au niveau de toute l\u2019Europe le rapport de force sur la question de l\u2019acier que nous essayons de construire ici en France avec les camarades d\u2019Arcelor\u00a0\u00bb, estime St\u00e9phane Fl\u00e9geau, qui insiste \u00e9galement sur le r\u00f4le que doivent jouer les r\u00e9gions, notamment celles victimes de la d\u00e9sindustrialisation. Il en veut pour preuve la mobilisation de l\u2019ensemble des d\u00e9put\u00e9s de Bretagne, mais aussi de la population, et m\u00eame du Medef, <a href=\"https:\/\/www.humanite.fr\/social-et-economie\/cgt\/la-fonderie-de-bretagne-cedee-a-europlasma-qui-est-ce-repreneur-en-serie-dentreprises-en-difficulte\" rel=\"nofollow noopener\" target=\"_blank\">qui a permis de sauver la Fonderie de Bretagne<\/a>, \u00e0 Caudan (Morbihan).<\/p>\n<p>Aux c\u00f4t\u00e9s de celles et ceux qui luttent\u00a0!<\/p>\n<p>L\u2019urgence sociale, c\u2019est chaque jour la priorit\u00e9 de l\u2019Humanit\u00e9.<\/p>\n<ul class=\"wp-block-list\">\n<li>En exposant la violence patronale.<\/li>\n<li>En montrant ce que vivent celles et ceux qui travaillent et ceux qui aspirent \u00e0 le faire.<\/li>\n<li>En donnant des cl\u00e9s de compr\u00e9hension et des outils aux salari\u00e9.es pour se d\u00e9fendre contre les politiques ultralib\u00e9rales qui d\u00e9gradent leur qualit\u00e9 de vie.<\/li>\n<\/ul>\n<p>Vous connaissez d\u2019autres m\u00e9dias qui font \u00e7a\u00a0? Soutenez-nous\u00a0!<br \/><a href=\"https:\/\/www.humanite.fr\/lhumanite-cest-vous\" rel=\"nofollow noopener\" target=\"_blank\">Je veux en savoir plus.<\/a><\/p>\n","protected":false},"excerpt":{"rendered":"Strasbourg (Bas-Rhin) \u00ab\u00a0Aujourd\u2019hui, nous f\u00eatons ensemble une magnifique victoire\u00a0!\u00a0\u00bb s\u2019est exclam\u00e9e la secr\u00e9taire g\u00e9n\u00e9rale de la CGT, Sophie&hellip;\n","protected":false},"author":2,"featured_media":154584,"comment_status":"","ping_status":"","sticky":false,"template":"","format":"standard","meta":{"footnotes":""},"categories":[2820],"tags":[1111,11,13620,1271,1777,674,1011,27,775,693,12,25,7226,13711,640],"class_list":{"0":"post-154583","1":"post","2":"type-post","3":"status-publish","4":"format-standard","5":"has-post-thumbnail","7":"category-strasbourg","8":"tag-actu","9":"tag-actualites","10":"tag-arcelormittal","11":"tag-cgt","12":"tag-eu","13":"tag-europe","14":"tag-fr","15":"tag-france","16":"tag-grand-est","17":"tag-industrie","18":"tag-news","19":"tag-republique-francaise","20":"tag-ru00e9forme-des-retraites","21":"tag-sidu00e9rurgie","22":"tag-strasbourg"},"share_on_mastodon":{"url":"https:\/\/pubeurope.com\/@fr\/114632176667829033","error":""},"_links":{"self":[{"href":"https:\/\/www.europesays.com\/fr\/wp-json\/wp\/v2\/posts\/154583","targetHints":{"allow":["GET"]}}],"collection":[{"href":"https:\/\/www.europesays.com\/fr\/wp-json\/wp\/v2\/posts"}],"about":[{"href":"https:\/\/www.europesays.com\/fr\/wp-json\/wp\/v2\/types\/post"}],"author":[{"embeddable":true,"href":"https:\/\/www.europesays.com\/fr\/wp-json\/wp\/v2\/users\/2"}],"replies":[{"embeddable":true,"href":"https:\/\/www.europesays.com\/fr\/wp-json\/wp\/v2\/comments?post=154583"}],"version-history":[{"count":0,"href":"https:\/\/www.europesays.com\/fr\/wp-json\/wp\/v2\/posts\/154583\/revisions"}],"wp:featuredmedia":[{"embeddable":true,"href":"https:\/\/www.europesays.com\/fr\/wp-json\/wp\/v2\/media\/154584"}],"wp:attachment":[{"href":"https:\/\/www.europesays.com\/fr\/wp-json\/wp\/v2\/media?parent=154583"}],"wp:term":[{"taxonomy":"category","embeddable":true,"href":"https:\/\/www.europesays.com\/fr\/wp-json\/wp\/v2\/categories?post=154583"},{"taxonomy":"post_tag","embeddable":true,"href":"https:\/\/www.europesays.com\/fr\/wp-json\/wp\/v2\/tags?post=154583"}],"curies":[{"name":"wp","href":"https:\/\/api.w.org\/{rel}","templated":true}]}}