{"id":154585,"date":"2025-06-05T18:29:10","date_gmt":"2025-06-05T18:29:10","guid":{"rendered":"https:\/\/www.europesays.com\/fr\/154585\/"},"modified":"2025-06-05T18:29:10","modified_gmt":"2025-06-05T18:29:10","slug":"upe-06-franck-cannata-elu-president-pour-le-mandat-2025-2028","status":"publish","type":"post","link":"https:\/\/www.europesays.com\/fr\/154585\/","title":{"rendered":"UPE 06 : Franck Cannata \u00e9lu pr\u00e9sident pour le mandat 2025-2028"},"content":{"rendered":"<p>                    <img loading=\"lazy\" decoding=\"async\" src=\"https:\/\/www.europesays.com\/fr\/wp-content\/uploads\/2025\/06\/2b70de170dc64e60f03d5cc027d1f4.png\" class=\"img-responsive post-image\" width=\"680\" height=\"510\" alt=\"UPE 06 : Franck Cannata\" title=\"UPE 06 : Franck Cannata \u00e9lu pr\u00e9sident pour le mandat 2025-2028\"\/><\/p>\n<p class=\"chapo\">Le dirigeant de Transcan a recueilli 59 voix, contre 16 pour l\u2019avocate Marielle Walicki, jeudi 5 juin, \u00e0 l\u2019issue du vote des administrateurs.<\/p>\n<p>\u00ab\u00a0Merci \u00e0 toutes et \u00e0 tous pour la confiance que vous me t\u00e9moignez, j\u2019en suis ravi. Vous pouvez compter sur moi\u00a0pour mettre en \u0153uvre tout ce qui sera n\u00e9cessaire pour d\u00e9fendre nos int\u00e9r\u00eats et pour d\u00e9fendre les int\u00e9r\u00eats du territoire\u00a0\u00bb, a-t-il d\u00e9clar\u00e9 juste apr\u00e8s l\u2019annonce des r\u00e9sultats.<br class=\"texte\"\/><br \/>\nMarielle Walicki a \u00e9galement remerci\u00e9 les votants et a d\u00e9clar\u00e9 qu\u2019il y avait\u00a0\u00ab\u00a0encore beaucoup de choses \u00e0 faire pour l\u2019UPE\u00a0\u00a0\u00bb<\/p>\n<p>Le pr\u00e9sident \u00e9lu de l\u2019UPE 06, qui donnera le 26 mai la liste d\u00e9taill\u00e9e des membres de son bureau et de ses conseillers, prendra officiellement ses fonctions le 1er juillet.<\/p>\n<p>La passation entre Franck Cannata, qui avait ax\u00e9 son programme sur \u00ab\u00a0la continuit\u00e9 et la coh\u00e9rence\u00a0\u00bb et sur l\u2019ouverture \u00ab\u00a0de nouveaux horizons\u00a0\u00bb, et l\u2019actuel pr\u00e9sident, <strong>Pierre Ippolito<\/strong>, aura lieu le jeudi 26 juin au stade Allianz Riviera de Nice en cl\u00f4ture des Entreprenariales dont la th\u00e9matique retenue pour cette ann\u00e9e est le courage.<\/p>\n<p>Visuel de Une\u00a0: De gauche \u00e0 droite, Pierre Ippolito, pr\u00e9sident 2022-2025, et Franck Cannata, pr\u00e9sident 2025-2028 \u00a9S.G<\/p>\n","protected":false},"excerpt":{"rendered":"Le dirigeant de Transcan a recueilli 59 voix, contre 16 pour l\u2019avocate Marielle Walicki, jeudi 5 juin, \u00e0&hellip;\n","protected":false},"author":2,"featured_media":154586,"comment_status":"","ping_status":"","sticky":false,"template":"","format":"standard","meta":{"footnotes":""},"categories":[2819],"tags":[1111,11,2408,1777,674,1011,27,12,2401,882,25],"class_list":{"0":"post-154585","1":"post","2":"type-post","3":"status-publish","4":"format-standard","5":"has-post-thumbnail","7":"category-nice","8":"tag-actu","9":"tag-actualites","10":"tag-appels-d","11":"tag-eu","12":"tag-europe","13":"tag-fr","14":"tag-france","15":"tag-news","16":"tag-nice","17":"tag-provence-alpes-cote-dazur","18":"tag-republique-francaise"},"share_on_mastodon":{"url":"https:\/\/pubeurope.com\/@fr\/114632180700328297","error":""},"_links":{"self":[{"href":"https:\/\/www.europesays.com\/fr\/wp-json\/wp\/v2\/posts\/154585","targetHints":{"allow":["GET"]}}],"collection":[{"href":"https:\/\/www.europesays.com\/fr\/wp-json\/wp\/v2\/posts"}],"about":[{"href":"https:\/\/www.europesays.com\/fr\/wp-json\/wp\/v2\/types\/post"}],"author":[{"embeddable":true,"href":"https:\/\/www.europesays.com\/fr\/wp-json\/wp\/v2\/users\/2"}],"replies":[{"embeddable":true,"href":"https:\/\/www.europesays.com\/fr\/wp-json\/wp\/v2\/comments?post=154585"}],"version-history":[{"count":0,"href":"https:\/\/www.europesays.com\/fr\/wp-json\/wp\/v2\/posts\/154585\/revisions"}],"wp:featuredmedia":[{"embeddable":true,"href":"https:\/\/www.europesays.com\/fr\/wp-json\/wp\/v2\/media\/154586"}],"wp:attachment":[{"href":"https:\/\/www.europesays.com\/fr\/wp-json\/wp\/v2\/media?parent=154585"}],"wp:term":[{"taxonomy":"category","embeddable":true,"href":"https:\/\/www.europesays.com\/fr\/wp-json\/wp\/v2\/categories?post=154585"},{"taxonomy":"post_tag","embeddable":true,"href":"https:\/\/www.europesays.com\/fr\/wp-json\/wp\/v2\/tags?post=154585"}],"curies":[{"name":"wp","href":"https:\/\/api.w.org\/{rel}","templated":true}]}}