{"id":154589,"date":"2025-06-05T18:33:25","date_gmt":"2025-06-05T18:33:25","guid":{"rendered":"https:\/\/www.europesays.com\/fr\/154589\/"},"modified":"2025-06-05T18:33:25","modified_gmt":"2025-06-05T18:33:25","slug":"nantes-la-presidente-de-region-defend-la-nuit-du-bien-commun-la-gauche-setrangle","status":"publish","type":"post","link":"https:\/\/www.europesays.com\/fr\/154589\/","title":{"rendered":"Nantes\u00a0: la pr\u00e9sidente de r\u00e9gion d\u00e9fend La nuit du bien commun, la gauche s\u2019\u00e9trangle"},"content":{"rendered":"<p>\tNantes\u00a0: la pr\u00e9sidente de r\u00e9gion d\u00e9fend La nuit du bien commun, la gauche s\u2019\u00e9trangle &#8211; Valeurs actuelles<\/p>\n<p><a href=\"https:\/\/www.valeursactuelles.com\/\" rel=\"nofollow noopener\" target=\"_blank\">Accueil<\/a> \u00bb <a href=\"https:\/\/www.valeursactuelles.com\/politique\" rel=\"nofollow noopener\" target=\"_blank\">Politique<\/a> \u00bb Nantes\u00a0: la pr\u00e9sidente de r\u00e9gion d\u00e9fend La nuit du bien commun, la gauche s\u2019\u00e9trangle<\/p>\n","protected":false},"excerpt":{"rendered":"Nantes\u00a0: la pr\u00e9sidente de r\u00e9gion d\u00e9fend La nuit du bien commun, la gauche s\u2019\u00e9trangle &#8211; Valeurs actuelles Accueil&hellip;\n","protected":false},"author":2,"featured_media":154590,"comment_status":"","ping_status":"","sticky":false,"template":"","format":"standard","meta":{"footnotes":""},"categories":[2818],"tags":[1111,11,28457,1777,674,9384,1011,27,2088,766,12,28118,2636,25],"class_list":{"0":"post-154589","1":"post","2":"type-post","3":"status-publish","4":"format-standard","5":"has-post-thumbnail","7":"category-nantes","8":"tag-actu","9":"tag-actualites","10":"tag-christelle-morancais","11":"tag-eu","12":"tag-europe","13":"tag-extreme-gauche","14":"tag-fr","15":"tag-france","16":"tag-manifestation","17":"tag-nantes","18":"tag-news","19":"tag-nuit-du-bien-commun","20":"tag-pays-de-la-loire","21":"tag-republique-francaise"},"share_on_mastodon":{"url":"https:\/\/pubeurope.com\/@fr\/114632196322340937","error":""},"_links":{"self":[{"href":"https:\/\/www.europesays.com\/fr\/wp-json\/wp\/v2\/posts\/154589","targetHints":{"allow":["GET"]}}],"collection":[{"href":"https:\/\/www.europesays.com\/fr\/wp-json\/wp\/v2\/posts"}],"about":[{"href":"https:\/\/www.europesays.com\/fr\/wp-json\/wp\/v2\/types\/post"}],"author":[{"embeddable":true,"href":"https:\/\/www.europesays.com\/fr\/wp-json\/wp\/v2\/users\/2"}],"replies":[{"embeddable":true,"href":"https:\/\/www.europesays.com\/fr\/wp-json\/wp\/v2\/comments?post=154589"}],"version-history":[{"count":0,"href":"https:\/\/www.europesays.com\/fr\/wp-json\/wp\/v2\/posts\/154589\/revisions"}],"wp:featuredmedia":[{"embeddable":true,"href":"https:\/\/www.europesays.com\/fr\/wp-json\/wp\/v2\/media\/154590"}],"wp:attachment":[{"href":"https:\/\/www.europesays.com\/fr\/wp-json\/wp\/v2\/media?parent=154589"}],"wp:term":[{"taxonomy":"category","embeddable":true,"href":"https:\/\/www.europesays.com\/fr\/wp-json\/wp\/v2\/categories?post=154589"},{"taxonomy":"post_tag","embeddable":true,"href":"https:\/\/www.europesays.com\/fr\/wp-json\/wp\/v2\/tags?post=154589"}],"curies":[{"name":"wp","href":"https:\/\/api.w.org\/{rel}","templated":true}]}}