{"id":15459,"date":"2025-04-10T17:02:12","date_gmt":"2025-04-10T17:02:12","guid":{"rendered":"https:\/\/www.europesays.com\/fr\/15459\/"},"modified":"2025-04-10T17:02:12","modified_gmt":"2025-04-10T17:02:12","slug":"la-pollution-des-particules-fines-et-dioxyde-dazote-divisee-par-deux-en-20-ans","status":"publish","type":"post","link":"https:\/\/www.europesays.com\/fr\/15459\/","title":{"rendered":"la pollution des particules fines et dioxyde d\u2019azote divis\u00e9e par deux en 20 ans"},"content":{"rendered":"<p>Selon l\u2019\u00e9tude d\u2019Airparif rendue publique ce mercredi, les \u00e9missions dans l\u2019air les plus polluantes en IDF ont \u00e9t\u00e9 divis\u00e9es par deux en l\u2019espace de 20 ans.<\/p>\n<p>L&rsquo;Observatoire ind\u00e9pendant <a title=\"Airparif\" href=\"https:\/\/www.airparif.fr\/\" target=\"_blank\" rel=\"noopener\">Airparif<\/a>, qui surveille et mesure la qualit\u00e9 de l\u2019air en Ile-de-France, vient de publier sa derni\u00e8re \u00e9tude dans laquelle il indique que <strong>la pollution de l&rsquo;air y a \u00e9t\u00e9 divis\u00e9e par deux entre 2005 et 2024<\/strong>, p\u00e9riode durant laquelle \u00ab\u00a0les concentrations des polluants de l\u2019air r\u00e9glement\u00e9s les plus nocifs pour la sant\u00e9 humaine, \u00e0 savoir <strong><a href=\"https:\/\/www.automobile-magazine.fr\/toute-l-actualite\/article\/46896-plus-que-celles-du-diesel-ces-particules-automobiles-quon-respire-et-qui-sont-bien-plus-nocives-quon-ne-le-croyait\" target=\"_blank\" rel=\"noopener\">les particules fines<\/a> (-55%) et le dioxyde d\u2019azote (-50%)<\/strong>, ont \u00e9t\u00e9 divis\u00e9es par deux.\u00a0\u00bb<\/p>\n<p>1\/3 de d\u00e9c\u00e8s en moins entre 2010 et 2019<\/p>\n<p>Cette baisse des polluants en Ile-de-France, continue Aiparif, aura \u00e9t\u00e9 rendue possible notamment \u00e0 la faveur d\u2019une \u00ab\u00a0combinaison de r\u00e9glementations et de politiques publiques europ\u00e9ennes, nationales et locales\u00a0\u00bb (faisant probablement aussi r\u00e9f\u00e9rence \u00e0 <a title=\"la mise en service des ZFE\" href=\"https:\/\/www.automobile-magazine.fr\/mobilite-verte\/article\/46800-zfe-la-liste-des-25-villes-qui-en-ont-une-en-france-en-2025\" target=\"_blank\" rel=\"noopener\">la mise en service des ZFE<\/a>), permettant ainsi un nombre de d\u00e9c\u00e8s pr\u00e9matur\u00e9s li\u00e9s \u00e0 la pollution de l\u2019air de \u00ab\u00a0baisser d\u2019un tiers entre 2010 et 2019\u00a0\u00bb. Cependant, les morts dus aux effets collat\u00e9raux de cette pollution dans l\u2019air a encore caus\u00e9 en 2019 <strong>\u00ab\u00a0une perte moyenne de l\u2019ordre de 10 mois d\u2019esp\u00e9rance de vie par adulte<\/strong>, et \u00e9tait responsable de 10 \u00e0 20% des nouveaux cas de maladies chroniques respiratoires.\u00a0\u00bb<\/p>\n<p> <img decoding=\"async\" src=\"https:\/\/www.europesays.com\/fr\/wp-content\/uploads\/2025\/04\/laurent-lepsch.webp.webp\" alt=\"Laurent Lepsch\" width=\"120\" height=\"120\" class=\"visu-auteur\" loading=\"lazy\"\/><\/p>\n<p class=\"short-txt\"> Journaliste automobile digital depuis de nombreuses ann\u00e9es, j\u2019ai aussi un go\u00fbt prononc\u00e9 pour les sports m\u00e9caniques.<\/p>\n<p> Notez cet article<\/p>\n<p> 4.5\/5 ( 6 votes)<\/p>\n<p>  Publi\u00e9 le  09\/04\/2025 \u00e0 13:05  <\/p>\n","protected":false},"excerpt":{"rendered":"Selon l\u2019\u00e9tude d\u2019Airparif rendue publique ce mercredi, les \u00e9missions dans l\u2019air les plus polluantes en IDF ont \u00e9t\u00e9&hellip;\n","protected":false},"author":2,"featured_media":15460,"comment_status":"","ping_status":"","sticky":false,"template":"","format":"standard","meta":{"footnotes":""},"categories":[1592],"tags":[1111,11,1777,674,1011,27,662,12,626,25,622],"class_list":{"0":"post-15459","1":"post","2":"type-post","3":"status-publish","4":"format-standard","5":"has-post-thumbnail","7":"category-ile-de-france","8":"tag-actu","9":"tag-actualites","10":"tag-eu","11":"tag-europe","12":"tag-fr","13":"tag-france","14":"tag-ile-de-france","15":"tag-news","16":"tag-paris","17":"tag-republique-francaise","18":"tag-toute-lu0027actualitu00e9"},"share_on_mastodon":{"url":"https:\/\/pubeurope.com\/@fr\/114314749195357409","error":""},"_links":{"self":[{"href":"https:\/\/www.europesays.com\/fr\/wp-json\/wp\/v2\/posts\/15459","targetHints":{"allow":["GET"]}}],"collection":[{"href":"https:\/\/www.europesays.com\/fr\/wp-json\/wp\/v2\/posts"}],"about":[{"href":"https:\/\/www.europesays.com\/fr\/wp-json\/wp\/v2\/types\/post"}],"author":[{"embeddable":true,"href":"https:\/\/www.europesays.com\/fr\/wp-json\/wp\/v2\/users\/2"}],"replies":[{"embeddable":true,"href":"https:\/\/www.europesays.com\/fr\/wp-json\/wp\/v2\/comments?post=15459"}],"version-history":[{"count":0,"href":"https:\/\/www.europesays.com\/fr\/wp-json\/wp\/v2\/posts\/15459\/revisions"}],"wp:featuredmedia":[{"embeddable":true,"href":"https:\/\/www.europesays.com\/fr\/wp-json\/wp\/v2\/media\/15460"}],"wp:attachment":[{"href":"https:\/\/www.europesays.com\/fr\/wp-json\/wp\/v2\/media?parent=15459"}],"wp:term":[{"taxonomy":"category","embeddable":true,"href":"https:\/\/www.europesays.com\/fr\/wp-json\/wp\/v2\/categories?post=15459"},{"taxonomy":"post_tag","embeddable":true,"href":"https:\/\/www.europesays.com\/fr\/wp-json\/wp\/v2\/tags?post=15459"}],"curies":[{"name":"wp","href":"https:\/\/api.w.org\/{rel}","templated":true}]}}