{"id":154599,"date":"2025-06-05T18:38:39","date_gmt":"2025-06-05T18:38:39","guid":{"rendered":"https:\/\/www.europesays.com\/fr\/154599\/"},"modified":"2025-06-05T18:38:39","modified_gmt":"2025-06-05T18:38:39","slug":"roubaix-dans-le-top-5-national-du-challenge-mai-a-velo","status":"publish","type":"post","link":"https:\/\/www.europesays.com\/fr\/154599\/","title":{"rendered":"Roubaix dans le Top 5 national du challenge Mai \u00e0 v\u00e9lo !"},"content":{"rendered":"<p class=\"introduction\">Gr\u00e2ce \u00e0 la mobilisation des cyclistes locaux, Roubaix d\u00e9croche la 5\u1d49 place nationale au challenge Mai \u00e0 v\u00e9lo \/ Geovelo 2025, dans la cat\u00e9gorie des collectivit\u00e9s de moins de 150 000 habitants.<\/p>\n<p data-start=\"911\" data-end=\"1223\">Un r\u00e9sultat impressionnant, port\u00e9 par une dynamique collective remarquable : <strong data-start=\"988\" data-end=\"1010\">128 144 kilom\u00e8tres<\/strong> ont \u00e9t\u00e9 parcourus \u00e0 v\u00e9lo sur notre territoire au mois de mai, soit <strong data-start=\"1078\" data-end=\"1105\">une progression de 73 %<\/strong> par rapport \u00e0 2024. Ce bel \u00e9lan permet \u00e0 Roubaix de <strong data-start=\"1158\" data-end=\"1181\">grimper d\u2019une place<\/strong> au classement par rapport \u00e0 l\u2019an dernier.<\/p>\n<p data-start=\"1225\" data-end=\"1572\"><strong data-start=\"1225\" data-end=\"1266\">Le challenge Mai \u00e0 v\u00e9lo, c\u2019est quoi ?<\/strong><br data-start=\"1266\" data-end=\"1269\"\/>Organis\u00e9 \u00e0 l\u2019\u00e9chelle nationale, ce d\u00e9fi amical invite collectivit\u00e9s, entreprises, \u00e9tablissements scolaires et associations \u00e0 enregistrer leurs kilom\u00e8tres parcourus \u00e0 v\u00e9lo via l\u2019application <strong data-start=\"1458\" data-end=\"1469\">Geovelo<\/strong>. L\u2019objectif : encourager la pratique du v\u00e9lo au quotidien, dans une ambiance conviviale et stimulante.<\/p>\n<p data-start=\"1574\" data-end=\"1725\">En participant massivement, les Roubaisiens d\u00e9montrent une nouvelle fois leur engagement en faveur de la transition \u00e9cologique et de la mobilit\u00e9 douce.<\/p>\n<p data-start=\"1727\" data-end=\"1953\"><strong data-start=\"1727\" data-end=\"1764\">Un grand bravo \u00e0 toutes et tous !<\/strong><br data-start=\"1764\" data-end=\"1767\"\/>Chaque trajet compte, et vous l\u2019avez prouv\u00e9 : pour aller au travail, \u00e0 l\u2019\u00e9cole, faire ses courses ou simplement se balader, le v\u00e9lo s\u2019impose de plus en plus comme une \u00e9vidence \u00e0 Roubaix.<\/p>\n<p data-start=\"1955\" data-end=\"2232\">\ud83d\udc49 <strong data-start=\"1958\" data-end=\"1978\">Le saviez-vous ?<\/strong><br data-start=\"1978\" data-end=\"1981\"\/>La Ville de Roubaix multiplie les actions pour favoriser la pratique du v\u00e9lo : am\u00e9nagements cyclables, parkings s\u00e9curis\u00e9s, ateliers de r\u00e9paration, animations de sensibilisation\u2026 Tous les d\u00e9tails dans le dernier num\u00e9ro de votre magazine <strong data-start=\"2217\" data-end=\"2230\">RoubaixXL<\/strong> !<\/p>\n<p data-start=\"2234\" data-end=\"2382\">\ud83d\udd17 D\u00e9couvrez le classement complet sur le site de Geovelo :<br data-start=\"2293\" data-end=\"2296\"\/><a class=\"cursor-pointer\" href=\"https:\/\/challenge-maiavelo.geovelo.fr\/classements\" target=\"_new\" rel=\"noopener\" data-start=\"2296\" data-end=\"2382\">R\u00e9sultats 2025 | Challenges Mai \u00e0 v\u00e9lo par Geovelo<\/a><\/p>\n","protected":false},"excerpt":{"rendered":"Gr\u00e2ce \u00e0 la mobilisation des cyclistes locaux, Roubaix d\u00e9croche la 5\u1d49 place nationale au challenge Mai \u00e0 v\u00e9lo&hellip;\n","protected":false},"author":2,"featured_media":154600,"comment_status":"","ping_status":"","sticky":false,"template":"","format":"standard","meta":{"footnotes":""},"categories":[2815],"tags":[1111,11,1777,674,1011,27,811,1307,28459,6314,12,25,208],"class_list":{"0":"post-154599","1":"post","2":"type-post","3":"status-publish","4":"format-standard","5":"has-post-thumbnail","7":"category-lille","8":"tag-actu","9":"tag-actualites","10":"tag-eu","11":"tag-europe","12":"tag-fr","13":"tag-france","14":"tag-hauts-de-france","15":"tag-lille","16":"tag-mai-a-velo","17":"tag-mobilites-douces","18":"tag-news","19":"tag-republique-francaise","20":"tag-velo"},"share_on_mastodon":{"url":"https:\/\/pubeurope.com\/@fr\/114632215968695860","error":""},"_links":{"self":[{"href":"https:\/\/www.europesays.com\/fr\/wp-json\/wp\/v2\/posts\/154599","targetHints":{"allow":["GET"]}}],"collection":[{"href":"https:\/\/www.europesays.com\/fr\/wp-json\/wp\/v2\/posts"}],"about":[{"href":"https:\/\/www.europesays.com\/fr\/wp-json\/wp\/v2\/types\/post"}],"author":[{"embeddable":true,"href":"https:\/\/www.europesays.com\/fr\/wp-json\/wp\/v2\/users\/2"}],"replies":[{"embeddable":true,"href":"https:\/\/www.europesays.com\/fr\/wp-json\/wp\/v2\/comments?post=154599"}],"version-history":[{"count":0,"href":"https:\/\/www.europesays.com\/fr\/wp-json\/wp\/v2\/posts\/154599\/revisions"}],"wp:featuredmedia":[{"embeddable":true,"href":"https:\/\/www.europesays.com\/fr\/wp-json\/wp\/v2\/media\/154600"}],"wp:attachment":[{"href":"https:\/\/www.europesays.com\/fr\/wp-json\/wp\/v2\/media?parent=154599"}],"wp:term":[{"taxonomy":"category","embeddable":true,"href":"https:\/\/www.europesays.com\/fr\/wp-json\/wp\/v2\/categories?post=154599"},{"taxonomy":"post_tag","embeddable":true,"href":"https:\/\/www.europesays.com\/fr\/wp-json\/wp\/v2\/tags?post=154599"}],"curies":[{"name":"wp","href":"https:\/\/api.w.org\/{rel}","templated":true}]}}