{"id":154605,"date":"2025-06-05T18:41:13","date_gmt":"2025-06-05T18:41:13","guid":{"rendered":"https:\/\/www.europesays.com\/fr\/154605\/"},"modified":"2025-06-05T18:41:13","modified_gmt":"2025-06-05T18:41:13","slug":"deux-nouveaux-conteneurs-de-composants-militaires-en-partance-pour-israel-bloques-par-les-dockers","status":"publish","type":"post","link":"https:\/\/www.europesays.com\/fr\/154605\/","title":{"rendered":"deux nouveaux conteneurs de composants militaires en partance pour Isra\u00ebl bloqu\u00e9s par les dockers"},"content":{"rendered":"<p>Il s\u2019agit du troisi\u00e8me conteneur destin\u00e9 \u00e0 Isra\u00ebl que les dockers du port Fos-Marseille refusent de charger apr\u00e8s celui d\u2019hier, rempli de pi\u00e8ces pour fusils-mitrailleurs.<\/p>\n<p class=\"fig-paragraph\">Apr\u00e8s avoir\u00a0<a href=\"https:\/\/www.lefigaro.fr\/marseille\/marseille-les-dockers-refusent-de-charger-des-composants-militaires-destines-a-israel-20250604?msockid=1f5ab7783a426ee5250da2873b336f6a\" target=\"_blank\" data-fig-type=\"NewsFlash\" rel=\"noopener\" data-gtm-custom-categorie=\"navigation\" data-gtm-custom-action=\"crossclick\" data-gtm-custom-label=\"Contextuel\" data-gtm-event=\"customEventSPE\" data-fig-domain=\"LEFIGARO\">refus\u00e9 mercredi de charger<\/a>\u00a0sur un navire \u00e0 destination d&rsquo;Isra\u00ebl un conteneur rempli de composants militaires, les dockers CGT du port de Marseille-Fos en ont bloqu\u00e9 deux autres jeudi, destin\u00e9s au m\u00eame navire, expliquant ne pas vouloir \u00ab\u00eatre complices de massacres\u00bb. \u00abAujourd&rsquo;hui (&#8230;), c&rsquo;est avec \u00e9c\u0153urement que nous avons d\u00e9couvert deux autres conteneurs qui devaient embarquer sur le Contship Era. Il s&rsquo;agit, d&rsquo;apr\u00e8s nos informations, de tubes de canons fabriqu\u00e9s par la soci\u00e9t\u00e9 Aubert et Duval \u00e0 Firminy\u00bb (Loire), a alert\u00e9 jeudi le syndicat CGT des dockers et personnels portuaires du Golfe de Fos (Bouches-du-Rh\u00f4ne) dans un communiqu\u00e9.<\/p>\n<p class=\"fig-paragraph\">Mercredi, les dockers de Marseille-Fos avaient d\u00e9j\u00e0 refus\u00e9 de charger \u00e0 bord de ce m\u00eame navire, en partance pour Ha\u00effa en Isra\u00ebl, des pi\u00e8ces pour fusils-mitrailleurs fabriqu\u00e9es par l&rsquo;entreprise marseillaise Eurolinks, afin de ne pas \u00abparticiper au g\u00e9nocide en cours orchestr\u00e9 par le gouvernement isra\u00e9lien\u00bb. \u00abLe port de Fos (&#8230;) ne doit pas servir \u00e0 exp\u00e9dier des munitions ou des armes pour n&rsquo;importe quelle guerre que ce soit. Les travailleurs du port de Fos ne veulent pas \u00eatre complices de massacres, de pertes de vies humaines\u00bb, \u00e9crit le syndicat ce jeudi. Une action \u00e0 laquelle la F\u00e9d\u00e9ration CGT des services publics a apport\u00e9 son \u00abtotal soutien\u00bb, annon\u00e7ant que \u00ables dockers italiens du port de G\u00eanes ont d\u00e9cid\u00e9 de prendre le relais des dockers fran\u00e7ais\u00bb.<\/p>\n<p class=\"fig-paragraph\">Sur sa page Facebook, un groupe de dockers g\u00e9nois, \u00abconvaincus que la lutte contre le trafic d&rsquo;armes dans les ports passe par l&rsquo;action\u00bb, a en effet annonc\u00e9 qu&rsquo;il bloquerait l&rsquo;activit\u00e9 du port italien vendredi \u00e0 15h00. \u00c0 Marseille jeudi soir, une manifestation en soutien des dockers a r\u00e9uni une centaine de personnes. Selon la CGT, le conteneur bloqu\u00e9 mercredi contenait 19 palettes de maillons, ces petites pi\u00e8ces m\u00e9talliques permettant aux fusils-mitrailleurs de tirer en rafale. L&rsquo;exportation de ces maillons avait \u00e9t\u00e9 \u00e9voqu\u00e9e d\u00e8s mars 2024 par Disclose et Marsactu, selon qui ils seraient \u00absusceptibles d&rsquo;\u00eatre utilis\u00e9s contre des civils dans la bande de Gaza\u00bb.<\/p>\n<p>La soci\u00e9t\u00e9 Aubert et Duval se d\u00e9fend<\/p>\n<p class=\"fig-paragraph\">R\u00e9agissant \u00e0 ces affirmations, le ministre fran\u00e7ais des Arm\u00e9es S\u00e9bastien Lecornu avait affirm\u00e9 \u00e0 l&rsquo;\u00e9poque que ces pi\u00e8ces pouvaient seulement \u00eatre \u00abr\u00e9export\u00e9es\u00bb par Isra\u00ebl. Le minist\u00e8re des Arm\u00e9es a confirm\u00e9 jeudi que leur licence pr\u00e9voit effectivement qu&rsquo;elles soient r\u00e9export\u00e9es en totalit\u00e9 vers la France et d&rsquo;autres pays partenaires. Pour les tubes de canons de la soci\u00e9t\u00e9 Aubert et Duval, il s&rsquo;agit, selon une source proche du dossier, \u00abd&rsquo;une licence de r\u00e9exportation vers des pays europ\u00e9ens\u00bb.<\/p>\n<p class=\"fig-paragraph\">\u00abAubert &amp; Duval vend des tubes en acier \u00e0 Elbit Systems qui les transforme. La licence d&rsquo;exportation de mat\u00e9riel de guerre accord\u00e9e par l&rsquo;\u00c9tat fran\u00e7ais \u00e0 Aubert &amp; Duval pr\u00e9voit explicitement que le produit final (&#8230;) soit r\u00e9export\u00e9 \u00e0 des forces arm\u00e9es qui ne sont pas celles d&rsquo;Isra\u00ebl. Aubert &amp; Duval ne vend donc aucun mat\u00e9riel militaire destin\u00e9 aux forces arm\u00e9es isra\u00e9liennes\u00bb, a r\u00e9agi l&rsquo;entreprise aupr\u00e8s de l&rsquo;AFP. Contact\u00e9 par l&rsquo;AFP, Eurolinks n&rsquo;a pas donn\u00e9 suite.<\/p>\n<p class=\"fig-paragraph\">Soutenant le mouvement des dockers marseillais, la secr\u00e9taire g\u00e9n\u00e9rale de la CGT Sophie Binet a appel\u00e9 jeudi le gouvernement \u00e0 \u00abbloquer imm\u00e9diatement toute livraison d&rsquo;armes en direction de l&rsquo;\u00c9tat d&rsquo;Isra\u00ebl\u00bb. \u00abSi la France continue \u00e0 autoriser la livraison de mat\u00e9riel de guerre \u00e0 Isra\u00ebl, elle alimente ce g\u00e9nocide\u00bb, a \u00e9galement r\u00e9agi dans un communiqu\u00e9 Anne Savinel-Barras, pr\u00e9sidente d&rsquo;Amnesty International France. Le blocage du premier conteneur mercredi avait \u00e9t\u00e9 salu\u00e9 par plusieurs responsables politiques de gauche, notamment le premier secr\u00e9taire du parti socialiste, Olivier Faure, pour qui \u00abl&rsquo;humanisme n&rsquo;est pas \u00e0 vendre\u00bb, ou encore le leader Insoumis Jean-Luc M\u00e9lenchon, qui a r\u00e9clam\u00e9 un \u00abembargo maintenant sur les armes du g\u00e9nocide\u00bb.<\/p>\n","protected":false},"excerpt":{"rendered":"Il s\u2019agit du troisi\u00e8me conteneur destin\u00e9 \u00e0 Isra\u00ebl que les dockers du port Fos-Marseille refusent de charger apr\u00e8s&hellip;\n","protected":false},"author":2,"featured_media":154606,"comment_status":"","ping_status":"","sticky":false,"template":"","format":"standard","meta":{"footnotes":""},"categories":[2814],"tags":[1111,11,885,1182,1180,1181,1777,674,1011,27,664,1184,1185,884,13264,12,1177,1176,149,1186,882,25,1178,1183,1179],"class_list":{"0":"post-154605","1":"post","2":"type-post","3":"status-publish","4":"format-standard","5":"has-post-thumbnail","7":"category-marseille","8":"tag-actu","9":"tag-actualites","10":"tag-bouches-du-rhone","11":"tag-calanques","12":"tag-canebiere","13":"tag-cite-phoceenne","14":"tag-eu","15":"tag-europe","16":"tag-fr","17":"tag-france","18":"tag-israel","19":"tag-la-timone","20":"tag-les-baumettes-mediterranee","21":"tag-marseille","22":"tag-militaires","23":"tag-news","24":"tag-notre-dame-de-la-garde","25":"tag-olympique-de-marseille","26":"tag-om","27":"tag-provence","28":"tag-provence-alpes-cote-dazur","29":"tag-republique-francaise","30":"tag-saint-charles","31":"tag-sormiou","32":"tag-vieux-port"},"share_on_mastodon":{"url":"https:\/\/pubeurope.com\/@fr\/114632227798168482","error":""},"_links":{"self":[{"href":"https:\/\/www.europesays.com\/fr\/wp-json\/wp\/v2\/posts\/154605","targetHints":{"allow":["GET"]}}],"collection":[{"href":"https:\/\/www.europesays.com\/fr\/wp-json\/wp\/v2\/posts"}],"about":[{"href":"https:\/\/www.europesays.com\/fr\/wp-json\/wp\/v2\/types\/post"}],"author":[{"embeddable":true,"href":"https:\/\/www.europesays.com\/fr\/wp-json\/wp\/v2\/users\/2"}],"replies":[{"embeddable":true,"href":"https:\/\/www.europesays.com\/fr\/wp-json\/wp\/v2\/comments?post=154605"}],"version-history":[{"count":0,"href":"https:\/\/www.europesays.com\/fr\/wp-json\/wp\/v2\/posts\/154605\/revisions"}],"wp:featuredmedia":[{"embeddable":true,"href":"https:\/\/www.europesays.com\/fr\/wp-json\/wp\/v2\/media\/154606"}],"wp:attachment":[{"href":"https:\/\/www.europesays.com\/fr\/wp-json\/wp\/v2\/media?parent=154605"}],"wp:term":[{"taxonomy":"category","embeddable":true,"href":"https:\/\/www.europesays.com\/fr\/wp-json\/wp\/v2\/categories?post=154605"},{"taxonomy":"post_tag","embeddable":true,"href":"https:\/\/www.europesays.com\/fr\/wp-json\/wp\/v2\/tags?post=154605"}],"curies":[{"name":"wp","href":"https:\/\/api.w.org\/{rel}","templated":true}]}}