{"id":154607,"date":"2025-06-05T18:42:09","date_gmt":"2025-06-05T18:42:09","guid":{"rendered":"https:\/\/www.europesays.com\/fr\/154607\/"},"modified":"2025-06-05T18:42:09","modified_gmt":"2025-06-05T18:42:09","slug":"pres-de-200-controles-dans-le-7e-arrondissement","status":"publish","type":"post","link":"https:\/\/www.europesays.com\/fr\/154607\/","title":{"rendered":"pr\u00e8s de 200 contr\u00f4les dans le 7e arrondissement"},"content":{"rendered":"<p>Pr\u00e8s de 200 personnes ont \u00e9t\u00e9 contr\u00f4l\u00e9es sur le terrain et 683 dans les transports, mobilisant 146 policiers nationaux, 14 agents de la police municipale, 24 agents de la RATP ainsi que des agents de la protection des populations.<\/p>\n<p>L\u2019op\u00e9ration a permis 12 <a href=\"https:\/\/www.leprogres.fr\/faits-divers-justice\/2025\/05\/25\/venissieux-des-policiers-caillasses-l-interpellation-filmee-d-un-suspect-declenche-une-polemique\" target=\"_blank\" rel=\"nofollow noopener\">interpellations<\/a> dont 5 gardes \u00e0 vue (notamment pour usage et recel de stup\u00e9fiants), la mise \u00e0 disposition de 5 \u00e9trangers en situation irr\u00e9guli\u00e8re, 74 infractions relev\u00e9es (tapages, d\u00e9lits routiers, transports en commun\u2026), 8 amendes pour d\u00e9tention de stup\u00e9fiants ou infractions routi\u00e8res et le contr\u00f4le de 4 commerces.<\/p>\n<p>La pr\u00e9f\u00e8te du Rh\u00f4ne, Fabienne Buccio, a salu\u00e9 l\u2019engagement des services mobilis\u00e9s au service de la s\u00e9curit\u00e9 des Lyonnais.<\/p>\n","protected":false},"excerpt":{"rendered":"Pr\u00e8s de 200 personnes ont \u00e9t\u00e9 contr\u00f4l\u00e9es sur le terrain et 683 dans les transports, mobilisant 146 policiers&hellip;\n","protected":false},"author":2,"featured_media":154608,"comment_status":"","ping_status":"","sticky":false,"template":"","format":"standard","meta":{"footnotes":""},"categories":[1889],"tags":[1111,11,2430,2757,1777,674,274,1011,27,2428,2756,12,25,2429],"class_list":{"0":"post-154607","1":"post","2":"type-post","3":"status-publish","4":"format-standard","5":"has-post-thumbnail","7":"category-lyon","8":"tag-actu","9":"tag-actualites","10":"tag-auvergne-rhone-alpes","11":"tag-edition-lyon-villeurbanne","12":"tag-eu","13":"tag-europe","14":"tag-faits-divers-justice","15":"tag-fr","16":"tag-france","17":"tag-lyon","18":"tag-lyon-bassin","19":"tag-news","20":"tag-republique-francaise","21":"tag-rhone"},"share_on_mastodon":{"url":"https:\/\/pubeurope.com\/@fr\/114632231757272752","error":""},"_links":{"self":[{"href":"https:\/\/www.europesays.com\/fr\/wp-json\/wp\/v2\/posts\/154607","targetHints":{"allow":["GET"]}}],"collection":[{"href":"https:\/\/www.europesays.com\/fr\/wp-json\/wp\/v2\/posts"}],"about":[{"href":"https:\/\/www.europesays.com\/fr\/wp-json\/wp\/v2\/types\/post"}],"author":[{"embeddable":true,"href":"https:\/\/www.europesays.com\/fr\/wp-json\/wp\/v2\/users\/2"}],"replies":[{"embeddable":true,"href":"https:\/\/www.europesays.com\/fr\/wp-json\/wp\/v2\/comments?post=154607"}],"version-history":[{"count":0,"href":"https:\/\/www.europesays.com\/fr\/wp-json\/wp\/v2\/posts\/154607\/revisions"}],"wp:featuredmedia":[{"embeddable":true,"href":"https:\/\/www.europesays.com\/fr\/wp-json\/wp\/v2\/media\/154608"}],"wp:attachment":[{"href":"https:\/\/www.europesays.com\/fr\/wp-json\/wp\/v2\/media?parent=154607"}],"wp:term":[{"taxonomy":"category","embeddable":true,"href":"https:\/\/www.europesays.com\/fr\/wp-json\/wp\/v2\/categories?post=154607"},{"taxonomy":"post_tag","embeddable":true,"href":"https:\/\/www.europesays.com\/fr\/wp-json\/wp\/v2\/tags?post=154607"}],"curies":[{"name":"wp","href":"https:\/\/api.w.org\/{rel}","templated":true}]}}