{"id":15461,"date":"2025-04-10T17:03:14","date_gmt":"2025-04-10T17:03:14","guid":{"rendered":"https:\/\/www.europesays.com\/fr\/15461\/"},"modified":"2025-04-10T17:03:14","modified_gmt":"2025-04-10T17:03:14","slug":"55-millions-deuros-saisis-sur-les-comptes-du-club","status":"publish","type":"post","link":"https:\/\/www.europesays.com\/fr\/15461\/","title":{"rendered":"55 millions d&rsquo;euros saisis sur les comptes du club"},"content":{"rendered":"<p>            Par<br \/>\n        <strong><br \/>\n            <a href=\"https:\/\/actu.fr\/auteur\/sarah-coulet\" title=\"Consulter tous les articles de Sarah Coulet\" rel=\"nofollow noopener\" target=\"_blank\">Sarah Coulet<\/a><br \/>\n        <\/strong><\/p>\n<p>        Publi\u00e9 le<\/p>\n<p>            10 avr. 2025 \u00e0 17h12        <\/p>\n<p>Nouveau rebondissement dans l\u2019affaire qui oppose <a href=\"https:\/\/actu.fr\/tag\/kylian-mbappe\" rel=\"nofollow noopener\" target=\"_blank\">Kylian MBapp\u00e9<\/a> et son ancien club. L\u2019attaquant fran\u00e7ais a fait saisir par le tribunal judiciaire de Paris et \u00e0 titre \u00ab\u2009conservatoire\u2009\u00bb les comptes bancaires du <a href=\"https:\/\/actu.fr\/tag\/paris-saint-germain-psg\" rel=\"nofollow noopener\" target=\"_blank\">PSG<\/a> \u00e0 hauteur de <strong>55\u00a0millions d\u2019euros<\/strong>, soit les salaires et primes impay\u00e9s qu\u2019il demande au club, ont annonc\u00e9 ce jeudi 10\u00a0avril 2025 les avocats du joueur.<\/p>\n<p>Saisie conservatoire et d\u00e9p\u00f4t de plainte<\/p>\n<p class=\" wall-content\">La veille, mercredi 9\u00a0avril 2025, le juge de l\u2019ex\u00e9cution du tribunal a autoris\u00e9 que soit pratiqu\u00e9e une saisie conservatoire des comptes du club, qui a aussi d\u00e9pos\u00e9<strong> plainte contre X<\/strong> pour \u00ab\u2009injures publiques\u2009\u00bb.<\/p>\n<p class=\" wall-content\">Les d\u00e9m\u00eal\u00e9s juridiques entre le joueur du <strong>Real Madrid<\/strong> et le club de Paris remontent au d\u00e9but de l\u2019\u00e9t\u00e9 2024. \u00c0 peine avait-il quitt\u00e9 le <a href=\"https:\/\/actu.fr\/tag\/parc-des-princes\" rel=\"nofollow noopener\" target=\"_blank\">Parc des Princes<\/a> que l\u2019attaquant avait mis en demeure le PSG. La raison\u2009? Le versement d\u2019une somme de 55\u00a0millions d\u2019euros qui comprend l\u2019ultime tiers d\u2019une prime \u00e0 la signature (36\u00a0millions d\u2019euros bruts) que le joueur \u00e9tait cens\u00e9 toucher en f\u00e9vrier, les trois derniers mois de salaire pr\u00e9vus dans son contrat (avril, mai, juin), ainsi qu\u2019une prime d\u2019\u00e9thique pendant ces trois mois.<\/p>\n<p class=\" wall-content\">Apr\u00e8s avoir demand\u00e9 une conciliation \u00e0 la Ligue de Football Professionnel (LFP) et face au refus du club de lui verser la somme, le <strong>capitaine des Bleus<\/strong> avait finalement saisi la justice. Un conflit qui va probablement se r\u00e9gler devant le conseil des prud\u2019hommes.<\/p>\n<p class=\" wall-content\">Avec AFP.<\/p>\n<p>Vid\u00e9os : en ce moment sur Actu<\/p>\n<p class=\" wall-content\">Suivez toute l\u2019actualit\u00e9 de vos villes et m\u00e9dias favoris en vous inscrivant \u00e0 <a href=\"https:\/\/moncompte.actu.fr\" title=\"D\u00e9couvez Mon Actu\" rel=\"nofollow noopener\" data-trk=\"{&quot;cta&quot;:{&quot;action&quot;:&quot;https:\\\/\\\/moncompte.actu.fr&quot;,&quot;category&quot;:&quot;mon compte&quot;,&quot;from&quot;:&quot;article footer&quot;,&quot;name&quot;:&quot;Mon actu&quot;,&quot;type&quot;:&quot;cta&quot;}}\" target=\"_blank\">Mon Actu<\/a>.<\/p>\n<ul class=\"ac-article-tag wall-content\">\n<li><a href=\"https:\/\/actu.fr\/tag\/kylian-mbappe\" data-trk=\"{&quot;cta&quot;:{&quot;action&quot;:&quot;Kylian MBapp\\u00e9&quot;,&quot;category&quot;:&quot;tag&quot;,&quot;from&quot;:&quot;article footer&quot;,&quot;name&quot;:&quot;Kylian MBapp\\u00e9&quot;,&quot;type&quot;:&quot;cta&quot;}}\" rel=\"nofollow noopener\" target=\"_blank\">#Kylian MBapp\u00e9<\/a><\/li>\n<li><a href=\"https:\/\/actu.fr\/tag\/paris-saint-germain-psg\" data-trk=\"{&quot;cta&quot;:{&quot;action&quot;:&quot;Paris Saint Germain (PSG)&quot;,&quot;category&quot;:&quot;tag&quot;,&quot;from&quot;:&quot;article footer&quot;,&quot;name&quot;:&quot;Paris Saint Germain (PSG)&quot;,&quot;type&quot;:&quot;cta&quot;}}\" rel=\"nofollow noopener\" target=\"_blank\">#Paris Saint Germain (PSG)<\/a><\/li>\n<\/ul>\n","protected":false},"excerpt":{"rendered":"Par Sarah Coulet Publi\u00e9 le 10 avr. 2025 \u00e0 17h12 Nouveau rebondissement dans l\u2019affaire qui oppose Kylian MBapp\u00e9&hellip;\n","protected":false},"author":2,"featured_media":15462,"comment_status":"","ping_status":"","sticky":false,"template":"","format":"standard","meta":{"footnotes":""},"categories":[1888],"tags":[1111,1928,11,1927,1777,674,63,1011,27,6477,12,1926,626,1925,2332,25,60],"class_list":{"0":"post-15461","1":"post","2":"type-post","3":"status-publish","4":"format-standard","5":"has-post-thumbnail","7":"category-paris","8":"tag-actu","9":"tag-actu-paris","10":"tag-actualites","11":"tag-actualites-paris","12":"tag-eu","13":"tag-europe","14":"tag-football","15":"tag-fr","16":"tag-france","17":"tag-kylian-mbappe","18":"tag-news","19":"tag-news-paris","20":"tag-paris","21":"tag-paris-news","22":"tag-paris-saint-germain-psg","23":"tag-republique-francaise","24":"tag-sports"},"share_on_mastodon":{"url":"https:\/\/pubeurope.com\/@fr\/114314753053760713","error":""},"_links":{"self":[{"href":"https:\/\/www.europesays.com\/fr\/wp-json\/wp\/v2\/posts\/15461","targetHints":{"allow":["GET"]}}],"collection":[{"href":"https:\/\/www.europesays.com\/fr\/wp-json\/wp\/v2\/posts"}],"about":[{"href":"https:\/\/www.europesays.com\/fr\/wp-json\/wp\/v2\/types\/post"}],"author":[{"embeddable":true,"href":"https:\/\/www.europesays.com\/fr\/wp-json\/wp\/v2\/users\/2"}],"replies":[{"embeddable":true,"href":"https:\/\/www.europesays.com\/fr\/wp-json\/wp\/v2\/comments?post=15461"}],"version-history":[{"count":0,"href":"https:\/\/www.europesays.com\/fr\/wp-json\/wp\/v2\/posts\/15461\/revisions"}],"wp:featuredmedia":[{"embeddable":true,"href":"https:\/\/www.europesays.com\/fr\/wp-json\/wp\/v2\/media\/15462"}],"wp:attachment":[{"href":"https:\/\/www.europesays.com\/fr\/wp-json\/wp\/v2\/media?parent=15461"}],"wp:term":[{"taxonomy":"category","embeddable":true,"href":"https:\/\/www.europesays.com\/fr\/wp-json\/wp\/v2\/categories?post=15461"},{"taxonomy":"post_tag","embeddable":true,"href":"https:\/\/www.europesays.com\/fr\/wp-json\/wp\/v2\/tags?post=15461"}],"curies":[{"name":"wp","href":"https:\/\/api.w.org\/{rel}","templated":true}]}}