{"id":154611,"date":"2025-06-05T18:44:10","date_gmt":"2025-06-05T18:44:10","guid":{"rendered":"https:\/\/www.europesays.com\/fr\/154611\/"},"modified":"2025-06-05T18:44:10","modified_gmt":"2025-06-05T18:44:10","slug":"lile-de-france-peut-mieux-faire-face-a-lurgence-climatique-evasion","status":"publish","type":"post","link":"https:\/\/www.europesays.com\/fr\/154611\/","title":{"rendered":"L&#039;\u00cele-de-France peut mieux faire face \u00e0 l&#039;urgence climatique &#8211; EVASION"},"content":{"rendered":"<ol>\n<li><a href=\"https:\/\/news.google.com\/rss\/articles\/CBMijwFBVV95cUxQcFFIdW84LXJDOHhCWkcxcVktZkNzNmZGcWQyOG1hcnRVVzREcVFjZGJNSUpGSS05b2VITFo4bW50OXNmTm4zQ0oteFNXRVhrS05kdXZOYkdtajBES05xWlFnOXdpdmJCNkdyM0xMeHMyejhaUmp0WnVleFpzVHM3ajhMWVdEWm0wOWROV0IxVQ?oc=5\" target=\"_blank\" rel=\"noopener\">L&rsquo;\u00cele-de-France peut mieux faire face \u00e0 l&rsquo;urgence climatique<\/a>&nbsp;&nbsp;EVASION<\/li>\n<li><a href=\"https:\/\/news.google.com\/rss\/articles\/CBMigwJBVV95cUxPVEJnbGxuSzBuTGoxeHdnNkt3ZnVRdXJjNHVzOGdzUUw2djRUNGRHR19aQ0ZhY1Nmc3dhUzVYak5ESlNXMkZKTDRnamVTbGNNRGkyWkY3UzJaOVBWaWxMOUNoQ3ZFXy00Yk1SNmdXZDR4eDlvdUU0MFRTRW9GbTY2RUF5YVVFMEtCdE4zcngzdFhiQjRLQ0U4Tnc0ZndHUjEzWUd5WTkwaTZvbW1DQ25UaVRfb3hqR1k1YWZmaTM2Q2Qtdnp4XzVabFRSeTFobzY1ejBRbkpLSUdpNWpTRHFiSi1Fb1JTaFVOQVoyVWhXMDA0SnNiSmlfdFp0WThiU3VIdVRn?oc=5\" target=\"_blank\" rel=\"noopener\">Salon des maires d&rsquo;Ile-de-France : \u00eatre maire est \u00ab\u00a0de plus en plus dur\u00a0\u00bb selon St\u00e9phane Beaudet, le pr\u00e9sident de l&rsquo;AMIF<\/a>&nbsp;&nbsp;francebleu.fr<\/li>\n<li><a href=\"https:\/\/news.google.com\/rss\/articles\/CBMi2gJBVV95cUxNekQybmVVQmdjUTg3Q0NHazNEdHVBd1JKUk15R2R3MEExanJlU3Fnc1ZtdE5WQm93dmdBWmZ4VkVEVk5wZWMyZFQ3R2NtQ200V3hQN1dpNTVuSEFic1RuRU91S0VOdjBTbXp6R3lEOEprU1JTN2NScWFXUEdIdkw0Y2w5SEdSbkd4aGZpM1BjS0xiZGl3MWwxV2swQmtLU1lsWkRDb3BDM0k4eXdwYzdBX01waFFMeGVfZ1hvLXpLMmJWQ01RRVVJZVFndjNSRHpnMUpkTEFCLUFBdkJWNmxCVGlZWUpjcHB1QUFXc1Q1MVNVSXdjTjJWYlM5VmNhUlhLNUJwckZvOHI0WkozekRCaDU0QXhiN3h3WXFhSFg4eGN0NWY3dzY5M2MxeXlZcWZObDhOODhLd0xUa2E3VDI0d2s2LWNkTG1lbkVON1BSLUdhZDZPUWhVNnNR?oc=5\" target=\"_blank\" rel=\"noopener\">29e \u00e9dition du salon de l\u2019AMIF : la transition \u00e9cologique au c\u0153ur des d\u00e9bats<\/a>&nbsp;&nbsp;Prefectures-regions.gouv.fr<\/li>\n<li><a href=\"https:\/\/news.google.com\/rss\/articles\/CBMi8AFBVV95cUxQbzdRc3E4Q1paV0otbmh3RDR5R2puTjQwakdPekd0bThZM0FISzFiOXFSbkxIXzE4cVhYM0pES0tYb1BxVHdfdzU0MUM0M1FlLUJlMkMxWVBJNEFyaEJEeU8xdXJjUnljQkFSM0kwc1F3SXcyak1kaUtza1NzQ3EyRzZVMlFZWHpTMkNDbVBST0hUaXdzT0VaTGJWYTlER2ZlV2djOVBld3NTeGhhZ201Zm9FdVBka0JzcUhlU0ZxSERoeXpoejUxUHJLR1dPNm0xSzNXLWNDc3V6NGpBNlQ0elFTRkdyTERVVTd6MkxoV3nSAfYBQVVfeXFMTjlaenQ5UXVsOUt4d2w0QXA3eFdZc21aTmxLcXZLaHdLaVRyNndlUGZEbURQVGRqYV9FcG9Ebk45bDI3eDh3am5OT213WUNpRXROelBSeGsxMUJreVR2TTA5TTZ5ME9FZU95T01HMF9nQkRiS3hYeEVCR1cwVVh3UGszSkQzeVE0ejF1UWJSREhhbEVWM2J6V0s1SXROalZWZlpCTm5xSDhZY0drcXN1aGFMdHVKRFB0U0xPb0JWWDVfZ2IxODktenBfTk05dUR0T3Vfa0djY05rRVdMMmJuNkwydk5SUkszejRlRmRUNWhWX2tvTkl3?oc=5\" target=\"_blank\" rel=\"noopener\">De Raizeux \u00e0 Trappes, cinq communes d\u2019\u00cele-de-France exemplaires en sant\u00e9 et environnement et r\u00e9compens\u00e9es au salon de l\u2019Amif<\/a>&nbsp;&nbsp;Le journal du Grand Paris<\/li>\n<li><a href=\"https:\/\/news.google.com\/rss\/articles\/CBMiwgFBVV95cUxQQVpGU0haTDJTVHd4N3U0TzZmZGgzd2gzUmZsVUxmV3BNMkswd095S0RMYUNTWlNMRE5tdmVrYXZLZW40OUxUZ0RTZ3J0dGpIbUxSd0ZCNkVjaXFMSnlreHR4elJIQnl3SDlFZV9CV0xQai1CTnB5dFE2cF9qN243QmlxcW93bFh0dWJUZDFGMW0zcHN1NlVJR0xsdFd3Snl4dk9wMzFQdVBqT0RHd2FTYmNtbDZkbnctZUctWlZ6NDRkQQ?oc=5\" target=\"_blank\" rel=\"noopener\">D\u00e9tail<\/a>&nbsp;&nbsp;SIAAP<\/li>\n<\/ol>\n","protected":false},"excerpt":{"rendered":"L&rsquo;\u00cele-de-France peut mieux faire face \u00e0 l&rsquo;urgence climatique&nbsp;&nbsp;EVASION Salon des maires d&rsquo;Ile-de-France : \u00eatre maire est \u00ab\u00a0de plus&hellip;\n","protected":false},"author":2,"featured_media":154612,"comment_status":"","ping_status":"","sticky":false,"template":"","format":"standard","meta":{"footnotes":""},"categories":[1592],"tags":[1111,11,1933,1936,1777,1939,674,1011,27,662,1934,12,1940,626,1935,25,1937,1941,1938],"class_list":{"0":"post-154611","1":"post","2":"type-post","3":"status-publish","4":"format-standard","5":"has-post-thumbnail","7":"category-ile-de-france","8":"tag-actu","9":"tag-actualites","10":"tag-actualites-locales","11":"tag-essonne","12":"tag-eu","13":"tag-eure-et-loir","14":"tag-europe","15":"tag-fr","16":"tag-france","17":"tag-ile-de-france","18":"tag-infos-locales","19":"tag-news","20":"tag-oise","21":"tag-paris","22":"tag-pres-de-chez-vous","23":"tag-republique-francaise","24":"tag-seine-et-marne","25":"tag-somme","26":"tag-yvelines"},"share_on_mastodon":{"url":"https:\/\/pubeurope.com\/@fr\/114632239615977042","error":""},"_links":{"self":[{"href":"https:\/\/www.europesays.com\/fr\/wp-json\/wp\/v2\/posts\/154611","targetHints":{"allow":["GET"]}}],"collection":[{"href":"https:\/\/www.europesays.com\/fr\/wp-json\/wp\/v2\/posts"}],"about":[{"href":"https:\/\/www.europesays.com\/fr\/wp-json\/wp\/v2\/types\/post"}],"author":[{"embeddable":true,"href":"https:\/\/www.europesays.com\/fr\/wp-json\/wp\/v2\/users\/2"}],"replies":[{"embeddable":true,"href":"https:\/\/www.europesays.com\/fr\/wp-json\/wp\/v2\/comments?post=154611"}],"version-history":[{"count":0,"href":"https:\/\/www.europesays.com\/fr\/wp-json\/wp\/v2\/posts\/154611\/revisions"}],"wp:featuredmedia":[{"embeddable":true,"href":"https:\/\/www.europesays.com\/fr\/wp-json\/wp\/v2\/media\/154612"}],"wp:attachment":[{"href":"https:\/\/www.europesays.com\/fr\/wp-json\/wp\/v2\/media?parent=154611"}],"wp:term":[{"taxonomy":"category","embeddable":true,"href":"https:\/\/www.europesays.com\/fr\/wp-json\/wp\/v2\/categories?post=154611"},{"taxonomy":"post_tag","embeddable":true,"href":"https:\/\/www.europesays.com\/fr\/wp-json\/wp\/v2\/tags?post=154611"}],"curies":[{"name":"wp","href":"https:\/\/api.w.org\/{rel}","templated":true}]}}