{"id":154613,"date":"2025-06-05T18:45:13","date_gmt":"2025-06-05T18:45:13","guid":{"rendered":"https:\/\/www.europesays.com\/fr\/154613\/"},"modified":"2025-06-05T18:45:13","modified_gmt":"2025-06-05T18:45:13","slug":"leon-xiv-exhorte-les-pretres-dile-de-france-a-un-amour-genereux","status":"publish","type":"post","link":"https:\/\/www.europesays.com\/fr\/154613\/","title":{"rendered":"L\u00e9on XIV exhorte les pr\u00eatres d&rsquo;\u00cele-de-France \u00ab\u00e0 un amour g\u00e9n\u00e9reux\u00bb"},"content":{"rendered":"<p>Nouvelle attention du Souverain pontife \u00e0 l&rsquo;\u00c9glise de France. Apr\u00e8s avoir encourag\u00e9 ses \u00e9v\u00eaques \u00e0 r\u00e9veiller l&rsquo;esp\u00e9rance et l&rsquo;\u00e9lan missionnaire sur leur terre dans une lettre fin mai, le Pape encourage ce jeudi les pr\u00eatres de la r\u00e9gion de Paris \u00e0 cultiver la fraternit\u00e9 et l&rsquo;unit\u00e9. L\u00e9on XIV leur reconnait \u00abdes conditions eccl\u00e9siales et sociales difficiles\u00bb d&rsquo;exercice du minist\u00e8re sacerdotal en \u00cele-de-France.<\/p>\n<p><b>Delphine Allaire &#8211; Cit\u00e9 du Vatican<\/b><\/p>\n<p>\u00c0 l\u2019occasion de leur Jubil\u00e9 des pr\u00eatres, les \u00e9v\u00eaques et pr\u00eatres de la Province eccl\u00e9siastique de Paris en France ont re\u00e7u un message du Pape L\u00e9on XIV ce jeudi 5 juin durant leur messe \u00e0 Notre-Dame de Paris. Les saluant fraternellement, le Souverain pontife y a \u00e9galement fait mention du 60e\u00a0anniversaire de la Constitution\u00a0Presbyterorum ordinis\u00a0sur laquelle les pr\u00eatres des huit dioc\u00e8ses franciliens ont r\u00e9fl\u00e9chi en cette journ\u00e9e jubilaire.<\/p>\n<p>\u00abJe suis heureux de pouvoir vous manifester ma paternelle affection et de vous transmettre mes meilleurs encouragements pour la poursuite de votre minist\u00e8re au service du Peuple de Dieu qui vous est confi\u00e9\u00bb, leur a assur\u00e9 L\u00e9on XIV dans ce message lu par l\u2019\u00e9v\u00eaque de Cr\u00e9teil, Mgr Dominique Blanchet, r\u00e9cemment nomm\u00e9 par L\u00e9on XIV pr\u00e9lat de la Mission de France.\u00a0<\/p>\n<p>Le Pape s\u2019est ainsi dit conscient des conditions eccl\u00e9siales et sociales difficiles \u2013et bien souvent \u00e9prouvantes\u2013 que tous traversent. Il les a invit\u00e9s \u00e0 enraciner leur vie et leur minist\u00e8re dans un amour toujours plus fort, personnel et authentique de J\u00e9sus, de m\u00eame que \u00abdans un amour g\u00e9n\u00e9reux et sans r\u00e9serve pour vos Communaut\u00e9s, un amour empreint de proximit\u00e9, de compassion, de douceur, d\u2019humilit\u00e9 et de simplicit\u00e9\u00bb, comme l\u2019a si souvent rappel\u00e9 le regrett\u00e9 Pape Fran\u00e7ois, a pr\u00e9cis\u00e9 L\u00e9on XIV.<\/p>\n<p><b>Cultiver fraternit\u00e9 sacerdotale et lien de charit\u00e9 avec les \u00e9v\u00eaques<\/b> <\/p>\n<p>\u00abDe cette mani\u00e8re, vous serez cr\u00e9dibles m\u00eame si vous n\u2019\u00eates pas encore des saints, et vous toucherez le c\u0153ur de personnes qui sont au plus loin, gagnerez leur confiance et leur ferez rencontrer J\u00e9sus\u00bb, a-t-il poursuivi. \u00abJe vous invite \u00e0 cultiver la fraternit\u00e9 sacerdotale entre vous, \u00e0 maintenir un \u00e9troit lien de charit\u00e9 avec vos \u00e9v\u00eaques et \u00e0 prier sans cesse pour l\u2019unit\u00e9 de l\u2019\u00c9glise. Que le Saint-Esprit vous aide \u00e0 renouveler chaque jour le don g\u00e9n\u00e9reux que vous avez fait de vous-m\u00eames au Seigneur le jour de votre ordination\u00bb, a conclu le Successeur de Pierre, implorant sur les pr\u00eatres d\u2019\u00cele-de-France la protection de Notre-Dame, et l\u2019intercession de tous les saints pr\u00eatres et \u00e9v\u00eaques de Paris qui les ont pr\u00e9c\u00e9d\u00e9s, et leur accordant \u00abde grand c\u0153ur\u00bb sa b\u00e9n\u00e9diction apostolique.<\/p>\n<p>Au cours de cette journ\u00e9e, les pr\u00eatres d\u2019Ile-de-France \u00e9taient invit\u00e9s \u00e0 se r\u00e9unir en huit lieux des diff\u00e9rents dioc\u00e8ses, choisis pour leur signification spirituelle, pour un temps d\u2019enseignement avec leurs \u00e9v\u00eaques et un partage fraternel sur le d\u00e9cret\u00a0Presbyterorum ordinis\u00a0sur le minist\u00e8re et la vie des pr\u00eatres, promulgu\u00e9 par le Pape Paul VI en 1965. Ils ont ensuite converg\u00e9 vers la cath\u00e9drale Notre-Dame de Paris pour y vivre une d\u00e9marche jubilaire et y c\u00e9l\u00e9brer ensemble la messe, \u00e0 16 heures.<\/p>\n<p>     <a href=\"https:\/\/www.vaticannews.va\/fr\/pape\/news\/2025-05\/terre-chretienne-france-pape-leon-xiv-espere-renouveau-mission.html\" title=\"Sur la terre de France, le Pape L\u00e9on XIV esp\u00e8re un renouveau missionnaire \" rel=\"nofollow noopener\" target=\"_blank\"><\/p>\n<p>        <img decoding=\"async\" src=\"data:image\/gif;base64,R0lGODlhAQABAIAAAAAAAP\/\/\/yH5BAEAAAAALAAAAAABAAEAAAIBRAA7\" data-original=\"https:\/\/www.vaticannews.va\/content\/dam\/vaticannews\/agenzie\/images\/srv\/2025\/05\/31\/2025-05-31-santa-messa-con-ordinazioni-sacerdotali\/1748679423655.JPG\/_jcr_content\/renditions\/cq5dam.thumbnail.cropped.500.281.jpeg\" alt=\"Sur la terre de France, le Pape L\u00e9on XIV esp\u00e8re un renouveau missionnaire \"\/><\/p>\n<p>      <\/a><\/p>\n<p>\n      \u00c0 l\u2019occasion du centenaire de canonisation de trois saints fran\u00e7ais, le Pape L\u00e9on XIV \u00e9voque \u00abl\u2019h\u00e9ritage chr\u00e9tien\u00bb de la France qui \u00abimpr\u00e8gne encore profond\u00e9ment la culture &#8230;\n     <\/p>\n","protected":false},"excerpt":{"rendered":"Nouvelle attention du Souverain pontife \u00e0 l&rsquo;\u00c9glise de France. Apr\u00e8s avoir encourag\u00e9 ses \u00e9v\u00eaques \u00e0 r\u00e9veiller l&rsquo;esp\u00e9rance et&hellip;\n","protected":false},"author":2,"featured_media":154614,"comment_status":"","ping_status":"","sticky":false,"template":"","format":"standard","meta":{"footnotes":""},"categories":[1592],"tags":[1111,11,8305,1777,674,1011,27,662,4693,12889,13600,12,20114,626,11383,25,18491],"class_list":{"0":"post-154613","1":"post","2":"type-post","3":"status-publish","4":"format-standard","5":"has-post-thumbnail","7":"category-ile-de-france","8":"tag-actu","9":"tag-actualites","10":"tag-eglise-catholique","11":"tag-eu","12":"tag-europe","13":"tag-fr","14":"tag-france","15":"tag-ile-de-france","16":"tag-jubile","17":"tag-message","18":"tag-messe","19":"tag-news","20":"tag-pape-leon-xiv","21":"tag-paris","22":"tag-pretres","23":"tag-republique-francaise","24":"tag-vocations"},"share_on_mastodon":{"url":"https:\/\/pubeurope.com\/@fr\/114632243526828508","error":""},"_links":{"self":[{"href":"https:\/\/www.europesays.com\/fr\/wp-json\/wp\/v2\/posts\/154613","targetHints":{"allow":["GET"]}}],"collection":[{"href":"https:\/\/www.europesays.com\/fr\/wp-json\/wp\/v2\/posts"}],"about":[{"href":"https:\/\/www.europesays.com\/fr\/wp-json\/wp\/v2\/types\/post"}],"author":[{"embeddable":true,"href":"https:\/\/www.europesays.com\/fr\/wp-json\/wp\/v2\/users\/2"}],"replies":[{"embeddable":true,"href":"https:\/\/www.europesays.com\/fr\/wp-json\/wp\/v2\/comments?post=154613"}],"version-history":[{"count":0,"href":"https:\/\/www.europesays.com\/fr\/wp-json\/wp\/v2\/posts\/154613\/revisions"}],"wp:featuredmedia":[{"embeddable":true,"href":"https:\/\/www.europesays.com\/fr\/wp-json\/wp\/v2\/media\/154614"}],"wp:attachment":[{"href":"https:\/\/www.europesays.com\/fr\/wp-json\/wp\/v2\/media?parent=154613"}],"wp:term":[{"taxonomy":"category","embeddable":true,"href":"https:\/\/www.europesays.com\/fr\/wp-json\/wp\/v2\/categories?post=154613"},{"taxonomy":"post_tag","embeddable":true,"href":"https:\/\/www.europesays.com\/fr\/wp-json\/wp\/v2\/tags?post=154613"}],"curies":[{"name":"wp","href":"https:\/\/api.w.org\/{rel}","templated":true}]}}