{"id":154615,"date":"2025-06-05T18:46:08","date_gmt":"2025-06-05T18:46:08","guid":{"rendered":"https:\/\/www.europesays.com\/fr\/154615\/"},"modified":"2025-06-05T18:46:08","modified_gmt":"2025-06-05T18:46:08","slug":"le-domicile-de-la-militante-ecologiste-claire-nouvian-vandalise-a-paris","status":"publish","type":"post","link":"https:\/\/www.europesays.com\/fr\/154615\/","title":{"rendered":"le domicile de la militante \u00e9cologiste Claire Nouvian vandalis\u00e9 \u00e0 Paris"},"content":{"rendered":"<p>            Par<br \/>\n        <strong><br \/>\n            <a href=\"https:\/\/actu.fr\/auteur\/thomas-martin\" title=\"Consulter tous les articles de Thomas Martin\" rel=\"nofollow noopener\" target=\"_blank\">Thomas Martin<\/a><br \/>\n        <\/strong><\/p>\n<p>        Publi\u00e9 le<\/p>\n<p>            5 juin 2025 \u00e0 20h27        <\/p>\n<p>Un jet de peinture noire sur la porte de son appartement. Sur Instagram, <strong>Claire Nouvian<\/strong>, fondatrice de l\u2019ONG\u00a0 Bloom, sp\u00e9cialis\u00e9e dans la protection des oc\u00e9ans, a diffus\u00e9 mercredi 4 juin, une vid\u00e9o de la porte grise de son appartement et du paillasson badigeonn\u00e9s de peinture noire. Sur la vid\u00e9o appara\u00eet la mention: \u00ab\u00a0Ils se sont introduits chez moi. Ma fille est en larmes. La <a href=\"https:\/\/actu.fr\/tag\/police\" rel=\"nofollow noopener\" target=\"_blank\">police<\/a> arrive\u00a0\u00bb, tandis que l\u2019on entend sa fille pleurer. En commentaire, Mme Nouvian a ajout\u00e9 : \u00ab\u00a0Cette nuit, des individus se sont introduits dans mon immeuble \u2014 malgr\u00e9 les deux codes de s\u00e9curit\u00e9 \u00e0 l\u2019entr\u00e9e \u2014 et ils ont fait \u00e7a. Ma fille est terroris\u00e9e\u00a0\u00bb.<\/p>\n<p class=\" wall-content\"><a href=\"https:\/\/www.instagram.com\/p\/DKetYoDCttW\/embed\" title=\"Ouvrir le lien sur Instagram\" rel=\"nofollow noopener\" target=\"_blank\">Visualiser le contenu sur Instagram<\/a><\/p>\n<p>Claire Nouvian demande une protection polici\u00e8re<\/p>\n<p class=\" wall-content\">\u00ab\u00a0Une enqu\u00eate du chef de d\u00e9gradations a \u00e9t\u00e9 confi\u00e9e au commissariat du 12e arrondissement suite aux faits constat\u00e9s et d\u00e9nonc\u00e9s par Mme Nouvian. Les constatations ont \u00e9t\u00e9 r\u00e9alis\u00e9es et les investigations se poursuivent\u00a0\u00bb, a indiqu\u00e9 le minist\u00e8re public, sollicit\u00e9 par l\u2019AFP.<\/p>\n<p class=\" wall-content\">\u00ab\u00a0Je ne sais pas si tout le monde r\u00e9alise la gravit\u00e9 de ces actes. Si des limites ne sont pas pos\u00e9es imm\u00e9diatement, jusqu\u2019o\u00f9 iront-ils la prochaine fois ?\u00a0\u00bb, lance Mme Nouvian, demandant \u00ab\u00a0une enqu\u00eate et une protection polici\u00e8re imm\u00e9diates\u00a0\u00bb.<\/p>\n<p>Les lobbies de la p\u00eache accus\u00e9s<\/p>\n<p class=\" wall-content\">Pour elle, \u00ab\u00a0ce d\u00e9cha\u00eenement de violences n\u2019est pas un hasard : les lobbies de la p\u00eache industrielle essaient de me faire taire car la Conf\u00e9rence cruciale de l\u2019ONU sur l\u2019oc\u00e9an d\u00e9marre dans 5 jours \u00e0 Nice\u00a0\u00bb.<\/p>\n<p class=\" wall-content\">\u00ab\u00a0Ils savent que nous sommes \u00e0 deux doigts de remporter une victoire d\u00e9cisive : l\u2019interdiction du chalutage \u2014 la technique de p\u00eache la plus destructrice de l\u2019histoire \u2014 dans les aires marines dites \u2018prot\u00e9g\u00e9es&rsquo;\u00a0\u00bb, a encore dit Mme Nouvian.<\/p>\n<p>Vid\u00e9os : en ce moment sur Actu<\/p>\n<p class=\" wall-content\">Pour le directeur juridique de Bloom, \u00ab\u00a0ces faits interviennent dans un contexte de r\u00e9elle intensification d\u2019actes malveillants et de harc\u00e8lement contre Bloom et Claire Nouvian, en ligne ou \u00e0 des \u00e9v\u00e8nements, ces derniers mois\u00a0\u00bb.<\/p>\n<p class=\" wall-content\"><strong>Avec AFP<\/strong><\/p>\n<p class=\" wall-content\">Suivez toute l\u2019actualit\u00e9 de vos villes et m\u00e9dias favoris en vous inscrivant \u00e0 <a href=\"https:\/\/moncompte.actu.fr\" title=\"D\u00e9couvez Mon Actu\" rel=\"nofollow noopener\" data-trk=\"{&quot;cta&quot;:{&quot;action&quot;:&quot;https:\\\/\\\/moncompte.actu.fr&quot;,&quot;category&quot;:&quot;mon compte&quot;,&quot;from&quot;:&quot;article footer&quot;,&quot;name&quot;:&quot;Mon actu&quot;,&quot;type&quot;:&quot;cta&quot;}}\" target=\"_blank\">Mon Actu<\/a>.<\/p>\n<p>                    <script async src=\"\/\/www.instagram.com\/embed.js\"><\/script><\/p>\n","protected":false},"excerpt":{"rendered":"Par Thomas Martin Publi\u00e9 le 5 juin 2025 \u00e0 20h27 Un jet de peinture noire sur la porte&hellip;\n","protected":false},"author":2,"featured_media":154616,"comment_status":"","ping_status":"","sticky":false,"template":"","format":"standard","meta":{"footnotes":""},"categories":[1888],"tags":[1111,1928,11,1927,436,1777,674,118,1011,27,12,1926,626,1925,25],"class_list":{"0":"post-154615","1":"post","2":"type-post","3":"status-publish","4":"format-standard","5":"has-post-thumbnail","7":"category-paris","8":"tag-actu","9":"tag-actu-paris","10":"tag-actualites","11":"tag-actualites-paris","12":"tag-environnement","13":"tag-eu","14":"tag-europe","15":"tag-faits-divers","16":"tag-fr","17":"tag-france","18":"tag-news","19":"tag-news-paris","20":"tag-paris","21":"tag-paris-news","22":"tag-republique-francaise"},"share_on_mastodon":{"url":"https:\/\/pubeurope.com\/@fr\/114632247408511211","error":""},"_links":{"self":[{"href":"https:\/\/www.europesays.com\/fr\/wp-json\/wp\/v2\/posts\/154615","targetHints":{"allow":["GET"]}}],"collection":[{"href":"https:\/\/www.europesays.com\/fr\/wp-json\/wp\/v2\/posts"}],"about":[{"href":"https:\/\/www.europesays.com\/fr\/wp-json\/wp\/v2\/types\/post"}],"author":[{"embeddable":true,"href":"https:\/\/www.europesays.com\/fr\/wp-json\/wp\/v2\/users\/2"}],"replies":[{"embeddable":true,"href":"https:\/\/www.europesays.com\/fr\/wp-json\/wp\/v2\/comments?post=154615"}],"version-history":[{"count":0,"href":"https:\/\/www.europesays.com\/fr\/wp-json\/wp\/v2\/posts\/154615\/revisions"}],"wp:featuredmedia":[{"embeddable":true,"href":"https:\/\/www.europesays.com\/fr\/wp-json\/wp\/v2\/media\/154616"}],"wp:attachment":[{"href":"https:\/\/www.europesays.com\/fr\/wp-json\/wp\/v2\/media?parent=154615"}],"wp:term":[{"taxonomy":"category","embeddable":true,"href":"https:\/\/www.europesays.com\/fr\/wp-json\/wp\/v2\/categories?post=154615"},{"taxonomy":"post_tag","embeddable":true,"href":"https:\/\/www.europesays.com\/fr\/wp-json\/wp\/v2\/tags?post=154615"}],"curies":[{"name":"wp","href":"https:\/\/api.w.org\/{rel}","templated":true}]}}