{"id":154621,"date":"2025-06-05T18:49:09","date_gmt":"2025-06-05T18:49:09","guid":{"rendered":"https:\/\/www.europesays.com\/fr\/154621\/"},"modified":"2025-06-05T18:49:09","modified_gmt":"2025-06-05T18:49:09","slug":"le-parquet-de-paris-annonce-louverture-dune-enquete-liberation","status":"publish","type":"post","link":"https:\/\/www.europesays.com\/fr\/154621\/","title":{"rendered":"le parquet de Paris annonce l\u2019ouverture d\u2019une enqu\u00eate \u2013 Lib\u00e9ration"},"content":{"rendered":"<p class=\"sc-ksZaOG ehjQrN text-element\">Un jet de peinture noire, et une grosse inqui\u00e9tude. Une enqu\u00eate a \u00e9t\u00e9 ouverte apr\u00e8s la plainte de <a href=\"https:\/\/www.liberation.fr\/france\/2018\/06\/26\/claire-nouvian-garde-la-peche_1662061\/\" target=\"_blank\" rel=\"noreferrer nofollow noopener\" title=\"https:\/\/www.liberation.fr\/france\/2018\/06\/26\/claire-nouvian-garde-la-peche_1662061\/\">Claire Nouvian, qui a fond\u00e9 l\u2019ONG Bloom<\/a>, sp\u00e9cialis\u00e9e dans la protection des oc\u00e9ans, a indiqu\u00e9 le parquet de Paris ce jeudi 5 juin. La veille, la militante \u00e9cologiste avait d\u00e9couvert la porte de son appartement et son paillasson badigeonn\u00e9s de peinture noire, et avait diffus\u00e9 une vid\u00e9o sur Instagram portant la mention : \u00abils se sont introduits chez moi. Ma fille est en larmes. La police arrive\u00bb, tandis que l\u2019on entend sa fille pleurer.<\/p>\n<p class=\"sc-ksZaOG ehjQrN text-element\">\u00abUne enqu\u00eate du chef de d\u00e9gradations a \u00e9t\u00e9 confi\u00e9e au commissariat du XIIe arrondissement suite aux faits constat\u00e9s et d\u00e9nonc\u00e9s par madame Nouvian. Les constatations ont \u00e9t\u00e9 r\u00e9alis\u00e9es et les investigations se poursuivent\u00bb, a pr\u00e9cis\u00e9 le minist\u00e8re public.<\/p>\n<p class=\"sc-ksZaOG ehjQrN text-element\">Contact\u00e9e par t\u00e9l\u00e9phone, Claire Nouvian a confi\u00e9 mercredi sa col\u00e8re et ses craintes \u00e0 <a href=\"https:\/\/www.liberation.fr\/environnement\/cest-une-campagne-de-diffamation-et-de-harcelement-la-porte-du-domicile-de-la-militante-ecologiste-claire-nouvian-vandalisee-20250604_VPED7DQPVJESHO42LVN6Z4E6TU\/\" target=\"_blank\" rel=\"noreferrer nofollow noopener\" title=\"https:\/\/www.liberation.fr\/environnement\/cest-une-campagne-de-diffamation-et-de-harcelement-la-porte-du-domicile-de-la-militante-ecologiste-claire-nouvian-vandalisee-20250604_VPED7DQPVJESHO42LVN6Z4E6TU\/\">Lib\u00e9ration<\/a>. \u00abPour arriver l\u00e0, il fallait franchir deux digipass. \u00c7a cr\u00e9e d\u00e9sormais une angoisse absolue, a-t-elle expliqu\u00e9. A chaque fois que l\u2019on va rentrer, on saura que ceux qui ont fait \u00e7a ont les codes. De toute \u00e9vidence, ils peuvent rentrer chez moi, ils peuvent tout d\u00e9foncer, ils peuvent venir nous tuer dans notre lit.\u00bb<\/p>\n<p class=\"sc-ksZaOG ehjQrN text-element\">Pour elle, il ne peut s\u2019agir que d\u2019une \u00abattaque des lobbys de <a href=\"https:\/\/www.liberation.fr\/idees-et-debats\/editorial\/sommet-international-sur-les-oceans-lheure-est-aux-decisions-fortes-20250605_RDAN6BAVORHYHPYKFBOXPTNWLY\/\" target=\"_blank\" rel=\"noreferrer nofollow noopener\" title=\"https:\/\/www.liberation.fr\/idees-et-debats\/editorial\/sommet-international-sur-les-oceans-lheure-est-aux-decisions-fortes-20250605_RDAN6BAVORHYHPYKFBOXPTNWLY\/\">la p\u00eache industrielle<\/a>\u00bb. \u00abIls savent que nous sommes \u00e0 deux doigts de remporter une victoire d\u00e9cisive : l\u2019interdiction du chalutage \u2014 la technique de p\u00eache la plus destructrice de l\u2019histoire \u2014 dans les aires marines dites prot\u00e9g\u00e9es\u00bb, a-t-elle par ailleurs d\u00e9clar\u00e9.<\/p>\n<p class=\"sc-ksZaOG ehjQrN text-element\">Pour le directeur juridique de Bloom, \u00abces faits interviennent dans un contexte de r\u00e9elle intensification d\u2019actes malveillants et de harc\u00e8lement contre Bloom et Claire Nouvian, en ligne ou \u00e0 des \u00e9v\u00e8nements, ces derniers mois\u00bb.<\/p>\n","protected":false},"excerpt":{"rendered":"Un jet de peinture noire, et une grosse inqui\u00e9tude. Une enqu\u00eate a \u00e9t\u00e9 ouverte apr\u00e8s la plainte de&hellip;\n","protected":false},"author":2,"featured_media":154622,"comment_status":"","ping_status":"","sticky":false,"template":"","format":"standard","meta":{"footnotes":""},"categories":[1888],"tags":[11,5253,1777,674,118,1011,27,12,12687,626,25],"class_list":{"0":"post-154621","1":"post","2":"type-post","3":"status-publish","4":"format-standard","5":"has-post-thumbnail","7":"category-paris","8":"tag-actualites","9":"tag-biodiversite-cest-la-sante","10":"tag-eu","11":"tag-europe","12":"tag-faits-divers","13":"tag-fr","14":"tag-france","15":"tag-news","16":"tag-oceans","17":"tag-paris","18":"tag-republique-francaise"},"share_on_mastodon":{"url":"https:\/\/pubeurope.com\/@fr\/114632259270875923","error":""},"_links":{"self":[{"href":"https:\/\/www.europesays.com\/fr\/wp-json\/wp\/v2\/posts\/154621","targetHints":{"allow":["GET"]}}],"collection":[{"href":"https:\/\/www.europesays.com\/fr\/wp-json\/wp\/v2\/posts"}],"about":[{"href":"https:\/\/www.europesays.com\/fr\/wp-json\/wp\/v2\/types\/post"}],"author":[{"embeddable":true,"href":"https:\/\/www.europesays.com\/fr\/wp-json\/wp\/v2\/users\/2"}],"replies":[{"embeddable":true,"href":"https:\/\/www.europesays.com\/fr\/wp-json\/wp\/v2\/comments?post=154621"}],"version-history":[{"count":0,"href":"https:\/\/www.europesays.com\/fr\/wp-json\/wp\/v2\/posts\/154621\/revisions"}],"wp:featuredmedia":[{"embeddable":true,"href":"https:\/\/www.europesays.com\/fr\/wp-json\/wp\/v2\/media\/154622"}],"wp:attachment":[{"href":"https:\/\/www.europesays.com\/fr\/wp-json\/wp\/v2\/media?parent=154621"}],"wp:term":[{"taxonomy":"category","embeddable":true,"href":"https:\/\/www.europesays.com\/fr\/wp-json\/wp\/v2\/categories?post=154621"},{"taxonomy":"post_tag","embeddable":true,"href":"https:\/\/www.europesays.com\/fr\/wp-json\/wp\/v2\/tags?post=154621"}],"curies":[{"name":"wp","href":"https:\/\/api.w.org\/{rel}","templated":true}]}}