{"id":154623,"date":"2025-06-05T18:50:12","date_gmt":"2025-06-05T18:50:12","guid":{"rendered":"https:\/\/www.europesays.com\/fr\/154623\/"},"modified":"2025-06-05T18:50:12","modified_gmt":"2025-06-05T18:50:12","slug":"yulia-navalnaya-nous-devons-retrousser-nos-manches-ensemble-pour-faire-barrage-a-poutine","status":"publish","type":"post","link":"https:\/\/www.europesays.com\/fr\/154623\/","title":{"rendered":"Yulia Navalnaya: \u00abNous devons retrousser nos manches, ensemble, pour faire barrage \u00e0 Poutine\u00bb"},"content":{"rendered":"<p>              <a tabindex=\"-1\" title=\"Val\u00e9rie de Graffenried\" href=\"https:\/\/www.letemps.ch\/profil\/valerie-de-graffenried\" target=\"_blank\" rel=\"noopener\"><\/p>\n<p>                    <img decoding=\"async\" src=\"https:\/\/www.europesays.com\/fr\/wp-content\/uploads\/2025\/04\/1744793291_698_small.jpeg\" class=\"lazy\" alt=\"\"\/><\/p>\n<p><\/a>        <\/p>\n<p>    Publi\u00e9 le 05 juin 2025 \u00e0 19:39. \/ Modifi\u00e9 le 05 juin 2025 \u00e0 20:36.<\/p>\n<p> 4 min. de lecture<\/p>\n<p class=\"article__abstract-call-to-action\" data-ariato=\"TrackableElement\" data-trackable-element-type=\"article_abstract_cta\" data-trackable-element-location=\"article_header\" data-trackable-element-id=\"497062\">\n          <a data-event=\"click-&gt;clicked\" href=\"https:\/\/www.letemps.ch\/abonnements\" target=\"_blank\" rel=\"noopener\">Abonnez-vous<\/a> pour acc\u00e9der au r\u00e9sum\u00e9 en 20 secondes.\n        <\/p>\n<p>Elle ne baissera jamais les bras. Yulia Navalnaya, la veuve de l\u2019opposant russe Alexe\u00ef Navalny qui aurait f\u00eat\u00e9 ses 49\u00a0ans mercredi, est revenue \u00e0 Bruxelles pour d\u00e9noncer le r\u00e9gime de Vladimir Poutine et les agissements du Kremlin pour \u00e9touffer toute dissidence.\u00a0Elle s\u2019est exprim\u00e9e devant des eurod\u00e9put\u00e9s, invit\u00e9e notamment par la Commission des affaires \u00e9trang\u00e8res\u00a0du Parlement europ\u00e9en. Et elle n\u2019est pas venue seule. A ses c\u00f4t\u00e9s, deux hommes: Vladimir Kara-Mourza, militant russo-britannique, et l\u2019opposant et ex-d\u00e9put\u00e9 Ilia Iachine, qui ont tous deux connu les ge\u00f4les de Poutine.<\/p>\n<p>La derni\u00e8re fois que Yulia Navalnaya s\u2019exprimait \u00e0 Bruxelles, c\u2019\u00e9tait en f\u00e9vrier 2024, quelques jours seulement apr\u00e8s la mort de son mari, d\u00e9c\u00e9d\u00e9 dans une colonie p\u00e9nitentiaire de l\u2019Arctique, dans des circonstances troubles, alors qu\u2019il purgeait une peine de 19\u00a0ans de prison pour \u00abextr\u00e9misme\u00bb. Elle avait accus\u00e9 le \u00abdictateur\u00bb Vladimir Poutine d\u2019avoir orchestr\u00e9 le \u00abmeurtre\u00bb de son \u00e9poux et appel\u00e9 les eurod\u00e9put\u00e9s \u00e0 r\u00e9agir. \u00abSi vous voulez vraiment vaincre Poutine, vous devez cesser d\u2019\u00eatre ennuyeux, leur avait-elle ass\u00e9n\u00e9. Vous n\u2019avez pas affaire \u00e0 un homme politique mais \u00e0 un monstre sanguinaire!\u00bb<\/p>\n","protected":false},"excerpt":{"rendered":"Publi\u00e9 le 05 juin 2025 \u00e0 19:39. \/ Modifi\u00e9 le 05 juin 2025 \u00e0 20:36. 4 min. de&hellip;\n","protected":false},"author":2,"featured_media":154624,"comment_status":"","ping_status":"","sticky":false,"template":"","format":"standard","meta":{"footnotes":""},"categories":[1591],"tags":[11,1887,303,12,301,1885,1886,132,220,364,135],"class_list":{"0":"post-154623","1":"post","2":"type-post","3":"status-publish","4":"format-standard","5":"has-post-thumbnail","7":"category-russie","8":"tag-actualites","9":"tag-federation-de-russie","10":"tag-justice","11":"tag-news","12":"tag-premium","13":"tag-russia","14":"tag-russian-federation","15":"tag-russie","16":"tag-ukraine","17":"tag-union-europeenne","18":"tag-vladimir-poutine"},"share_on_mastodon":{"url":"https:\/\/pubeurope.com\/@fr\/114632263262445067","error":""},"_links":{"self":[{"href":"https:\/\/www.europesays.com\/fr\/wp-json\/wp\/v2\/posts\/154623","targetHints":{"allow":["GET"]}}],"collection":[{"href":"https:\/\/www.europesays.com\/fr\/wp-json\/wp\/v2\/posts"}],"about":[{"href":"https:\/\/www.europesays.com\/fr\/wp-json\/wp\/v2\/types\/post"}],"author":[{"embeddable":true,"href":"https:\/\/www.europesays.com\/fr\/wp-json\/wp\/v2\/users\/2"}],"replies":[{"embeddable":true,"href":"https:\/\/www.europesays.com\/fr\/wp-json\/wp\/v2\/comments?post=154623"}],"version-history":[{"count":0,"href":"https:\/\/www.europesays.com\/fr\/wp-json\/wp\/v2\/posts\/154623\/revisions"}],"wp:featuredmedia":[{"embeddable":true,"href":"https:\/\/www.europesays.com\/fr\/wp-json\/wp\/v2\/media\/154624"}],"wp:attachment":[{"href":"https:\/\/www.europesays.com\/fr\/wp-json\/wp\/v2\/media?parent=154623"}],"wp:term":[{"taxonomy":"category","embeddable":true,"href":"https:\/\/www.europesays.com\/fr\/wp-json\/wp\/v2\/categories?post=154623"},{"taxonomy":"post_tag","embeddable":true,"href":"https:\/\/www.europesays.com\/fr\/wp-json\/wp\/v2\/tags?post=154623"}],"curies":[{"name":"wp","href":"https:\/\/api.w.org\/{rel}","templated":true}]}}